{"id":281041,"date":"2026-08-30T15:45:11","date_gmt":"2026-08-30T15:45:11","guid":{"rendered":"https:\/\/www.europesays.com\/ro\/281041\/"},"modified":"2026-08-30T15:45:11","modified_gmt":"2026-08-30T15:45:11","slug":"fostul-capitan-al-rapidului-nicolae-stanciu-condamnat-la-inchisoare-cu-suspendare-dupa-ce-a-fost-prins-baut-la-volan-a-recunoscut-tot","status":"publish","type":"post","link":"https:\/\/www.europesays.com\/ro\/281041\/","title":{"rendered":"Fostul c\u0103pitan al Rapidului, Nicolae Stanciu, condamnat la \u00eenchisoare cu suspendare, dup\u0103 ce a fost prins b\u0103ut la volan! A recunoscut tot"},"content":{"rendered":"<p>\t    <img loading=\"lazy\" decoding=\"async\" class=\"mg-x-auto\" width=\"30\" height=\"30\" src=\"https:\/\/www.europesays.com\/ro\/wp-content\/uploads\/2026\/08\/1788104710_257_google-g.png\" alt=\"\"\/><\/p>\n<p id=\"p-0\">Nicolae Stanciu (52 ani), fostul c\u0103pitan al Rapidului, va fi condamnat la \u00eenchisoare, cu suspendare, dup\u0103 ce \u0219i-a recunoscut vinov\u0103\u021bia \u00een dosarul \u00een care este acuzat c\u0103 a condus b\u0103ut pe str\u0103zile din Bucure\u0219ti \u0219i a provocat un accident rutier.<\/p>\n<p id=\"p-1\">Potrivit <a style=\"color: #000000;\" href=\"https:\/\/www.g4media.ro\/exclusiv-nicolae-stanciu-legenda-a-echipei-de-fotbal-rapid-acord-de-recunoastere-a-vinovatiei-dupa-ce-a-fost-prins-baut-la-volan-condamnare-la-un-an-si-o-luna-de-inchisoare-cu-suspendare.html?fbclid=IwY2xjawUBADpwZG9mA2V4dG4DYWVtAjExAHNydGMGYXBwX2lkATAAAR7Vm_a7nU4a3CxlDVrFK-VhdWAy_N7ZGhXNRY99KDZcP83oFoGl5NAxJ8qO6w_aem_rebTlEDij5WEveqWznuLgA\" target=\"_blank\" rel=\"noopener nofollow\">G4Media<\/a>, pentru recunoa\u0219terea vinov\u0103\u021biei \u00een fa\u021ba procurorului de caz, Stanciu va primi o condamnare de 13 luni, urm\u00e2nd s\u0103 fie supus \u0219i unei perioade de supraveghere de 30 de luni.<\/p>\n<p>Fostul c\u0103pitan al Rapidului, Nicolae Stanciu, condamnat la \u00eenchisoare cu suspendare<\/p>\n<p id=\"p-2\">Nicolae Stanciu, care \u00een ianuarie 2026 a fost prins b\u0103ut la volan \u0219i<a style=\"color: #0000ff;\" href=\"https:\/\/www.prosport.ro\/diverse\/legendarul-rapidist-nae-stanciu-a-fost-incatusat-dupa-ce-a-facut-accident-in-bucuresti-avea-alcoolemie-de-104-mg-l-20366979?fbclid=IwY2xjawUBAEZwZG9mA2V4dG4DYWVtAjExAHNydGMGYXBwX2lkATAAAR5YRoSHGBGqFba_ZYUofvlZylNTWsPR_JHLYiCfu9fO31frJ4NiV1hTBRR9zQ_aem_7SXAr5dCsKoJ5OnTvyhlNQ\" rel=\"nofollow noopener\" target=\"_blank\"> \u00eenc\u0103tu\u0219at dup\u0103 ce devenise agresiv fizic \u0219i verbal cu oamenii legii<\/a>, va fi condamnat la \u00eenchisoare, cu suspendare.<\/p>\n<p>                <a href=\"https:\/\/www.prosport.ro\/poze\/nicolae-stanciu-rapid-condamnare-inchisoare-suspendare-baut-la-volan-20513808\" rel=\"nofollow noopener\" target=\"_blank\">&#13;<br \/>\n                                            <img decoding=\"async\" loading=\"lazy\" fetchpriority=\"low\" src=\"https:\/\/www.europesays.com\/ro\/wp-content\/uploads\/2026\/08\/https:\/\/www.prosport.ro\/wp-content\/uploads\/2024\/09\/nae-stanciu.jpg\" width=\"458\" height=\"305\"\/>&#13;<br \/>\n                                    <\/a><\/p>\n<p>                <a href=\"https:\/\/www.prosport.ro\/poze\/nicolae-stanciu-rapid-condamnare-inchisoare-suspendare-baut-la-volan-20513808\" rel=\"nofollow noopener\" target=\"_blank\">&#13;<br \/>\n                                            <img decoding=\"async\" loading=\"lazy\" fetchpriority=\"low\" src=\"https:\/\/www.europesays.com\/ro\/wp-content\/uploads\/2026\/08\/https:\/\/www.prosport.ro\/wp-content\/uploads\/2024\/09\/nae-stanciu-1.jpg\" width=\"227\" height=\"151\"\/>&#13;<br \/>\n                                    <\/a><\/p>\n<p id=\"p-3\">Fostul c\u0103pitan al giule\u0219tenilor a semnat acordul de recunoa\u0219tere a vinov\u0103\u021biei, care a fost \u00eenregistrat luna trecut\u0103, la Judec\u0103toria Sectorului 2, iar termenul de judecat\u0103 a fost stabilit pentru 6 octombrie.<\/p>\n<p id=\"p-4\">Potrivit unui document consultat de sursa men\u021bionat\u0103 anterior, Stanciu a fost prins conduc\u00e2nd pe o strad\u0103 din Sectorul 2, \u201eav\u00e2nd \u00een s\u00e2nge o \u00eembba\u021bie alcoolic\u0103 de peste 0,80 g \u2030 alcool pur \u00een s\u00e2nge (prima prob\u0103 recoltat\u0103 la ora 16.40 a avut o valoare a alcoolemiei de 2.34 g\u2030, iar a doua prob\u0103 recoltat\u0103 la ora 17.40 a avut valoarea de 2.18 g\u2030, conform Buletinului de Analiz\u0103 Toxicologic\u0103)\u201d.<\/p>\n<p id=\"p-5\">\u00cen cazul \u00een care instan\u021ba va aproba acordul de recunoa\u0219tere a vinov\u0103\u021biei, Stanciu va primi o condamnare de 13 luni, cu suspendare.<\/p>\n<p id=\"p-6\">Pe l\u00e2ng\u0103 aceast\u0103 condamnare, Stanciu va fi avea \u0219i o perioad\u0103 de supraveghere de doi ani \u0219i jum\u0103tate, pentru s\u0103v\u00e2r\u0219irea infrac\u021biunii de conducere a unui vehicul sub influen\u021ba alcoolului sau a altor substan\u021be, urm\u00e2nd s\u0103 fie obligat s\u0103 presteze munc\u0103 nerenumerat\u0103 \u00een folosul comunit\u0103\u021bii, timp de 60 de zile, \u00een cadrul Institulului Na\u021bional de Medicin\u0103 Legal\u0103 \u201eMina Minovici\u201d sau a Direc\u021biei Generale de Asisten\u021b\u0103 Social\u0103 \u0219i Protec\u021bie a Copilului Sector 6.<\/p>\n<p id=\"p-7\">Potrivit G4Media, care citeaz\u0103 portalul Agen\u021biei Na\u021bionale de Integritate, p\u00e2n\u0103 \u00een urm\u0103 cu c\u00e2\u021biva ani, Nicolae Stanciu a fost poli\u021bist local \u00een Sectorul 1.<\/p>\n<p>Nicolae Stanciu, retras din activitate \u00een 2004<\/p>\n<p id=\"p-8\">De-a lungul carierei sale sportive, Nicolae Stanciu a jucat la Rapid, unde a ajuns \u00een 1990, ca \u00een 2002 s\u0103 \u00ee\u0219i fac\u0103 debutul \u00een fotbalul interna\u021bional, prin semnarea contractului cu ru\u0219ii de la Anzhi Makhachkala.<\/p>\n<p id=\"p-9\">Dup\u0103 un sezon \u00een care a evoluat \u0103n Rusia, Stanciu a revenit \u00een \u021bar\u0103 \u0219i a semnat cu Bihor Oradea, de unde s-a \u0219i retras, \u00een 2004.<\/p>\n<p id=\"p-10\">Pentru Rapid, Stanciu a jucat \u00een 323 de meciuri, fiind fotbalistul cu cele mai multe apari\u021bii \u00een tricoul \u201eferoviarilor\u201d bucure\u0219teni.<\/p>\n<p id=\"p-11\">El este urmat de Ilie Greavu, cu 294 de meciuri jucate \u00een Giule\u0219ti, Constantin N\u0103sturescu, cu 288 de apari\u021bii, \u0219i Daniel Pancu, cu 265 de partide. Acesta din urm\u0103 este <a style=\"color: #0000ff;\" href=\"https:\/\/www.prosport.ro\/fotbal-intern\/superliga\/scenografie-fabuloasa-la-revenirea-lui-daniel-pancu-in-giulesti-la-meciul-rapid-sepsi-20487828\" rel=\"nofollow noopener\" target=\"_blank\">actualul antrenor al giule\u0219tenilor<\/a>.<\/p>\n","protected":false},"excerpt":{"rendered":"Nicolae Stanciu (52 ani), fostul c\u0103pitan al Rapidului, va fi condamnat la \u00eenchisoare, cu suspendare, dup\u0103 ce \u0219i-a&hellip;\n","protected":false},"author":2,"featured_media":281042,"comment_status":"","ping_status":"","sticky":false,"template":"","format":"standard","meta":{"footnotes":"","_share_on_mastodon":"0"},"categories":[10],"tags":[32,33,31,77455,36,37,27,11017,34,35,25,635,6410,41,40,38,39,26,28,29,30],"class_list":["post-281041","post","type-post","status-publish","format-standard","has-post-thumbnail","category-romania","tag-breaking-news","tag-breakingnews","tag-cele-mai-populare-subiecte","tag-condamnare-cu-suspendare","tag-featured-news","tag-featurednews","tag-headlines","tag-influenta","tag-latest-news","tag-latestnews","tag-news","tag-nicolae-stanciu","tag-nicolae-stanciu-rapid","tag-ro","tag-romana","tag-romania","tag-romanian","tag-stiri","tag-titluri","tag-top-stories","tag-topstories"],"share_on_mastodon":{"url":"https:\/\/pubeurope.com\/@ro\/117185238485692019","error":""},"_links":{"self":[{"href":"https:\/\/www.europesays.com\/ro\/wp-json\/wp\/v2\/posts\/281041","targetHints":{"allow":["GET"]}}],"collection":[{"href":"https:\/\/www.europesays.com\/ro\/wp-json\/wp\/v2\/posts"}],"about":[{"href":"https:\/\/www.europesays.com\/ro\/wp-json\/wp\/v2\/types\/post"}],"author":[{"embeddable":true,"href":"https:\/\/www.europesays.com\/ro\/wp-json\/wp\/v2\/users\/2"}],"replies":[{"embeddable":true,"href":"https:\/\/www.europesays.com\/ro\/wp-json\/wp\/v2\/comments?post=281041"}],"version-history":[{"count":0,"href":"https:\/\/www.europesays.com\/ro\/wp-json\/wp\/v2\/posts\/281041\/revisions"}],"wp:featuredmedia":[{"embeddable":true,"href":"https:\/\/www.europesays.com\/ro\/wp-json\/wp\/v2\/media\/281042"}],"wp:attachment":[{"href":"https:\/\/www.europesays.com\/ro\/wp-json\/wp\/v2\/media?parent=281041"}],"wp:term":[{"taxonomy":"category","embeddable":true,"href":"https:\/\/www.europesays.com\/ro\/wp-json\/wp\/v2\/categories?post=281041"},{"taxonomy":"post_tag","embeddable":true,"href":"https:\/\/www.europesays.com\/ro\/wp-json\/wp\/v2\/tags?post=281041"}],"curies":[{"name":"wp","href":"https:\/\/api.w.org\/{rel}","templated":true}]}}