{"id":281075,"date":"2026-08-30T16:29:17","date_gmt":"2026-08-30T16:29:17","guid":{"rendered":"https:\/\/www.europesays.com\/ro\/281075\/"},"modified":"2026-08-30T16:29:17","modified_gmt":"2026-08-30T16:29:17","slug":"marius-croitoru-a-spus-o-fara-niciun-fel-de-aroganta-dupa-farul","status":"publish","type":"post","link":"https:\/\/www.europesays.com\/ro\/281075\/","title":{"rendered":"Marius Croitoru a spus-o \u201df\u0103r\u0103 niciun fel de arogan\u021b\u0103\u201d, dup\u0103 Farul"},"content":{"rendered":"\n<ul class=\"bullets\">\n<li>\n<p>La Liga: Real Madrid &#8211; Malaga, duminic\u0103, 18:00, DGS 1<\/p>\n<\/li>\n<li>\n<p>SuperLiga: FCSB &#8211; UTA, duminic\u0103, 21:00, DGS 1<\/p>\n<\/li>\n<\/ul>\n<p>\u00cen urma acestui rezultat, Boto\u0219ani se afl\u0103 pe locul al 13-lea din campionat, cu 7 puncte acumulate.\u00a0<\/p>\n<p>Marius Croitoru, dup\u0103 Farul &#8211; FC Boto\u0219ani 0-0: \u201dPrima repriz\u0103 am dominat-o clar, f\u0103r\u0103 niciun fel de arogan\u021b\u0103\u201d<\/p>\n<p>Dup\u0103 meci, Marius Croitoru (45 de ani), antrenorul lui FC Boto\u0219ani, s-a declarat mul\u021bumit de jocul prestat de echipa sa, mai ales cel din prima repriz\u0103.<\/p>\n<p>\u00centrebat despre situa\u021bia lui Hervin Ongenda, Croitoru a spus c\u0103 mijloca\u0219ul ofensiv francez, care s-a accidentat, ar urma s\u0103 revin\u0103 la echip\u0103 peste dou\u0103 s\u0103pt\u0103m\u00e2ni, dup\u0103 pauza generat\u0103 de meciurile echipelor na\u021bionale (de la mijlocul lunii septembrie).\u00a0<\/p>\n<p>\u201dSunt mul\u021bumit de joc, dar nemul\u021bumit de rezultat. Cred c\u0103 a fost un meci pl\u0103cut, un meci cu ocazii. Sunt foarte mul\u021bumit de joc, cel pu\u021bin de prima repriz\u0103. Cred c\u0103 am dominat-o clar, f\u0103r\u0103 niciun fel de arogan\u021b\u0103. Cred c\u0103 am fost echipa mai bun\u0103, cel pu\u021bin \u00een prima repriz\u0103.\u00a0<\/p>\n<p>A fost un arbitraj foarte bun al lui Chivulete, chiar dac\u0103 \u00een prima repriz\u0103 am avut impresia c\u0103 a fost un penalty clar la acea \u021binere a lui Dumiter.\u00a0<\/p>\n<p>Ongenda va mai lipsi dou\u0103 s\u0103pt\u0103m\u00e2ni, suntem nevoi\u021bi s\u0103 juc\u0103m f\u0103r\u0103 el. Cred c\u0103 este unul dintre cei mai buni decari care au fost \u00een Rom\u00e2nia \u00een ultimii ani. \u00cel a\u0219tept\u0103m cu bra\u021bele deschise s\u0103 se \u00eentoarc\u0103\u201d, a spus Marius Croitoru, la flash-interviu.\u00a0<\/p>\n<p>Hervin Ongenda s-a accidentat \u00een meciul FCSB &#8211; FC Boto\u0219ani 3-2<\/p>\n<p>Hervin Ongenda a ie\u0219it accidentat \u00een minutul 54 <a href=\"https:\/\/www.digisport.ro\/fotbal\/liga-1\/fcsb-botosani-3-2-daniel-birligea-le-a-adus-victoria-ros-albastrilor-in-minutul-906-4434013\" target=\"_blank\" rel=\"noopener nofollow\" data-skip-linkfix=\"1\">al meciului FCSB &#8211; FC Boto\u0219ani, scor 3-2<\/a>, disputat pe data de 17 august.<\/p>\n<p>De atunci, francezul a ratat duelurile cu Csikszereda (1-0) \u0219i Farul (0-0).\u00a0<\/p>\n<p>  <img decoding=\"async\" data-skip-htmlfix=\"1\" src=\"https:\/\/www.europesays.com\/ro\/wp-content\/uploads\/2026\/08\/Jnc9NTkwJmhhc2g9NjllOTY0ZTExY2Y2NzAwNTk0NzE4YzRhNzUyNTg2NjE=.thumb.jpg\" alt=\"CFR Cluj v FC Botosani - Romanian Superliga, Cluj-Napoca - 17 Aug 2025\"\/>   Hervin Ongenda \/ Foto: Profimedia  Clasament SuperLig\u0103  <img decoding=\"async\" data-skip-htmlfix=\"1\" src=\"https:\/\/www.europesays.com\/ro\/wp-content\/uploads\/2026\/08\/1788107357_622_Jnc9NTkwJmhhc2g9NjJkN2RiN2M5NWZjNTVlMWY0YTA1M2IzZTU4N2UxYjE=.thumb.jpg\" alt=\"clasament-superliga\"\/>   Clasamentul din SuperLig\u0103, dup\u0103 Farul &#8211; FC Boto\u0219ani 0-0 \/ Foto: flashscore.ro  VIDEO Rezumat Farul &#8211; FC Boto\u0219ani, scor 0-0\u00a0VIDEO rezumat Farul &#8211; FC Boto\u0219ani 0-0, etapa 7, SuperLigaFC Boto\u0219ani &#8211; Sepsi, duel \u00een etapa a 8-a din SuperLig\u0103<\/p>\n<p>FC Boto\u0219ani va primi vizita celor de la Sepsi, \u00een cadrul etapei a 8-a din SuperLig\u0103.\u00a0<\/p>\n<ul>\n<li>Partida dintre Boto\u0219ani \u0219i Sepsi este programat\u0103 pe 5 septembrie (s\u00e2mb\u0103t\u0103), de la 15:00, \u00een direct pe Digi Sport 1. De asemenea, abona\u021bii Digi Rom\u00e2nia vor putea urm\u0103ri partida pe aplica\u021bia Digi Sport \u0219i pe site-ul digisport.ro<\/li>\n<\/ul>\n<p>Programul etapei cu num\u0103rul 8 din SuperLig\u0103<\/p>\n<p>Vineri, 4 septembrie<\/p>\n<ul>\n<li>Ora 20.30 CFR 1907 Cluj &#8211; Farul Constan\u021ba, Digi Sport 1<\/li>\n<\/ul>\n<p>S\u00e2mb\u0103t\u0103, 5 septembrie<\/p>\n<ul>\n<li>Ora 15.00 FC Boto\u0219ani &#8211; Sepsi OSK Sf. Gheorghe, Digi Sport 1<\/li>\n<li>Ora 17.30 UTA Arad &#8211; FK Csikszereda Miercurea Ciuc, Digi Sport 1<\/li>\n<li>Ora 20.30 Dinamo &#8211; FCSB, Digi Sport 1<\/li>\n<\/ul>\n<p>Duminic\u0103, 6 septembrie<\/p>\n<ul>\n<li>Ora 17.30 Petrolul Ploie\u0219ti &#8211; Corvinul Hunedoara, Digi Sport 1<\/li>\n<li>Ora 20.30 O\u021belul Gala\u021bi &#8211; FC Rapid, Digi Sport 1<\/li>\n<\/ul>\n<p>Luni, 7 septembrie<\/p>\n<ul>\n<li>Ora 17.30 FC Voluntari &#8211; FC Arge\u0219, Digi Sport 1<\/li>\n<li>Ora 20.30 Universitatea Craiova &#8211; Universitatea Cluj, Digi Sport 1<\/li>\n<\/ul>\n<p>  Etichete:  <a href=\"https:\/\/www.digisport.ro\/eticheta\/superliga\" rel=\"nofollow noopener\" target=\"_blank\">superliga<\/a> , <a href=\"https:\/\/www.digisport.ro\/eticheta\/fc-botosani\" rel=\"nofollow noopener\" target=\"_blank\">fc botosani<\/a> , <a href=\"https:\/\/www.digisport.ro\/eticheta\/farul\" rel=\"nofollow noopener\" target=\"_blank\">farul<\/a> , <a href=\"https:\/\/www.digisport.ro\/eticheta\/croitoru\" rel=\"nofollow noopener\" target=\"_blank\">croitoru<\/a> , <a href=\"https:\/\/www.digisport.ro\/eticheta\/marius-croitoru\" rel=\"nofollow noopener\" target=\"_blank\">marius croitoru<\/a> , <a href=\"https:\/\/www.digisport.ro\/eticheta\/farul-botosani\" rel=\"nofollow noopener\" target=\"_blank\">farul botosani<\/a>   <\/p>\n<p>Urm\u0103re\u0219te \u0219tirile digisport.ro \u0219i pe <a href=\"https:\/\/news.google.com\/publications\/CAAiENr1L9HFNMG5hpp5zTfVtpsqFAgKIhDa9S_RxTTBuYaaec031bab?ceid=RO:ro&amp;oc=3\" target=\"_blank\" rel=\"external nofollow noopener\">Google News<\/a><\/p>\n<p>   Noua Aplica\u0163ie Digi Sport poate fi desc\u0103rcat\u0103 din   <\/p>\n","protected":false},"excerpt":{"rendered":"La Liga: Real Madrid &#8211; Malaga, duminic\u0103, 18:00, DGS 1 SuperLiga: FCSB &#8211; UTA, duminic\u0103, 21:00, DGS 1&hellip;\n","protected":false},"author":2,"featured_media":281076,"comment_status":"","ping_status":"","sticky":false,"template":"","format":"standard","meta":{"footnotes":"","_share_on_mastodon":"0"},"categories":[20],"tags":[77462,50,77463,662,6262,41,40,38,39,185,184,55],"class_list":["post-281075","post","type-post","status-publish","format-standard","has-post-thumbnail","category-sport","tag-croitoru","tag-farul","tag-farul-botosani","tag-fc-botosani","tag-marius-croitoru","tag-ro","tag-romana","tag-romania","tag-romanian","tag-sport","tag-sports","tag-superliga"],"share_on_mastodon":{"url":"https:\/\/pubeurope.com\/@ro\/117185411076707020","error":""},"_links":{"self":[{"href":"https:\/\/www.europesays.com\/ro\/wp-json\/wp\/v2\/posts\/281075","targetHints":{"allow":["GET"]}}],"collection":[{"href":"https:\/\/www.europesays.com\/ro\/wp-json\/wp\/v2\/posts"}],"about":[{"href":"https:\/\/www.europesays.com\/ro\/wp-json\/wp\/v2\/types\/post"}],"author":[{"embeddable":true,"href":"https:\/\/www.europesays.com\/ro\/wp-json\/wp\/v2\/users\/2"}],"replies":[{"embeddable":true,"href":"https:\/\/www.europesays.com\/ro\/wp-json\/wp\/v2\/comments?post=281075"}],"version-history":[{"count":0,"href":"https:\/\/www.europesays.com\/ro\/wp-json\/wp\/v2\/posts\/281075\/revisions"}],"wp:featuredmedia":[{"embeddable":true,"href":"https:\/\/www.europesays.com\/ro\/wp-json\/wp\/v2\/media\/281076"}],"wp:attachment":[{"href":"https:\/\/www.europesays.com\/ro\/wp-json\/wp\/v2\/media?parent=281075"}],"wp:term":[{"taxonomy":"category","embeddable":true,"href":"https:\/\/www.europesays.com\/ro\/wp-json\/wp\/v2\/categories?post=281075"},{"taxonomy":"post_tag","embeddable":true,"href":"https:\/\/www.europesays.com\/ro\/wp-json\/wp\/v2\/tags?post=281075"}],"curies":[{"name":"wp","href":"https:\/\/api.w.org\/{rel}","templated":true}]}}