{"id":281105,"date":"2026-08-30T17:18:16","date_gmt":"2026-08-30T17:18:16","guid":{"rendered":"https:\/\/www.europesays.com\/ro\/281105\/"},"modified":"2026-08-30T17:18:16","modified_gmt":"2026-08-30T17:18:16","slug":"se-anunta-plecari-in-masa-de-la-farul-dupa-0-0-cu-botosani-sabau-vom-gasi-o-alta-varianta-pentru-ei","status":"publish","type":"post","link":"https:\/\/www.europesays.com\/ro\/281105\/","title":{"rendered":"Se anun\u021b\u0103 plec\u0103ri \u00een mas\u0103 de la Farul, dup\u0103 0-0 cu Boto\u0219ani! Sab\u0103u: \u201dVom g\u0103si o alt\u0103 variant\u0103 pentru ei\u201d"},"content":{"rendered":"\n<ul class=\"bullets\">\n<li>\n<p>La Liga: Real Madrid &#8211; Malaga, duminic\u0103, 18:00, DGS 1<\/p>\n<\/li>\n<li>\n<p>SuperLiga: FCSB &#8211; UTA, duminic\u0103, 21:00, DGS 1<\/p>\n<\/li>\n<\/ul>\n<p>Antrenorul const\u0103n\u021benilor a avut un discurs dur la finalul partidei \u0219i a l\u0103sat de \u00een\u021beles c\u0103 mai mul\u021bi juc\u0103tori ar putea p\u0103r\u0103si echipa.<\/p>\n<p>Ioan Ovidiu Sab\u0103u, nemul\u021bumit de unii juc\u0103tori, dup\u0103 Farul &#8211; FC Boto\u0219ani 0-0: \u201dProbabil c\u0103 vom g\u0103si o alt\u0103 variant\u0103 pentru ei\u201d<\/p>\n<p>Ioan Ovidiu Sab\u0103u nu a oferit nume, \u00eens\u0103 a transmis un mesaj clar pentru fotbali\u0219tii care nu reu\u0219esc s\u0103 se ridice la nivelul cerut.<\/p>\n<p>Antrenorul Farului a recunoscut c\u0103 este nemul\u021bumit de presta\u021biile anumitor juc\u0103tori \u0219i a avertizat c\u0103 ace\u0219tia ar putea fi pu\u0219i pe lista plec\u0103rilor.<\/p>\n<p>\u201dEu sunt nemul\u021bumit de cum arat\u0103 unii juc\u0103tori. A\u0219 vrea s\u0103 fie mai eficien\u021bi, s\u0103 aib\u0103 un aport bun atunci c\u00e2nd intr\u0103 \u00een teren. A\u0219 vrea s\u0103 se ridice to\u021bi la nivelul a\u0219tept\u0103rilor.<\/p>\n<p>Se pare c\u0103 \u00eenc\u0103 mai avem nevoie de timp. Poate mai avem nevoie de concuren\u021b\u0103 la unii dintre ei. La unii la care li se d\u0103 \u0219ansa de at\u00e2t timp \u0219i care nu reu\u0219esc s\u0103 \u00een\u021beleag\u0103 ce dorim aici, probabil c\u0103 vom g\u0103si o alt\u0103 variant\u0103 pentru ei.<\/p>\n<p>Nu dau nume. Sunt chestiuni interne. Sunt cei care intr\u0103 pe teren \u0219i nu reu\u0219esc s\u0103 ajute echipa, din punct de vedere tactic sau fizic. Unii intr\u0103 cu fric\u0103.<\/p>\n<p> Ei trebuie s\u0103 fie implica\u021bi 100%. \u0218i cei care intr\u0103 de pe banc\u0103 trebuie s\u0103 se implice. S\u0103 intre cu pl\u0103cerea de a juca fotbal. C\u00e2nd vezi c\u0103 nu se \u00eent\u00e2mpl\u0103, atunci r\u0103m\u00e2i cu un gust amar\u201d, a spus Ioan Ovidiu Sab\u0103u, la flash-interviu.<\/p>\n<p>Farul a avut ocazii importante \u00een prima repriz\u0103 a duelului cu FC Boto\u0219ani, inclusiv un penalty ratat de Denis Alibec.<\/p>\n<p>Gazdele au avut \u0219i un gol anulat de VAR, iar pe final au solicitat o nou\u0103 lovitur\u0103 de la 11 metri, \u00eens\u0103 arbitrul Andrei Chivulete nu a indicat punctul cu var.<\/p>\n<p>Sab\u0103u consider\u0103 c\u0103 echipa sa putea ob\u021bine toate cele trei puncte, dar jocul const\u0103n\u021benilor s-a deteriorat dup\u0103 pauz\u0103.<\/p>\n<p>Denis Alibec, ap\u0103rat de Ioan Ovidiu Sab\u0103u<\/p>\n<p>Denis Alibec a ratat penalty-ul din prima repriz\u0103, iar atacantul nu a reu\u0219it s\u0103 \u00ee\u0219i treac\u0103 numele pe lista marcatorilor. Sab\u0103u nu l-a criticat, ci a pus presta\u021bia sa pe seama perioadei dificile prin care trece dup\u0103 accidentare.<\/p>\n<p>\u201dAlibec \u00eencearc\u0103 c\u00e2t poate. \u00cen momentul de fa\u021b\u0103 nu are rimt, nu are vitez\u0103, nu are execu\u021bii. \u0218i el are a\u0219tept\u0103ri mari de la el. Vrea s\u0103 joace permanent. Vine dup\u0103 o perioad\u0103 \u00een care a fost accidentat.<\/p>\n<p>Cred c\u0103 poate s\u0103 ne ajute \u0219i c\u0103 poate s\u0103 ne ajute. Se \u00eent\u00e2mpl\u0103 s\u0103 ratezi, c\u00e2nd nu e\u0219ti 100% fizic \u0219i nu ai repere, intensitate \u0219i vitez\u0103. Mai are nevoie de timp s\u0103 ajung\u0103 la o form\u0103 bun\u0103\u201d, a mai spus Ioan Ovidiu Sab\u0103u.<\/p>\n<p>Antrenorul a regretat \u0219i plecarea lui Doicaru, despre care consider\u0103 c\u0103 ar fi putut face diferen\u021ba contra Boto\u0219aniului.<\/p>\n<p>\u201dDac\u0103 era Doicaru ast\u0103zi cu noi, cred c\u0103 putea s\u0103 dea vreo 3 goluri la ce situa\u021bii am avut \u0219i la c\u00e2t de \u00een form\u0103 era el. <\/p>\n<p>Ne-ar fi c\u00e2\u0219tigat jocul. Gumesc un pic, dar sunt convins c\u0103 ne-ar fi putut ajuta. Eu a\u0219 fi vrut s\u0103 nu plece\u201d, a declarat Ioan Ovidiu Sab\u0103u, la flash-interviu.<\/p>\n<p>Farul, f\u0103r\u0103 victorie \u00een ultimele trei etape<\/p>\n<p>Remiza cu FC Boto\u0219ani este a treia consecutiv\u0103 pentru Farul \u00een SuperLig\u0103. Const\u0103n\u021benii nu au reu\u0219it s\u0103 profite de ocaziile create \u0219i au pierdut din nou puncte importante.<\/p>\n<p>Sab\u0103u a recunoscut c\u0103 forma\u021bia sa a intrat \u00eentr-o stare de \u201ddisperare \u0219i fric\u0103\u201d dup\u0103 pauz\u0103 \u0219i a permis adversarului s\u0103 aib\u0103 mai multe situa\u021bii pe contraatac.<\/p>\n<p>Mesajul transmis de tehnician este \u00eens\u0103 unul clar: juc\u0103torii care nu pot contribui la nivelul a\u0219teptat ar putea pleca.<\/p>\n<p>Farul are nevoie de mai mult\u0103 concuren\u021b\u0103 \u0219i de fotbali\u0219ti capabili s\u0103 ofere un randament superior, iar urm\u0103toarea perioad\u0103 ar putea aduce schimb\u0103ri importante \u00een lotul const\u0103n\u021benilor.<\/p>\n<p>\u201d\u00cen prima repriz\u0103 puteam s\u0103 \u00eenscriem. A fost o prim\u0103 repriz\u0103 bun\u0103 f\u0103cut\u0103 de noi. Am avut situa\u021bii foarte clare de a marca, plus c\u0103 am avut 11 metri. Au fost decizii gre\u0219ite de interpretare.<\/p>\n<p>Pe urm\u0103 am intrat \u00eentr-o stare de disperare \u0219i fric\u0103. I-am l\u0103sat \u00een unele momente s\u0103 plece pe contraatac. Una peste alta, Farul e o echip\u0103 care munce\u0219te \u0219i care \u00eencearc\u0103 s\u0103 dea maximum la fiecare partid\u0103\u201d, a concluzionat Sab\u0103u.<\/p>\n<p>Clasamentul din SuperLig\u0103, dup\u0103 Farul &#8211; FC Boto\u0219ani 0-0  <img decoding=\"async\" data-skip-htmlfix=\"1\" src=\"https:\/\/www.europesays.com\/ro\/wp-content\/uploads\/2026\/08\/1788110296_422_Jnc9NTkwJmhhc2g9NjJkN2RiN2M5NWZjNTVlMWY0YTA1M2IzZTU4N2UxYjE=.thumb.jpg\" alt=\"clasament-superliga\"\/>   Clasamentul din SuperLig\u0103, dup\u0103 Farul &#8211; FC Boto\u0219ani 0-0 \/ Foto: flashscore.ro  VIDEO rezumat Farul &#8211; FC Boto\u0219ani 0-0VIDEO rezumat Farul &#8211; FC Boto\u0219ani 0-0, etapa 7, SuperLiga   <\/p>\n<p>  Etichete:  <a href=\"https:\/\/www.digisport.ro\/eticheta\/ioan-ovidiu-sabau\" rel=\"nofollow noopener\" target=\"_blank\">ioan ovidiu sabau<\/a> , <a href=\"https:\/\/www.digisport.ro\/eticheta\/fc-botosani\" rel=\"nofollow noopener\" target=\"_blank\">fc botosani<\/a> , <a href=\"https:\/\/www.digisport.ro\/eticheta\/farul\" rel=\"nofollow noopener\" target=\"_blank\">farul<\/a> , <a href=\"https:\/\/www.digisport.ro\/eticheta\/video-farul-fc-botosani\" rel=\"nofollow noopener\" target=\"_blank\">video farul fc botosani<\/a> , <a href=\"https:\/\/www.digisport.ro\/eticheta\/plecari-jucatori\" rel=\"nofollow noopener\" target=\"_blank\">plecari jucatori<\/a>   <\/p>\n<p>Urm\u0103re\u0219te \u0219tirile digisport.ro \u0219i pe <a href=\"https:\/\/news.google.com\/publications\/CAAiENr1L9HFNMG5hpp5zTfVtpsqFAgKIhDa9S_RxTTBuYaaec031bab?ceid=RO:ro&amp;oc=3\" target=\"_blank\" rel=\"external nofollow noopener\">Google News<\/a><\/p>\n<p>   Noua Aplica\u0163ie Digi Sport poate fi desc\u0103rcat\u0103 din   <\/p>\n","protected":false},"excerpt":{"rendered":"La Liga: Real Madrid &#8211; Malaga, duminic\u0103, 18:00, DGS 1 SuperLiga: FCSB &#8211; UTA, duminic\u0103, 21:00, DGS 1&hellip;\n","protected":false},"author":2,"featured_media":281106,"comment_status":"","ping_status":"","sticky":false,"template":"","format":"standard","meta":{"footnotes":"","_share_on_mastodon":"0"},"categories":[20],"tags":[50,662,439,77472,41,40,38,39,185,184,77471],"class_list":["post-281105","post","type-post","status-publish","format-standard","has-post-thumbnail","category-sport","tag-farul","tag-fc-botosani","tag-ioan-ovidiu-sabau","tag-plecari-jucatori","tag-ro","tag-romana","tag-romania","tag-romanian","tag-sport","tag-sports","tag-video-farul-fc-botosani"],"share_on_mastodon":{"url":"https:\/\/pubeurope.com\/@ro\/117185603654223028","error":""},"_links":{"self":[{"href":"https:\/\/www.europesays.com\/ro\/wp-json\/wp\/v2\/posts\/281105","targetHints":{"allow":["GET"]}}],"collection":[{"href":"https:\/\/www.europesays.com\/ro\/wp-json\/wp\/v2\/posts"}],"about":[{"href":"https:\/\/www.europesays.com\/ro\/wp-json\/wp\/v2\/types\/post"}],"author":[{"embeddable":true,"href":"https:\/\/www.europesays.com\/ro\/wp-json\/wp\/v2\/users\/2"}],"replies":[{"embeddable":true,"href":"https:\/\/www.europesays.com\/ro\/wp-json\/wp\/v2\/comments?post=281105"}],"version-history":[{"count":0,"href":"https:\/\/www.europesays.com\/ro\/wp-json\/wp\/v2\/posts\/281105\/revisions"}],"wp:featuredmedia":[{"embeddable":true,"href":"https:\/\/www.europesays.com\/ro\/wp-json\/wp\/v2\/media\/281106"}],"wp:attachment":[{"href":"https:\/\/www.europesays.com\/ro\/wp-json\/wp\/v2\/media?parent=281105"}],"wp:term":[{"taxonomy":"category","embeddable":true,"href":"https:\/\/www.europesays.com\/ro\/wp-json\/wp\/v2\/categories?post=281105"},{"taxonomy":"post_tag","embeddable":true,"href":"https:\/\/www.europesays.com\/ro\/wp-json\/wp\/v2\/tags?post=281105"}],"curies":[{"name":"wp","href":"https:\/\/api.w.org\/{rel}","templated":true}]}}