{"id":281111,"date":"2026-08-30T17:23:14","date_gmt":"2026-08-30T17:23:14","guid":{"rendered":"https:\/\/www.europesays.com\/ro\/281111\/"},"modified":"2026-08-30T17:23:14","modified_gmt":"2026-08-30T17:23:14","slug":"ilie-bolojan-despre-relatia-cu-serviciile-secrete-si-ofiterii-spp-si-eu-ii-cunosc-pe-nume-pe-ofiterii-care-ma-insotesc","status":"publish","type":"post","link":"https:\/\/www.europesays.com\/ro\/281111\/","title":{"rendered":"Ilie Bolojan, despre rela\u021bia cu serviciile secrete \u0219i ofi\u021berii SPP: \u201e\u0218i eu \u00eei cunosc pe nume pe ofi\u021berii care m\u0103 \u00eenso\u021besc\u201d"},"content":{"rendered":"<p>Sambata, 29 August 2026, ora 09:19<\/p>\n<p>7787 citiri<\/p>\n<p><a class=\"news__image\" data-href=\"https:\/\/s2.ziareromania.ro\/?mmid=465d756b21e985b118\" data-size=\"1024x682\" title=\"Ilie Bolojan, despre rela\u021bia cu serviciile secrete \u0219i ofi\u021berii SPP: \u201e\u0218i eu \u00eei cunosc pe nume pe ofi\u021berii care m\u0103 \u00eenso\u021besc\u201d\"><img decoding=\"async\" src=\"https:\/\/www.europesays.com\/ro\/wp-content\/uploads\/2026\/08\/Ilie-Bolojan--despre-rela--ia-cu-serviciile-secrete---i-ofi--erii-SPP-------i-eu---i-cunosc-pe-nume-.jpeg\" alt=\"Ilie Bolojan, despre rela\u021bia cu serviciile secrete \u0219i ofi\u021berii SPP: \u201e\u0218i eu \u00eei cunosc pe nume pe ofi\u021berii care m\u0103 \u00eenso\u021besc\u201d\" title=\"Ilie Bolojan, despre rela\u021bia cu serviciile secrete \u0219i ofi\u021berii SPP: \u201e\u0218i eu \u00eei cunosc pe nume pe ofi\u021berii care m\u0103 \u00eenso\u021besc\u201d\" class=\"img-responsive\"\/><\/a><\/p>\n<p>Ilie Bolojan, premierul interimar al Rom\u00e2niei FOTO Hepta<\/p>\n<p>Premierul interimar \u0219i liderul <a href=\"https:\/\/ziare.com\/pnl\/\" title=\"PNL\" rel=\"nofollow noopener\" target=\"_blank\">PNL<\/a>, <a href=\"https:\/\/ziare.com\/ilie-bolojan\/\" title=\"Ilie Bolojan\" rel=\"nofollow noopener\" target=\"_blank\">Ilie Bolojan<\/a>, spune c\u0103 rela\u021bia sa cu serviciile de informa\u021bii, \u00een calitate de \u0219ef al Guvernului, este una strict institu\u021bional\u0103.<\/p>\n<p>El sus\u021bine c\u0103 prime\u0219te inform\u0103ri \u00een limitele atribu\u021biilor pe care le are \u0219i c\u0103 nu a avut alte forme de interferen\u021b\u0103 cu serviciile.<\/p>\n<p>\u201eCel pu\u021bin \u00een ceea ce m\u0103 prive\u0219te, ca <a href=\"https:\/\/ziare.com\/politica\/premier\/\" title=\"premier\" rel=\"nofollow noopener\" target=\"_blank\">premier<\/a>, am lucrat de diminea\u021b\u0103 p\u00e2n\u0103 seara pe spe\u021be administrative \u0219i colaborarea (cu serviciile secrete &#8211; n.r.) este strict institu\u021bional\u0103 pe baza notelor, rapoartelor care \u021bin de competen\u021bele guvernamentale. Nu am avut, din punctul meu de vedere, altfel de interferen\u021be \u0219i am c\u0103utat s\u0103 am o rela\u021bie institu\u021bional\u0103.\u201d<\/p>\n<p>\u00centrebat dac\u0103 a observat influen\u021be ale serviciilor \u00een zona politic\u0103, Bolojan a evitat s\u0103 fac\u0103 specula\u021bii, explic\u00e2nd c\u0103 func\u021bia pe care o ocup\u0103 \u00eel oblig\u0103 s\u0103 fie prudent \u00een declara\u021bii.<\/p>\n<p>\u201e\u00cen ceea ce prive\u0219te aspectele politice, nu m\u0103 lansez \u00een specula\u021bii, sunt premierul Rom\u00e2niei, am o r\u0103spundere pe tema asta \u0219i trebuie s\u0103 am grij\u0103 ce vorbesc\u201d.<\/p>\n<p>Bolojan sus\u021bine numirea unei conduceri civile la SRI<\/p>\n<p>Premierul interimar a vorbit \u0219i despre situa\u021bia conducerii Serviciului Rom\u00e2n de Informa\u021bii. \u00cen opinia sa, numirea unei conduceri civile ar putea contribui la eliminarea incertitudinilor legate de actuala perioad\u0103 de provizorat.<\/p>\n<p>El consider\u0103 c\u0103 momentul form\u0103rii coali\u021biei ar fi fost unul potrivit pentru o astfel de decizie, \u00eens\u0103 evolu\u021bia ulterioar\u0103 a situa\u021biei politice ar fi f\u0103cut mai dificil\u0103 ob\u021binerea unui consens parlamentar.<\/p>\n<p>Bolojan a sus\u021binut, de asemenea, c\u0103 posibilele influen\u021be ale serviciilor \u00een politic\u0103 sau economie trebuie limitate prin mecanisme institu\u021bionale, nu doar prin schimbarea persoanelor aflate la conducere. Printre solu\u021biile pe care le-ar sus\u021bine se num\u0103r\u0103 limitarea mandatelor \u0219i consolidarea mecanismelor de control parlamentar.<\/p>\n<p>\u201e\u0218i eu \u00eei cunosc pe nume pe ofi\u021berii care m\u0103 \u00eenso\u021besc\u201d<\/p>\n<p>\u00cen ceea ce prive\u0219te Serviciul de Protec\u021bie \u0219i Paz\u0103, Bolojan a explicat c\u0103 este firesc ca \u00eentre demnitari \u0219i ofi\u021berii care \u00eei protejeaz\u0103 s\u0103 apar\u0103, \u00een timp, o anumit\u0103 apropiere.<\/p>\n<p>\u201e\u00cen general, ofi\u021berii serviciului de protec\u021bie, fiind \u00een permanen\u021b\u0103 cu demnitarii, intr\u0103 la un moment dat \u00eentr-o rela\u021bie cu ei, inevitabil. \u0218i eu \u00eei cunosc pe nume pe ofi\u021berii care m\u0103 \u00eenso\u021besc. Am \u00eenceput s\u0103 aflu ce e cu familiile lor.\u201d<\/p>\n<p>El a precizat \u00eens\u0103 c\u0103 aceast\u0103 apropiere personal\u0103 nu trebuie s\u0103 afecteze delimitarea dintre activitatea politic\u0103 \u0219i atribu\u021biile privind securitatea demnitarilor.<\/p>\n<p>Referitor la o eventual\u0103 schimbare a conducerii SPP, Bolojan a subliniat c\u0103 decizia nu apar\u021bine Guvernului, ci Administra\u021biei Preziden\u021biale. Premierul interimar a insistat \u0219i asupra necesit\u0103\u021bii ca deciziile privind serviciile de informa\u021bii s\u0103 se bazeze pe date clare \u0219i pe reguli institu\u021bionale.<\/p>\n<p>\u021ai-a pl\u0103cut articolul?<\/p>\n<p> Vrem s\u0103 producem mai multe, \u00eens\u0103 avem nevoie de sus\u021binerea ta. Orice dona\u021bie conteaz\u0103 pentru jurnalismul independent <\/p>\n","protected":false},"excerpt":{"rendered":"Sambata, 29 August 2026, ora 09:19 7787 citiri Ilie Bolojan, premierul interimar al Rom\u00e2niei FOTO Hepta Premierul interimar&hellip;\n","protected":false},"author":2,"featured_media":281112,"comment_status":"","ping_status":"","sticky":false,"template":"","format":"standard","meta":{"footnotes":"","_share_on_mastodon":"0"},"categories":[10],"tags":[32,33,31,36,37,27,690,34,35,25,41,40,38,39,12973,571,26,28,29,30],"class_list":["post-281111","post","type-post","status-publish","format-standard","has-post-thumbnail","category-romania","tag-breaking-news","tag-breakingnews","tag-cele-mai-populare-subiecte","tag-featured-news","tag-featurednews","tag-headlines","tag-ilie-bolojan","tag-latest-news","tag-latestnews","tag-news","tag-ro","tag-romana","tag-romania","tag-romanian","tag-servicii-informatii","tag-servicii-secrete","tag-stiri","tag-titluri","tag-top-stories","tag-topstories"],"share_on_mastodon":{"url":"https:\/\/pubeurope.com\/@ro\/117185623428596269","error":""},"_links":{"self":[{"href":"https:\/\/www.europesays.com\/ro\/wp-json\/wp\/v2\/posts\/281111","targetHints":{"allow":["GET"]}}],"collection":[{"href":"https:\/\/www.europesays.com\/ro\/wp-json\/wp\/v2\/posts"}],"about":[{"href":"https:\/\/www.europesays.com\/ro\/wp-json\/wp\/v2\/types\/post"}],"author":[{"embeddable":true,"href":"https:\/\/www.europesays.com\/ro\/wp-json\/wp\/v2\/users\/2"}],"replies":[{"embeddable":true,"href":"https:\/\/www.europesays.com\/ro\/wp-json\/wp\/v2\/comments?post=281111"}],"version-history":[{"count":0,"href":"https:\/\/www.europesays.com\/ro\/wp-json\/wp\/v2\/posts\/281111\/revisions"}],"wp:featuredmedia":[{"embeddable":true,"href":"https:\/\/www.europesays.com\/ro\/wp-json\/wp\/v2\/media\/281112"}],"wp:attachment":[{"href":"https:\/\/www.europesays.com\/ro\/wp-json\/wp\/v2\/media?parent=281111"}],"wp:term":[{"taxonomy":"category","embeddable":true,"href":"https:\/\/www.europesays.com\/ro\/wp-json\/wp\/v2\/categories?post=281111"},{"taxonomy":"post_tag","embeddable":true,"href":"https:\/\/www.europesays.com\/ro\/wp-json\/wp\/v2\/tags?post=281111"}],"curies":[{"name":"wp","href":"https:\/\/api.w.org\/{rel}","templated":true}]}}