{"id":281137,"date":"2026-08-30T17:41:16","date_gmt":"2026-08-30T17:41:16","guid":{"rendered":"https:\/\/www.europesays.com\/ro\/281137\/"},"modified":"2026-08-30T17:41:16","modified_gmt":"2026-08-30T17:41:16","slug":"samsung-galaxy-s26-fe-este-oficial-si-ruleaza-android-17-din-fabrica-aduce-procesor-nou-horizon-lock-si-costa-cat-s26-ultra-daca-alegi-512-gb","status":"publish","type":"post","link":"https:\/\/www.europesays.com\/ro\/281137\/","title":{"rendered":"Samsung Galaxy S26 FE este oficial \u0219i ruleaz\u0103 Android 17 din fabric\u0103; Aduce procesor nou, Horizon Lock \u0219i cost\u0103 c\u00e2t S26 Ultra dac\u0103 alegi 512 GB"},"content":{"rendered":"<p>A\u0219a cum era programat, ast\u0103zi cei de la <a href=\"https:\/\/www.mobilissimo.ro\/stiri-despre\/Samsung\" rel=\"nofollow noopener\" target=\"_blank\">Samsung<\/a> au anun\u021bat oficial noul <a href=\"https:\/\/www.mobilissimo.ro\/stiri-telefoane\/samsung-galaxy-s26-fe-apare-scos-din-cutie-inainte-de-debut-spatele-lucios-schimba-aspectul-seriei-fe\" rel=\"nofollow noopener\" target=\"_blank\">Galaxy S26 FE<\/a>, telefon pentru care nivelul de interes nu mai este at\u00e2t de mare ca la primele genera\u021bii. Pe atunci FE \u00eensemna un smartphone high mid-range aproape la jum\u0103tate de pre\u021b din c\u00e2t era flagship-ul S. \u00cen prezent, avem un Fan Edition u\u0219or actualizat \u0219i cu pre\u021b mare la debut, model prin care Samsung vrea s\u0103 aduc\u0103 la \u00eendem\u00e2na unui public mai larg func\u021bii bazate pe inteligen\u021ba artificial\u0103.<\/p>\n<p class=\"photoGallery\"><a class=\"ui-action-gallery-overlay\" data-photo-gallery-id=\"15762\"><img class=\"articleGalleryPreviewImage\" src=\"https:\/\/www.europesays.com\/ro\/wp-content\/uploads\/2026\/08\/1788111676_318_6a902977f41ce.jpg\" alt=\"Samsung Galaxy S26 FE - Imagini oficiale (galerie)\" width=\"1200\" height=\"700\" loading=\"lazy\" decoding=\"async\"\/>Samsung Galaxy S26 FE &#8211; Imagini oficiale (galerie)<\/a><\/p>\n<p>Ca design nu exist\u0103 multe nout\u0103\u021bi fa\u021b\u0103 de predecesor \u0219i seam\u0103n\u0103 mult cu actualul S26 sau chiar \u0219i cu Galaxy A57. Vine echipat cu procesor Exynos 2500 pe 3nm, are GPU\u00a0 bazat pe arhitectura AMD RDNA 3 sim\u021bitor \u00eembun\u0103t\u0103\u021bit \u0219i un NPU cu 40% mai puternic, dedicat sarcinilor AI.<\/p>\n<p>Specifica\u021bii Samsung Galaxy S26 FE:<\/p>\n<ul>\n<li>Ecran: 6.7 inch OLED, rezolu\u021bie 1080p+, rat\u0103 de re\u00eemprosp\u0103tare 120Hz, luminozitate maxim\u0103 1.900 nits<\/li>\n<li>Procesor: Samsung Exynos 2500 (3nm, arhitectur\u0103 GAA)<\/li>\n<li>GPU: AMD RDNA 3 (performan\u021b\u0103 grafic\u0103 crescut\u0103 cu 33%)<\/li>\n<li>NPU: Dedicat pentru procesare AI (capacitate de calcul crescut\u0103 cu 40%)<\/li>\n<li>Baterie: 4.900 mAh<\/li>\n<li>\u00cenc\u0103rcare: 45W pe fir, 15W wireless<\/li>\n<li>Camera spate: Principal\u0103 50 MP (suport Horizon Lock \u0219i Nightography optimizat) + Telephoto 8 MP (zoom optic 3x, digital 30x) + Ultra-wide 12 MP<\/li>\n<li>Camer\u0103 frontal\u0103: 12 MP<\/li>\n<li>Sistem de operare: Android 17 cu interfa\u021b\u0103 One UI 9<\/li>\n<li>Func\u021bii AI noi: My FanCam, Horizon Lock, Photo Assist (editare foto prin text), Now Brief avansat<\/li>\n<li>Culori: Blueberry, Pistachio, Graphite<\/li>\n<li>Suport software: 7 ani de actualiz\u0103ri OS \u0219i patch-uri de securitate<\/li>\n<li>Extras: 6 luni gratuite de Google AI Pro (include 5 TB stocare \u00een cloud)<\/li>\n<\/ul>\n<p>Telefonul vine din fabric\u0103 cu Android 17 \u0219i interfa\u021ba One UI 9, \u00eemprumut\u00e2nd func\u021bii foto\/video lansate ini\u021bial pe pliabilele companiei. Printre nout\u0103\u021bi se num\u0103r\u0103 My FanCam (urm\u0103rirea automat\u0103 a subiectului \u00een cadru cu zoom), Horizon Lock (stabilizare la rotirea complet\u0103 a telefonului la 360 de grade) \u0219i un mod Nightography optimizat. De asemenea, func\u021bia Photo Assist permite editarea imaginilor prin comenzi text directe (schimbarea fundalului sau eliminarea de obiecte), iar panoul Now Brief poate genera widget-uri personalizate de s\u0103n\u0103tate sau vreme bazate pe instruc\u021biuni simple.<\/p>\n<p>Revenind la hardware, telefonul p\u0103streaz\u0103 acela\u0219i ecran OLED de 6.7 inch (120 Hz, 1.900 nits) \u0219i aceea\u0219i baterie de 4.900 mAh cu \u00eenc\u0103rcare la 45W pe fir \u0219i 15W wireless. Nici camerele foto nu sufer\u0103 modific\u0103ri, fiind prezente \u00een continuare senzorul principal de 50 MP, cel telephoto de 8 MP (zoom optic 3x) \u0219i cel ultra-wide de 12 MP, al\u0103turi de camera frontal\u0103 de 12 MP.<\/p>\n<p>Galaxy S26 FE va beneficia de 7 ani de actualiz\u0103ri ale sistemului de operare \u0219i de securitate. Avem ca bonus 6 luni pentru Google AI Pro (cu 5 TB stocare \u00een cloud gratuit\u0103). Telefonul va fi disponibil pe nuan\u021bele Blueberry, Pistachio \u0219i Graphite. Iat\u0103 \u0219i pre\u021burile locale:<\/p>\n","protected":false},"excerpt":{"rendered":"A\u0219a cum era programat, ast\u0103zi cei de la Samsung au anun\u021bat oficial noul Galaxy S26 FE, telefon pentru&hellip;\n","protected":false},"author":2,"featured_media":281138,"comment_status":"","ping_status":"","sticky":false,"template":"","format":"standard","meta":{"footnotes":"","_share_on_mastodon":"0"},"categories":[16],"tags":[32469,15855,15417,52989,179,3647,35995,41,40,38,39,163,41494,141,124],"class_list":["post-281137","post","type-post","status-publish","format-standard","has-post-thumbnail","category-tehnologie","tag-android-17","tag-exynos-2500","tag-galaxy-s25-fe","tag-google-ai-pro","tag-inteligenta-artificiala","tag-oled","tag-one-ui-9","tag-ro","tag-romana","tag-romania","tag-romanian","tag-samsung","tag-samsung-galaxy-s26-fe","tag-technology","tag-tehnologie"],"share_on_mastodon":{"url":"https:\/\/pubeurope.com\/@ro\/117185693816567232","error":""},"_links":{"self":[{"href":"https:\/\/www.europesays.com\/ro\/wp-json\/wp\/v2\/posts\/281137","targetHints":{"allow":["GET"]}}],"collection":[{"href":"https:\/\/www.europesays.com\/ro\/wp-json\/wp\/v2\/posts"}],"about":[{"href":"https:\/\/www.europesays.com\/ro\/wp-json\/wp\/v2\/types\/post"}],"author":[{"embeddable":true,"href":"https:\/\/www.europesays.com\/ro\/wp-json\/wp\/v2\/users\/2"}],"replies":[{"embeddable":true,"href":"https:\/\/www.europesays.com\/ro\/wp-json\/wp\/v2\/comments?post=281137"}],"version-history":[{"count":0,"href":"https:\/\/www.europesays.com\/ro\/wp-json\/wp\/v2\/posts\/281137\/revisions"}],"wp:featuredmedia":[{"embeddable":true,"href":"https:\/\/www.europesays.com\/ro\/wp-json\/wp\/v2\/media\/281138"}],"wp:attachment":[{"href":"https:\/\/www.europesays.com\/ro\/wp-json\/wp\/v2\/media?parent=281137"}],"wp:term":[{"taxonomy":"category","embeddable":true,"href":"https:\/\/www.europesays.com\/ro\/wp-json\/wp\/v2\/categories?post=281137"},{"taxonomy":"post_tag","embeddable":true,"href":"https:\/\/www.europesays.com\/ro\/wp-json\/wp\/v2\/tags?post=281137"}],"curies":[{"name":"wp","href":"https:\/\/api.w.org\/{rel}","templated":true}]}}