{"id":281245,"date":"2026-08-30T19:59:36","date_gmt":"2026-08-30T19:59:36","guid":{"rendered":"https:\/\/www.europesays.com\/ro\/281245\/"},"modified":"2026-08-30T19:59:36","modified_gmt":"2026-08-30T19:59:36","slug":"transferul-la-dinamo-al-atacantului-zandbergen-in-pericol-a-dat-doua-goluri-si-antrenorul-se-opune-sa-nu-plece","status":"publish","type":"post","link":"https:\/\/www.europesays.com\/ro\/281245\/","title":{"rendered":"Transferul la Dinamo al atacantului Zandbergen, \u00een pericol! A dat dou\u0103 goluri \u0219i antrenorul se opune: \u201eS\u0103 NU plece!\u201d"},"content":{"rendered":"<p>\t    <img loading=\"lazy\" decoding=\"async\" class=\"mg-x-auto\" width=\"30\" height=\"30\" src=\"https:\/\/www.europesays.com\/ro\/wp-content\/uploads\/2026\/08\/1788119975_643_google-g.png\" alt=\"\"\/><\/p>\n<p id=\"p-0\">Mutarea olandezului Dean Zandbergen (24 de ani) \u00een tab\u0103ra \u201ec\u00e2inilor ro\u0219ii\u201d a luat o turnur\u0103 ne\u0219teptat\u0103 \u00een ultimele ore, chiar c\u00e2nd totul p\u0103rea rezolvat. V\u00e2rful de atac de la VVV-Venlo avut o evolu\u021bie de gal\u0103, reu\u0219ind o \u201edubl\u0103\u201d de senza\u021bie \u00een victoria categoric\u0103, scor 4-0, ob\u021binut\u0103 pe teren propriu \u00eempotriva celor de la FC Emmen.<\/p>\n<p id=\"p-1\">\u00cens\u0103 tocmai aceast\u0103 presta\u021bie formidabil\u0103 din etapa a patra a ligii secunde din Olanda a dinamitat negocierile, determin\u00e2ndu-l pe antrenorul s\u0103u s\u0103 blocheze public plecarea la Dinamo Bucure\u0219ti.<\/p>\n<p>                <a href=\"https:\/\/www.prosport.ro\/poze\/atacantul-olandez-zandbergen-a-dat-doua-goluri-si-antrenorul-sau-se-opune-plecarii-la-dinamo-sa-nu-plece-20514204\" rel=\"nofollow noopener\" target=\"_blank\">&#13;<br \/>\n                                            <img decoding=\"async\" loading=\"lazy\" fetchpriority=\"low\" src=\"https:\/\/www.europesays.com\/ro\/wp-content\/uploads\/2026\/08\/https:\/\/www.prosport.ro\/wp-content\/uploads\/2026\/08\/dean-zandbergen-3.webp\" width=\"458\" height=\"305\"\/>&#13;<br \/>\n                                    <\/a><\/p>\n<p>                <a href=\"https:\/\/www.prosport.ro\/poze\/atacantul-olandez-zandbergen-a-dat-doua-goluri-si-antrenorul-sau-se-opune-plecarii-la-dinamo-sa-nu-plece-20514204\" rel=\"nofollow noopener\" target=\"_blank\">&#13;<br \/>\n                                            <img decoding=\"async\" loading=\"lazy\" fetchpriority=\"low\" src=\"https:\/\/www.europesays.com\/ro\/wp-content\/uploads\/2026\/08\/https:\/\/www.prosport.ro\/wp-content\/uploads\/2026\/08\/dean-zandbergen-1.webp\" width=\"227\" height=\"151\"\/>&#13;<br \/>\n                                    <\/a><\/p>\n<p>Dubla de senza\u021bie care a aprins spiritele \u00een Olanda<\/p>\n<p id=\"p-2\">Titularizat duminic\u0103 de tehnicianul Marinus Dijkhuizen, fotbalistul aflat pe lista de achizi\u021bii a lui Dinamo a f\u0103cut spectacol pe gazon \u0219i a demonstrat de ce <a style=\"color: #0000ff;\" href=\"https:\/\/www.prosport.ro\/fotbal-intern\/superliga\/dinamo-atacant-olanda-fotbalist-problema-dean-zandbergen-vvv-venlo-20512894\" rel=\"nofollow noopener\" target=\"_blank\">este at\u00e2t de dorit \u00een \u0218tefan cel Mare<\/a>.<\/p>\n<p id=\"p-3\">Atacantul de la VVV-Venlo a spart ghea\u021ba \u00een minutul 16, c\u00e2nd a reluat impecabil cu capul o minge trimis\u0103 \u00een careu, deschiz\u00e2nd scorul. Spectacolul a continuat \u00een minutul 43, c\u00e2nd atacantul a speculat o bre\u0219\u0103 \u00een defensiva celor de la FC Emmen, a sc\u0103pat singur cu portarul advers \u0219i a finalizat faza cu s\u00e2nge rece, asigur\u00e2nd un avantaj confortabil echipei sale \u00eenc\u0103 dinaintea pauzei.<\/p>\n<p id=\"p-4\">Evolu\u021bia entuziasmant\u0103 a v\u00e2rfului de atac a provocat o reac\u021bie de panic\u0103 la nivelul staff-ului tehnic al grup\u0103rii batave, jurnali\u0219tii olandezi titr\u00e2nd imediat despre meciul de adio al liderului din teren.<\/p>\n<p>Antrenorul se revolt\u0103 \u0219i blocheaz\u0103 mutarea la Dinamo Bucure\u0219ti<\/p>\n<p id=\"p-5\">\u00cenc\u0103 dinaintea fluierului de start, tehnicianul Marinus Dijkhuizen se declarase extrem de nemul\u021bumit de perspectiva de a-\u0219i pierde cel mai bun marcator \u00een plin sezon competi\u021bional.<\/p>\n<p id=\"p-6\">Dup\u0103 cele dou\u0103 goluri spectaculoase, antrenorul s-a opus vehement tranzac\u021biei, transmi\u021b\u00e2nd conducerii un mesaj ferm prin care solicit\u0103 ca <a style=\"color: #0000ff;\" href=\"https:\/\/www.prosport.ro\/fotbal-intern\/superliga\/olandezii-i-au-cerut-lui-dinamo-800-000-de-euro-pentru-transferul-tancului-din-atac-zandbergen-a-acceptat-oferta-20513257\" rel=\"nofollow noopener\" target=\"_blank\">atacantul s\u0103 nu fie l\u0103sat s\u0103 plece la Dinamo<\/a>, situa\u021bie care pune acum sub mare semn de \u00eentrebare finalizarea actelor.<\/p>\n<p id=\"p-7\">\u201eDean este at\u00e2t de concentrat asupra meciului \u00eenc\u00e2t vrea pur \u0219i simplu s\u0103 joace toate meciurile. Este un lucru care trebuie apreciat la el. Vezi deseori c\u0103 unii juc\u0103tori evolueaz\u0103 mai modest c\u00e2nd sunt \u00een astfel de situa\u021bii sau se g\u00e2ndesc c\u0103 ar fi mai bine s\u0103 nu joace pentru a nu rata transferul.<\/p>\n<p id=\"p-8\">Dar Dean este diferit, el d\u0103 sut\u0103 la sut\u0103 \u00een fiecare zi \u0219i e un adev\u0103rat c\u0103pitan. El nu e deloc cu g\u00e2ndul la transfer. Din punctul meu de vedere, nu ar trebui s\u0103 plece.<\/p>\n<p id=\"p-9\">Poate eventual \u00een iarn\u0103, dar nu acum. Pentru mine, un nu categoric! E c\u0103pitanul meu \u0219i o component\u0103 important\u0103 \u00een stilul nostru de joc. E atacantul num\u0103rul unu \u0219i un lider. Dac\u0103 ar pleca, ar fi o pierdere uria\u0219\u0103. Am pierde \u0219i golurile pe care el le marcheaz\u0103\u201d, declarase acesta, potrivit celor de la <a style=\"color: #000000;\" href=\"https:\/\/www.youtube.com\/watch?v=g4jRFlCtUY0\" rel=\"nofollow noopener\" target=\"_blank\">KKD<\/a>.<\/p>\n","protected":false},"excerpt":{"rendered":"Mutarea olandezului Dean Zandbergen (24 de ani) \u00een tab\u0103ra \u201ec\u00e2inilor ro\u0219ii\u201d a luat o turnur\u0103 ne\u0219teptat\u0103 \u00een ultimele&hellip;\n","protected":false},"author":2,"featured_media":281246,"comment_status":"","ping_status":"","sticky":false,"template":"","format":"standard","meta":{"footnotes":"","_share_on_mastodon":"0"},"categories":[20],"tags":[77500,41,40,38,39,185,184,55,379,77054],"class_list":["post-281245","post","type-post","status-publish","format-standard","has-post-thumbnail","category-sport","tag-dean-zandbergen","tag-ro","tag-romana","tag-romania","tag-romanian","tag-sport","tag-sports","tag-superliga","tag-transfer","tag-vvv-venlo"],"share_on_mastodon":{"url":"https:\/\/pubeurope.com\/@ro\/117186236915427950","error":""},"_links":{"self":[{"href":"https:\/\/www.europesays.com\/ro\/wp-json\/wp\/v2\/posts\/281245","targetHints":{"allow":["GET"]}}],"collection":[{"href":"https:\/\/www.europesays.com\/ro\/wp-json\/wp\/v2\/posts"}],"about":[{"href":"https:\/\/www.europesays.com\/ro\/wp-json\/wp\/v2\/types\/post"}],"author":[{"embeddable":true,"href":"https:\/\/www.europesays.com\/ro\/wp-json\/wp\/v2\/users\/2"}],"replies":[{"embeddable":true,"href":"https:\/\/www.europesays.com\/ro\/wp-json\/wp\/v2\/comments?post=281245"}],"version-history":[{"count":0,"href":"https:\/\/www.europesays.com\/ro\/wp-json\/wp\/v2\/posts\/281245\/revisions"}],"wp:featuredmedia":[{"embeddable":true,"href":"https:\/\/www.europesays.com\/ro\/wp-json\/wp\/v2\/media\/281246"}],"wp:attachment":[{"href":"https:\/\/www.europesays.com\/ro\/wp-json\/wp\/v2\/media?parent=281245"}],"wp:term":[{"taxonomy":"category","embeddable":true,"href":"https:\/\/www.europesays.com\/ro\/wp-json\/wp\/v2\/categories?post=281245"},{"taxonomy":"post_tag","embeddable":true,"href":"https:\/\/www.europesays.com\/ro\/wp-json\/wp\/v2\/tags?post=281245"}],"curies":[{"name":"wp","href":"https:\/\/api.w.org\/{rel}","templated":true}]}}