{"id":281285,"date":"2026-08-30T21:09:14","date_gmt":"2026-08-30T21:09:14","guid":{"rendered":"https:\/\/www.europesays.com\/ro\/281285\/"},"modified":"2026-08-30T21:09:14","modified_gmt":"2026-08-30T21:09:14","slug":"inca-o-plecare-de-la-dinamo-andrei-nicolescu-anunt-despre-atacantul-lui-nuno-campos-sunt-niste-discutii","status":"publish","type":"post","link":"https:\/\/www.europesays.com\/ro\/281285\/","title":{"rendered":"\u00cenc\u0103 o plecare de la Dinamo?\u00a0Andrei Nicolescu, anun\u021b despre atacantul lui Nuno Campos: \u201eSunt ni\u0219te discu\u021bii\u201d"},"content":{"rendered":"<ul class=\"bullets\">&#13;<\/p>\n<li>Andrei Nicolescu (50 de ani), pre\u0219edintele lui Dinamo, a vorbit despre poten\u021biala plecare a atacantului Mamoudou Karamoko (27 de ani) de la gruparea alb-ro\u0219ie.<\/li>\n<p>&#13;\n<\/ul>\n<p><a id=\"google-source-button\" class=\"google-favorite\" target=\"_blank\" href=\"https:\/\/www.google.com\/preferences\/source?q=golazo.ro\" rel=\"nofollow noopener\"><\/p>\n<p>        <img loading=\"lazy\" decoding=\"async\" src=\"https:\/\/golazo.ro\/images\/google-logo.svg\" alt=\"\" width=\"24\" height=\"24\"\/><br \/>\n        <img loading=\"lazy\" decoding=\"async\" src=\"https:\/\/golazo.ro\/images\/check-icon-2.svg\" alt=\"\" width=\"24\" height=\"24\"\/><\/p>\n<p>    Adaug\u0103 GOLAZO.ro la favorite<\/p>\n<p><\/a><\/p>\n<p class=\"\">Sosit \u00een vara anului trecut, Karamoko a devenit un juc\u0103tor indispensabil pentru Dinamo. Are \u0219i un \u00eenceput promi\u021b\u0103tor de campionat, cu dou\u0103 goluri marcate \u00een 4 meciuri.<\/p>\n<p>Andrei Nicolescu, despre Karamoko: \u201eLa momentul \u0103sta sunt ni\u0219te discu\u021bii\u201d<\/p>\n<p class=\"\">Andrei Nicolescu a anun\u021bat c\u0103 exist\u0103 c\u00e2teva discu\u021bii privind transferul v\u00e2rfului francez, dar Karamoko va putea pleca de la Dinamo doar \u00een cazul unei oferte de nerefuzat.<\/p>\n<p class=\"\">\u201eLa momentul \u0103sta sunt ni\u0219te discu\u021bii, dar, evident, nu e nimic stabilit \u0219i juc\u0103torul trebuie s\u0103-\u0219i exprime op\u021biunea. <a target=\"_blank\" href=\"https:\/\/golazo.ro\/nuno-campos-karamoko-oprut-corvinul-dinamo-liga-1-184790\" rel=\"nofollow noopener\">Am v\u0103zut declara\u021bia lui<\/a> dup\u0103 meciul de ieri (1-1 cu Corvinul), probabil are \u0219i el ni\u0219te discu\u021bii pe care nu le \u0219tim noi, dar \u00een momentul \u0103sta nu e nimic concret.<\/p>\n<p class=\"\">La Dinamo, pentru pre\u021bul corect cam toat\u0103 lumea e de v\u00e2nzare, cu excep\u021bia celor pe care i-am transferat acum. \u00cemi e greu s\u0103 cred c\u0103 va veni o ofert\u0103 pentru ei \u00eentr-o s\u0103pt\u0103m\u00e2n\u0103, dou\u0103.<\/p>\n<p class=\"\">Cam \u0103sta e trendul, \u00eens\u0103 trebuie s\u0103 fie ceea ce clubul consider\u0103 c\u0103 e corect ca \u0219i pre\u021b pentru valoarea lor\u201d, a declarat Andrei Nicolescu, conform <a target=\"_blank\" href=\"https:\/\/www.fanatik.ro\/mamoudou-karamoko-soc-la-dinamo-presedintele-andrei-nicolescu-dezvaluie-discutii-secrete-pentru-plecarea-francezului-21533383#superliga1\" rel=\"nofollow noopener\">fanatik.ro<\/a>.<\/p>\n<p>750.000 de euro<\/p>\n<p>este cota de pia\u021b\u0103 a lui Mamoudou Karamoko, conform Transfermarkt<\/p>\n<p class=\"\">Karamoko a fost transferat de Dinamo \u00een vara anului trecut, de la Copenhaga. \u00cen primul sezon \u00een tricoul \u201ec\u00e2inilor\u201d, francezul a marcat 7 goluri \u0219i a oferit o pas\u0103 decisiv\u0103 \u00een 28 de meciuri jucate.<\/p>\n<p class=\"\">\u00cen actuala stagiune, Karamoko a bifat 4 apari\u021bii, reu\u0219ind s\u0103 \u00eenscrie dou\u0103 goluri: cu Rapid, scor 1-0, \u00een etapa 5, \u0219i \u00eempotriva Corvinului, scor 1-1, \u00een etapa 7.<\/p>\n<blockquote class=\"quote\"><p>\n    Momentan sunt aici, sunt juc\u0103torul lui Dinamo, sunt concentrat pe Lig\u0103. Nu m\u0103 g\u00e2ndesc acum dac\u0103 o s\u0103 plec. M\u0103 concentrez pe Dinamo. Mamoudou Karamoko, atacant Dinamo\n<\/p><\/blockquote>\n<p>VIDEO. Golul marcat de Karamoko \u00een Corvinul &#8211; Dinamo 1-1<br \/>\nCite\u0219te \u0219i<\/p>\n<p>VIDEO: cele mai noi imagini din sport<\/p>\n","protected":false},"excerpt":{"rendered":"&#13; Andrei Nicolescu (50 de ani), pre\u0219edintele lui Dinamo, a vorbit despre poten\u021biala plecare a atacantului Mamoudou Karamoko&hellip;\n","protected":false},"author":2,"featured_media":281286,"comment_status":"","ping_status":"","sticky":false,"template":"","format":"standard","meta":{"footnotes":"","_share_on_mastodon":"0"},"categories":[20],"tags":[2114,4842,49,51,25396,41,40,38,39,185,184],"class_list":["post-281285","post","type-post","status-publish","format-standard","has-post-thumbnail","category-sport","tag-andrei-nicolescu","tag-despartire","tag-dinamo","tag-liga-1","tag-mamoudou-karamoko","tag-ro","tag-romana","tag-romania","tag-romanian","tag-sport","tag-sports"],"share_on_mastodon":{"url":"https:\/\/pubeurope.com\/@ro\/117186512122310531","error":""},"_links":{"self":[{"href":"https:\/\/www.europesays.com\/ro\/wp-json\/wp\/v2\/posts\/281285","targetHints":{"allow":["GET"]}}],"collection":[{"href":"https:\/\/www.europesays.com\/ro\/wp-json\/wp\/v2\/posts"}],"about":[{"href":"https:\/\/www.europesays.com\/ro\/wp-json\/wp\/v2\/types\/post"}],"author":[{"embeddable":true,"href":"https:\/\/www.europesays.com\/ro\/wp-json\/wp\/v2\/users\/2"}],"replies":[{"embeddable":true,"href":"https:\/\/www.europesays.com\/ro\/wp-json\/wp\/v2\/comments?post=281285"}],"version-history":[{"count":0,"href":"https:\/\/www.europesays.com\/ro\/wp-json\/wp\/v2\/posts\/281285\/revisions"}],"wp:featuredmedia":[{"embeddable":true,"href":"https:\/\/www.europesays.com\/ro\/wp-json\/wp\/v2\/media\/281286"}],"wp:attachment":[{"href":"https:\/\/www.europesays.com\/ro\/wp-json\/wp\/v2\/media?parent=281285"}],"wp:term":[{"taxonomy":"category","embeddable":true,"href":"https:\/\/www.europesays.com\/ro\/wp-json\/wp\/v2\/categories?post=281285"},{"taxonomy":"post_tag","embeddable":true,"href":"https:\/\/www.europesays.com\/ro\/wp-json\/wp\/v2\/tags?post=281285"}],"curies":[{"name":"wp","href":"https:\/\/api.w.org\/{rel}","templated":true}]}}