{"id":281371,"date":"2026-08-30T23:43:15","date_gmt":"2026-08-30T23:43:15","guid":{"rendered":"https:\/\/www.europesays.com\/ro\/281371\/"},"modified":"2026-08-30T23:43:15","modified_gmt":"2026-08-30T23:43:15","slug":"chivu-declaratia-serii-dupa-cagliari-inter-au-ras-toti-e-unt-pe-paine","status":"publish","type":"post","link":"https:\/\/www.europesays.com\/ro\/281371\/","title":{"rendered":"Chivu, declara\u021bia serii dup\u0103 Cagliari \u2013 Inter. Au r\u00e2s to\u021bi: \u201eE unt pe p\u00e2ine!\u201d"},"content":{"rendered":"<p>\t    <img loading=\"lazy\" decoding=\"async\" class=\"mg-x-auto\" width=\"30\" height=\"30\" src=\"https:\/\/www.europesays.com\/ro\/wp-content\/uploads\/2026\/08\/1788133394_381_google-g.png\" alt=\"\"\/><\/p>\n<p id=\"p-0\">Tehnicianul rom\u00e2n i-a f\u0103cut pe to\u021bi s\u0103 r\u00e2d\u0103 prin declara\u021bia dat\u0103 dup\u0103 Cagliari \u2013 Inter 0-1, meci care a contat pentru etapa 2 din Serie A.<\/p>\n<p id=\"p-1\">Referindu-se la presta\u021bia noilor achizi\u021bii ale lui Inter, Cristi Chivu (45 de ani) a spus c\u0103 jocul pe anumite terenuri este unt pe p\u00e2ine pentru Stones \u0219i Jones.<\/p>\n<p>Cristi Chivu a st\u00e2rnit hohote de r\u00e2s cu declara\u021bia serii dat\u0103 dup\u0103 Cagliari \u2013 Inter<\/p>\n<p id=\"p-2\">\u00cen actuala perioad\u0103 de transferuri, campioana Italiei, <a style=\"color: #0000ff;\" href=\"https:\/\/www.prosport.ro\/fotbal-extern\/campionate-externe\/italia\/cristi-chivu-intransigent-transferuri-noi-inter-20512585\" rel=\"nofollow noopener\" target=\"_blank\">Inter Milano, a dus 6 juc\u0103tori noi<\/a>, pe care a pl\u0103tit, \u00een total, 101 milioane de euro.<\/p>\n<p id=\"p-3\">Cei mai costisitori au fost Djed Spence de la Tottenham \u0219i Curtis Jones de la Liverpool, pe care s-au dat c\u00e2te 30 de milioane de euro. John Stones a venit liber de contract.<\/p>\n<p>                <a href=\"https:\/\/www.prosport.ro\/poze\/cristi-chivu-declaratia-serii-cagliari-inter-20514362\" rel=\"nofollow noopener\" target=\"_blank\">&#13;<br \/>\n                                            <img decoding=\"async\" loading=\"lazy\" fetchpriority=\"low\" src=\"https:\/\/www.europesays.com\/ro\/wp-content\/uploads\/2026\/08\/https:\/\/www.prosport.ro\/wp-content\/uploads\/2026\/08\/cristi-chivu-nota.webp\" width=\"458\" height=\"305\"\/>&#13;<br \/>\n                                    <\/a><\/p>\n<p>                <a href=\"https:\/\/www.prosport.ro\/poze\/cristi-chivu-declaratia-serii-cagliari-inter-20514362\" rel=\"nofollow noopener\" target=\"_blank\">&#13;<br \/>\n                                            <img decoding=\"async\" loading=\"lazy\" fetchpriority=\"low\" src=\"https:\/\/www.europesays.com\/ro\/wp-content\/uploads\/2026\/08\/https:\/\/www.prosport.ro\/wp-content\/uploads\/2026\/08\/cristi-chivu-intransigent-transferuri-noi-inter.j.jpeg\" width=\"227\" height=\"151\"\/>&#13;<br \/>\n                                    <\/a><\/p>\n<p id=\"p-4\">Dup\u0103 dou\u0103 etape 4 echipe au c\u00e2\u0219tigat toate punctele, dar Inter are golaverajul cel mai bun, +4. Echipa lui Chivu poate fi egalat\u0103 sau dep\u0103\u0219it\u0103 de Atalanta, AS Roma \u0219i chiar Lecce.<\/p>\n<p id=\"p-5\"><a style=\"color: #0000ff;\" href=\"https:\/\/www.prosport.ro\/fotbal-extern\/fara-emotii-nota-primita-de-chivu-dupa-cagliari-inter-misiune-indeplinita-20514357\" rel=\"nofollow noopener\" target=\"_blank\">Victoria de pe terenul lui Cagliari<\/a> a venit ca urmare a golului marcat de Calhanoglu \u00een minutul 4. Diuntre noile achizi\u021bii, au evoluat doar Jones, 25 de minute, \u0219i Stones, 22.<\/p>\n<p id=\"p-6\">\u201eAst\u0103zi a trebuit s\u0103-l adaptez pe Pavard din funda\u0219 \u0219i s\u0103-l pun pe Bisseck la mijloc. Trebuie s\u0103 te adaptezi la situa\u021biile individuale.<\/p>\n<p id=\"p-7\">Mi-ar fi pl\u0103cut ca echipa s\u0103 aib\u0103 mai mult\u0103 claritate \u00een minutele finale, control\u00e2nd jocul a\u0219a cum am f\u0103cut-o \u00een prima repriz\u0103. Ca antrenor, a trebuit s\u0103 reac\u021bionez \u00een consecin\u021b\u0103 la dificult\u0103\u021bi.<\/p>\n<p id=\"p-8\">\u00cenc\u0103 suntem la \u00eenceput, unii juc\u0103tori abia au sosit. Stones \u0219i Jones au o vast\u0103 experien\u021b\u0103. Jocul pe anumite terenuri este unt pe p\u00e2ine pentru ei.<\/p>\n<p id=\"p-9\">Ne vor ajuta, dar trebuie s\u0103-\u0219i g\u0103seasc\u0103 forma cea mai bun\u0103. Curtis trebuie s\u0103 se adapteze la jocul nostru, dar nu e nimic de criticat. Aduc mult entuziasm \u0219i spirit pe teren\u201d, a spus el, potrivit <a style=\"color: #000000;\" href=\"https:\/\/www.fcinternews.it\/in-primo-piano\/chivu-sky-stones-jones-pane-e-burro-sotto-pressione-1017259\" target=\"_blank\" rel=\"noopener nofollow\">FC Inter News<\/a>.<\/p>\n<p>Cristi Chivu a spus ce l-a dezam\u0103git cel mai mult la victoria cu Cagliari<\/p>\n<p id=\"p-10\">Tehnicianuyl rom\u00e2n a precizat faptul c\u0103 un meci cum a fost cel \u00eempotriva lui Cagliari este genul de partid\u0103 \u00een care, dac\u0103 nu \u00eenchizi lucrurile, po\u021bi avea dificult\u0103\u021bi.<\/p>\n<p id=\"p-11\">Regret\u0103 c\u0103 Inter nu a mai marcat un gol pentru ca finalul s\u0103 fie mai lini\u0219tit, dar scoate \u00een eviden\u021b\u0103 c\u0103 echipa a \u0219tiut s\u0103 reziste p\u00e2n\u0103 la ultimul fluier.<\/p>\n<p id=\"p-12\">\u201eAv\u00e2nd \u00een vedere c\u0103 mai sunt destul de pus la punct, e bine c\u0103 plec\u0103m de la Cagliari cu 3 puncte \u0219i c\u00e2teva minute \u00een plus pentru to\u021bi juc\u0103torii.<\/p>\n<p id=\"p-13\">Thuram a jucat o jum\u0103tate de or\u0103, dar este pu\u021bin \u00een urm\u0103 cu preg\u0103tirea. Stones aduce consecven\u021b\u0103 minutelor pe care le-a jucat deja.<\/p>\n<p id=\"p-14\">Sunt pu\u021bin dezam\u0103git de numeroasele ocazii ratate. Am pierdut 5 juc\u0103tori \u0219i a trebuit s\u0103-i \u00eenlocuim. Aveam nevoie de un funda\u0219 central, un al cincilea funda\u0219 dreapta.<\/p>\n<p id=\"p-15\">Diouf d\u0103 semne de cre\u0219tere. La mijloc, ne g\u00e2ndim la Jones de ceva timp datorit\u0103 intensit\u0103\u021bii, calit\u0103\u021bii \u0219i calmului lui \u00een a face anumite lucruri. Avem un mijloc de teren excelent.<\/p>\n<p id=\"p-16\">Depinde de mine s\u0103 aleg ce e mai bun \u0219i s\u0103-i mul\u021bumesc pe to\u021bi. Trebuie s\u0103 ne \u00eembun\u0103t\u0103\u021bim condi\u021bia fizic\u0103\u201d, a mai precizat tehnicianul rom\u00e2n.<\/p>\n","protected":false},"excerpt":{"rendered":"Tehnicianul rom\u00e2n i-a f\u0103cut pe to\u021bi s\u0103 r\u00e2d\u0103 prin declara\u021bia dat\u0103 dup\u0103 Cagliari \u2013 Inter 0-1, meci care&hellip;\n","protected":false},"author":2,"featured_media":281372,"comment_status":"","ping_status":"","sticky":false,"template":"","format":"standard","meta":{"footnotes":"","_share_on_mastodon":"0"},"categories":[20],"tags":[3631,544,25452,41,40,38,39,185,184,11992],"class_list":["post-281371","post","type-post","status-publish","format-standard","has-post-thumbnail","category-sport","tag-cagliari-inter","tag-cristi-chivu","tag-declaratia-serii","tag-ro","tag-romana","tag-romania","tag-romanian","tag-sport","tag-sports","tag-victorie-inter"],"share_on_mastodon":{"url":"https:\/\/pubeurope.com\/@ro\/117187117941090389","error":""},"_links":{"self":[{"href":"https:\/\/www.europesays.com\/ro\/wp-json\/wp\/v2\/posts\/281371","targetHints":{"allow":["GET"]}}],"collection":[{"href":"https:\/\/www.europesays.com\/ro\/wp-json\/wp\/v2\/posts"}],"about":[{"href":"https:\/\/www.europesays.com\/ro\/wp-json\/wp\/v2\/types\/post"}],"author":[{"embeddable":true,"href":"https:\/\/www.europesays.com\/ro\/wp-json\/wp\/v2\/users\/2"}],"replies":[{"embeddable":true,"href":"https:\/\/www.europesays.com\/ro\/wp-json\/wp\/v2\/comments?post=281371"}],"version-history":[{"count":0,"href":"https:\/\/www.europesays.com\/ro\/wp-json\/wp\/v2\/posts\/281371\/revisions"}],"wp:featuredmedia":[{"embeddable":true,"href":"https:\/\/www.europesays.com\/ro\/wp-json\/wp\/v2\/media\/281372"}],"wp:attachment":[{"href":"https:\/\/www.europesays.com\/ro\/wp-json\/wp\/v2\/media?parent=281371"}],"wp:term":[{"taxonomy":"category","embeddable":true,"href":"https:\/\/www.europesays.com\/ro\/wp-json\/wp\/v2\/categories?post=281371"},{"taxonomy":"post_tag","embeddable":true,"href":"https:\/\/www.europesays.com\/ro\/wp-json\/wp\/v2\/tags?post=281371"}],"curies":[{"name":"wp","href":"https:\/\/api.w.org\/{rel}","templated":true}]}}