{"id":281393,"date":"2026-08-31T02:00:09","date_gmt":"2026-08-31T02:00:09","guid":{"rendered":"https:\/\/www.europesays.com\/ro\/281393\/"},"modified":"2026-08-31T02:00:09","modified_gmt":"2026-08-31T02:00:09","slug":"referendumul-din-islanda-privind-ue-respingerea-nu-e-un-esec-spune-premierul-ue-transmite-ca-respecta-pe-deplin-alegerea-democratica-a-poporului-islandez","status":"publish","type":"post","link":"https:\/\/www.europesays.com\/ro\/281393\/","title":{"rendered":"Referendumul din Islanda privind UE: Respingerea nu e \u201eun e\u015fec\u201d, spune premierul \/ UE transmite c\u0103 \u201erespect\u0103 pe deplin alegerea democratic\u0103\u201d a poporului islandez"},"content":{"rendered":"<p class=\"wp-block-paragraph\">Prim-ministrul islandez Kristrun Frostadottir consider\u0103 c\u0103 respingerea de c\u0103tre concet\u0103\u0163enii s\u0103i a relu\u0103rii negocierilor de aderare cu Uniunea European\u0103 nu este \u201eun e\u015fec\u201d, ci \u201eo victorie pentru democra\u0163ie\u201d, relateaz\u0103 AFP \u0219i News.ro.<\/p>\n<p class=\"wp-block-paragraph\">\u201eVreau s\u0103 fiu absolut clar\u0103: acest guvern nu va relua negocierile de aderare \u00een cursul acestei legislaturi\u201d, care se \u00eentinde p\u00e2n\u0103 \u00een 2028, a asigurat lidera social-democrat\u0103, ea \u00eens\u0103\u015fi favorabil\u0103 votului \u201eda\u201d.<\/p>\n<p class=\"wp-block-paragraph\">Prim-ministra a organizat o conferin\u0163\u0103 de pres\u0103 a doua zi dup\u0103 referendumul ini\u0163iat de guvernul s\u0103u, la care s-a \u00eenregistrat o prezen\u0163\u0103 puternic\u0103 la urne.<\/p>\n<p class=\"wp-block-paragraph\"><a href=\"https:\/\/hotnews.ro\/primele-date-de-la-referendumul-din-islanda-privind-negocierile-de-aderare-aceasta-este-o-zi-mare-2336683\" rel=\"nofollow noopener\" target=\"_blank\">Islandezii au respins propunerea de reluare a negocierilor de aderare la Uniunea European\u0103<\/a>, d\u00e2nd o lovitur\u0103 guvernului \u015fi al\u0103tur\u00e2ndu-se celor care vedeau \u00een aceasta un risc pentru suveranitatea apelor de pescuit ale \u0163\u0103rii.<\/p>\n<p class=\"wp-block-paragraph\">Dup\u0103 num\u0103rarea tuturor buletinelor de vot, 52,8% dintre aleg\u0103tori s-au pronun\u0163at \u00eempotriva propunerii guvernului de a \u00eencepe negocierile cu Bruxelles, \u00een timp ce op\u0163iunea \u201eda\u201d a ob\u0163inut 47,2% din voturi, au relatat postul public de televiziune RUV \u015fi alte mass-media islandeze.<\/p>\n<p class=\"wp-block-paragraph\">Guvernul \u00ee\u015fi prezentase proiectul de aderare ca pe un moment decisiv, \u201eacum sau niciodat\u0103\u201d, iar prim-ministrul Kristrun Frostadottir declarase aleg\u0103torilor \u00een luna august c\u0103 un \u201enu\u201d ar pune cap\u0103t tuturor preconcep\u0163iilor legate de UE.<\/p>\n<p>UE \u201erespect\u0103 pe deplin alegerea democratic\u0103\u201d a islandezilor, dup\u0103 victoria euroscepticilor la referendum<\/p>\n<p class=\"wp-block-paragraph\">Tot duminic\u0103, pre\u015fedintele Consiliului European, Antonio Costa, i-a transmis prim-ministrului islandez Kristrun Frostadottir c\u0103 UE \u201erespect\u0103 pe deplin alegerea democratic\u0103\u201d a votan\u021bilor islandezi de a nu relua negocierile de aderare la Uniunea European\u0103, a precizat un purt\u0103tor de cuv\u00e2nt, potrivit AFP.<\/p>\n<p class=\"wp-block-paragraph\">\u201eIslanda r\u0103m\u00e2ne unul dintre cei mai apropia\u0163i \u015fi mai de \u00eencredere parteneri ai UE\u201d, a afirmat purt\u0103torul de cuv\u00e2nt al pre\u015fedintelui Consiliului European, ad\u0103ug\u00e2nd c\u0103 \u201ecei doi lideri \u015fi-au exprimat dorin\u0163a de a continua s\u0103 consolideze rela\u0163iile dintre UE \u015fi Islanda\u201d.<\/p>\n<p class=\"wp-block-paragraph\">Potrivit publica\u021biei Politico, viitorul demersului Islandei de a adera la Uniunea European\u0103 va fi dezb\u0103tut \u00een parlamentul \u0163\u0103rii.<\/p>\n<p class=\"wp-block-paragraph\">Conform rezultatelor finale ale acestui referendum, anun\u021bate duminic\u0103 diminea\u0163\u0103, islandezii au respins propunerea guvernului de a relua negocierile cu Uniunea European\u0103, cu 52,8% la 47,2%. Rata de participare la vot a fost de 82,5%.<\/p>\n<p>            Cite\u0219te \u0219i<\/p>\n<p>                                    <a href=\"https:\/\/hotnews.ro\/primele-date-de-la-referendumul-din-islanda-privind-negocierile-de-aderare-aceasta-este-o-zi-mare-2336683?utm_source=hotnews.ro&amp;utm_medium=article_single&amp;utm_campaign=block_recommended_articles\" class=\"absolute inset-0 z-0 indent-[100%] whitespace-nowrap overflow-hidden\" tabindex=\"-1\" rel=\"nofollow noopener\" target=\"_blank\">Rezultatul final la referendumul din Islanda privind negocierile de aderare la UE: 52,8% dintre votan\u021bi au spus \u201eNei\u201d. Prezen\u021b\u0103 uria\u0219\u0103 la vot<\/a><\/p>\n<p>                                                    <a href=\"https:\/\/hotnews.ro\/primele-date-de-la-referendumul-din-islanda-privind-negocierile-de-aderare-aceasta-este-o-zi-mare-2336683?utm_source=hotnews.ro&amp;utm_medium=article_single&amp;utm_campaign=block_recommended_articles\" class=\"hover:underline text-inherit no-underline font-inherit\" rel=\"nofollow noopener\" target=\"_blank\">Rezultatul final la referendumul din Islanda privind negocierile de aderare la UE: 52,8% dintre votan\u021bi au spus \u201eNei\u201d. Prezen\u021b\u0103 uria\u0219\u0103 la vot<\/a><\/p>\n<p>                                                    <a href=\"https:\/\/hotnews.ro\/primele-date-de-la-referendumul-din-islanda-privind-negocierile-de-aderare-aceasta-este-o-zi-mare-2336683?utm_source=hotnews.ro&amp;utm_medium=article_single&amp;utm_campaign=block_recommended_articles\" class=\"block w-full h-full\" tabindex=\"-1\" rel=\"nofollow noopener\" target=\"_blank\"><br \/>\n                                <img decoding=\"async\" width=\"300\" height=\"200\" src=\"https:\/\/www.europesays.com\/ro\/wp-content\/uploads\/2026\/08\/Manifestatie-a-taberei-\u201eNu-la-referendumul-din-Islanda-privind-negocierile-de-aderare-la-UE.jpg\" class=\"w-full h-full object-cover wp-post-image\" alt=\"\" loading=\"lazy\"  \/><br \/>\n                            <\/a><\/p>\n<p class=\"wp-block-paragraph\">\u201eVom discuta cu comisia parlamentar\u0103 pentru afaceri externe despre cea mai bun\u0103 modalitate de a \u00eenchide acest capitol. Nu inten\u0163ion\u0103m s\u0103 lu\u0103m nicio decizie ferm\u0103 \u00een acest sens\u201d, a declarat duminic\u0103, \u00een cadrul unei conferin\u0163e de pres\u0103, prim-ministrul social-democrat Kristr\u00fan Frostad\u00f3ttir, c\u00e2nd a fost \u00eentrebat\u0103 ce \u00eenseamn\u0103 aceste rezultate pentru viitorul demersului Islandei.<\/p>\n<p class=\"wp-block-paragraph\">Frostad\u00f3ttir a reiterat, totu\u015fi, c\u0103 rezultatul referendumului va fi respectat, c\u0103 nu se vor mai desf\u0103\u015fura negocieri de aderare cu UE sub actualul guvern \u015fi c\u0103 aderarea la UE va fi probabil o tem\u0103 \u00een cadrul urm\u0103toarelor alegeri generale.<\/p>\n","protected":false},"excerpt":{"rendered":"Prim-ministrul islandez Kristrun Frostadottir consider\u0103 c\u0103 respingerea de c\u0103tre concet\u0103\u0163enii s\u0103i a relu\u0103rii negocierilor de aderare cu Uniunea&hellip;\n","protected":false},"author":2,"featured_media":281394,"comment_status":"","ping_status":"","sticky":false,"template":"","format":"standard","meta":{"footnotes":"","_share_on_mastodon":"0"},"categories":[12],"tags":[32,33,31,36,37,27,74,34,35,25,41,40,38,39,26,28,29,30,71,72,73],"class_list":["post-281393","post","type-post","status-publish","format-standard","has-post-thumbnail","category-international","tag-breaking-news","tag-breakingnews","tag-cele-mai-populare-subiecte","tag-featured-news","tag-featurednews","tag-headlines","tag-international","tag-latest-news","tag-latestnews","tag-news","tag-ro","tag-romana","tag-romania","tag-romanian","tag-stiri","tag-titluri","tag-top-stories","tag-topstories","tag-world","tag-world-news","tag-worldnews"],"share_on_mastodon":{"url":"https:\/\/pubeurope.com\/@ro\/117187656577821324","error":""},"_links":{"self":[{"href":"https:\/\/www.europesays.com\/ro\/wp-json\/wp\/v2\/posts\/281393","targetHints":{"allow":["GET"]}}],"collection":[{"href":"https:\/\/www.europesays.com\/ro\/wp-json\/wp\/v2\/posts"}],"about":[{"href":"https:\/\/www.europesays.com\/ro\/wp-json\/wp\/v2\/types\/post"}],"author":[{"embeddable":true,"href":"https:\/\/www.europesays.com\/ro\/wp-json\/wp\/v2\/users\/2"}],"replies":[{"embeddable":true,"href":"https:\/\/www.europesays.com\/ro\/wp-json\/wp\/v2\/comments?post=281393"}],"version-history":[{"count":0,"href":"https:\/\/www.europesays.com\/ro\/wp-json\/wp\/v2\/posts\/281393\/revisions"}],"wp:featuredmedia":[{"embeddable":true,"href":"https:\/\/www.europesays.com\/ro\/wp-json\/wp\/v2\/media\/281394"}],"wp:attachment":[{"href":"https:\/\/www.europesays.com\/ro\/wp-json\/wp\/v2\/media?parent=281393"}],"wp:term":[{"taxonomy":"category","embeddable":true,"href":"https:\/\/www.europesays.com\/ro\/wp-json\/wp\/v2\/categories?post=281393"},{"taxonomy":"post_tag","embeddable":true,"href":"https:\/\/www.europesays.com\/ro\/wp-json\/wp\/v2\/tags?post=281393"}],"curies":[{"name":"wp","href":"https:\/\/api.w.org\/{rel}","templated":true}]}}