{"id":281395,"date":"2026-08-31T02:03:20","date_gmt":"2026-08-31T02:03:20","guid":{"rendered":"https:\/\/www.europesays.com\/ro\/281395\/"},"modified":"2026-08-31T02:03:20","modified_gmt":"2026-08-31T02:03:20","slug":"exclusiv-tatal-lui-iustin-doicaru-detalii-din-turcia-despre-transferul-atacantului-la-rize-toti-il-striga-hagi-sageti-catre-farul-zicu-si-stoican-faceam-iu","status":"publish","type":"post","link":"https:\/\/www.europesays.com\/ro\/281395\/","title":{"rendered":"EXCLUSIV Tat\u0103l lui Iustin Doicaru, detalii din Turcia despre transferul atacantului la Rize: \u201eTo\u021bi \u00eel strig\u0103 \u00abHagi\u00bb\u201d + S\u0103ge\u021bi c\u0103tre Farul, Zicu \u0219i Stoican: \u201eF\u0103ceam iure\u0219ul de pe lume!\u201d"},"content":{"rendered":"<p>\n            Articol de <a rel=\"author nofollow noopener\" href=\"https:\/\/www.gsp.ro\/autor\/justin-gafiuc-53.html\" target=\"_blank\">Justin Gafiuc<\/a>            &#8211; Publicat sambata, 29 august 2026 17:48            \/ Actualizat sambata, 29 august 2026 17:48                    <\/p>\n<p>Radu Doicaru, 47 ani, fost atacant la Ceahl\u0103ul, Farul \u0219i Callatis Mangalia, \u00eel \u00eenso\u021be\u0219te \u00een aceste zile \u00een Turcia pe fiul s\u0103u, Iustin, proasp\u0103t transferat de \u201emarinari\u201d la Rizespor. El dezv\u0103luie episoade ne\u0219tiute despre plecarea pu\u0219tiului \u00een liga otoman\u0103 \u0219i-\u0219i exprim\u0103 dezam\u0103girea pentru felul \u00een care t\u00e2n\u0103rul golgeter a fost tratat de antrenorii dinaintea lui Sab\u0103u. Plus povestiri inedite despre Iustin Doicaru din afara luminilor rampei!<\/p>\n<p class=\"do-not-hide\">Farul a realizat zilele trecute un transfer nea\u0219teptat, venit de niciunde: Iustin Doicaru la Rizespor, pre\u021b &#8211; 1,5 milioane euro.<\/p>\n<p class=\"do-not-hide\">Titularizat de Nelu\u021bu Sab\u0103u din startul sezonului, pu\u0219tiul de 19 ani a adunat 3 goluri \u0219i un assist \u00een \u0219ase partide, a devenit unul dintre juc\u0103torii de prim-plan ai noului campionat: o platform\u0103 suficient\u0103 pentru interna\u021bionalul de juniori spre a prinde o mutare rapid\u0103 \u00een Turcia.<\/p>\n<p><a target=\"_self\" class=\"editor-link\" href=\"https:\/\/www.gsp.ro\/fotbal\/liga-1\/iustin-doicaru-farul-rizespor-vizita-medicala-transfer-973117.html\" rel=\"nofollow noopener\">Atacantul a intrat deja \u00een ritmul noului s\u0103u club,<\/a> unde-l are coleg pe Valentin Mih\u0103il\u0103. Tat\u0103l s\u0103u, fostul fotbalist Radu Doicaru (ex-Callatis, Farul, Ceahl\u0103ul \u00een perioada 1998-2015, 87 meciuri\/12 goluri \u00een L1) \u00eel \u00eenso\u021be\u0219te \u00een aceste zile \u00een \u021bara Semilunei, unde Iustin se stabile\u0219te tot la Marea Neagr\u0103, dar pe malul s\u0103u sud-estic, opus Mangaliei natale.<\/p>\n<p>Aici, Rizespor a \u00eenceput curios campionatul intern: \u00een primele dou\u0103 runde &#8211; victorie \u00een deplasare cu Konya (1-0) \u0219i \u00eenfr\u00e2ngere acas\u0103 cu Samsun (0-2).<\/p>\n<p>Radu Doicaru: \u201eAm fost contracronometru, abia am prins avionul\u201d<br \/>\n<img decoding=\"async\" src=\"https:\/\/www.europesays.com\/ro\/wp-content\/uploads\/2026\/08\/1788141796_970_e5da8ca8-ce1d-4755-8dde-29dfd2200af2.jpg\" loading=\"lazy\" title=\"Iustin Doicaru a fost v\u00e2ndut de Farul la Rizespor\/\/ foto: Facebook @Farul\" alt=\"Tat\u0103l lui Iustin Doicaru, detalii din Turcia despre transferul atacantului la Rize: \u201eTo\u021bi \u00eel strig\u0103 \u00abHagi\u00bb\u201d + S\u0103ge\u021bi c\u0103tre Farul, Zicu \u0219i Stoican: \u201eF\u0103ceam iure\u0219ul de pe lume!\u201d\" width=\"738\" height=\"502\"\/><\/p>\n<p>Iustin Doicaru a fost v\u00e2ndut de Farul la Rizespor\/\/ foto: Facebook @Farul<\/p>\n<p>&#8211; Domnule Doicaru, povesti\u021bi-ne, v\u0103 rog, cum a ap\u0103rut a\u0219a, peste noapte, povestea transferului fiului dumneavoastr\u0103 \u00een Turcia?<br \/>&#8211; Cei de la Rize \u00eel monitorizau pe Iustin de ceva timp, l-au tot urm\u0103rit, au a\u0219teptat s\u0103 vad\u0103 cum evolueaz\u0103. L-au v\u0103zut inclusiv la loturile na\u021bionale de juniori. Apoi, a venit aceast\u0103 decizie a transferului, care ne-a luat \u0219i pe noi prin surprindere \u00een sensul c\u0103 l-au anun\u021bat pe b\u0103iat dup\u0103 partida cu Sepsi \u0219i a trebuit s\u0103 ne mi\u0219c\u0103m foarte repede cu toate detaliile.<\/p>\n<p>&#8211; Adic\u0103?<br \/>&#8211; P\u0103i, b\u0103iatul n-a dormit aproape deloc, obosit de pe drum, au ajuns noaptea \u00eenapoi la Constan\u021ba. Diminea\u021ba a trebuit s\u0103 eliber\u0103m urgent apartamentul \u00een care st\u0103tea, ne-am c\u0103rat cu toate cele la Mangalia, f\u0103cut repede bagajele pentru Turcia. Am plecat \u00een grab\u0103, apoi, spre aeroportul din Bucure\u0219ti, un drum extrem de aglomerat din cauza turi\u0219tilor. Am fost efectiv contracronometru! Dar am prins avionul, din fericire!<\/p>\n<p>\u201ePosibil s\u0103 debuteze deja cu Gaziantep! Antrenorul a vrut s\u0103-l cunoasc\u0103 \u00eenc\u0103 din seara sosirii\u201d<\/p>\n<p>&#8211; Cum a fost primul contact cu clubul?<br \/>&#8211; L-au primit fantastic, precum o mic\u0103 vedet\u0103. Mul\u021bi reprezentan\u021bi ai clubului la prezentare, fotografii, emula\u021bie, exact cum vezi la marii fotbali\u0219ti. Inclusiv antrenorul a \u021binut s\u0103-l cunoasc\u0103 personal \u0219i s\u0103 aib\u0103 o discu\u021bie cu Iustin chiar \u00een seara sosirii, ceea ce e un alt semn \u00eencurajator, de interes. \u0218ti\u021bi cum sunt unii tehnicieni: \u201eLas\u0103 c\u0103 vorbim diminea\u021ba la antrenament!\u201d. Dar la Rize a vrut s\u0103-l vad\u0103 imediat. Asta \u00ee\u021bi d\u0103 din start un plus de tonus \u0219i de \u00eencredere. Iar acum e deja chemat pentru meciul cu Gaziantep, contra lui R\u0103doi!<\/p>\n<p><img decoding=\"async\" src=\"https:\/\/www.europesays.com\/ro\/wp-content\/uploads\/2026\/08\/3be4692b-34d8-4fae-a613-f7252c123960.jpg\" loading=\"lazy\" title=\"Recep Ucar e antrenorul care \u0219i l-a dorit mult pe Iustin Doicaru la Rize\" alt=\"Tat\u0103l lui Iustin Doicaru, detalii din Turcia despre transferul atacantului la Rize: \u201eTo\u021bi \u00eel strig\u0103 \u00abHagi\u00bb\u201d + S\u0103ge\u021bi c\u0103tre Farul, Zicu \u0219i Stoican: \u201eF\u0103ceam iure\u0219ul de pe lume!\u201d\" width=\"738\" height=\"502\"\/><\/p>\n<p>Recep Ucar e antrenorul care \u0219i l-a dorit mult pe Iustin Doicaru la Rize<\/p>\n<p>&#8211; E posibil s\u0103 debuteze deja?<br \/>&#8211; Nu \u0219tim. Asta va fi, evident, decizia staff-ului tehnic. Dar i-au transmis s\u0103 vin\u0103 preg\u0103tit de meci. Vom vedea dac\u0103 va intra ori dac\u0103 va merge, momentan, doar s\u0103 fie al\u0103turi de grup, s\u0103 intre \u00een primele zile \u00een atmosfera echipei. Cert e c\u0103 a f\u0103cut deja trei antrenamente, am mai tras \u0219i eu cu ochiul prin gard, mi-a pl\u0103cut implicarea pe care am v\u0103zut-o. Iar colegii \u00eel strig\u0103 doar \u201eHagi, Hagi\u201d!<\/p>\n<p>&#8211; Serios?<br \/>&#8211; Da! \u0218ti\u021bi bine ce \u00eenseamn\u0103 Hagi \u00een Turcia \u0219i to\u021bi ar vrea s\u0103 mai apar\u0103 \u00eenc\u0103 unul acolo. E greu \u00eens\u0103 s\u0103 se mai \u00eent\u00e2mple asta prea cur\u00e2nd! Dar Iustin, fiind rom\u00e2n, l-au \u201ebotezat\u201d imediat \u201eHagi\u201d, mai ales c\u0103 e \u0219i st\u00e2ngaci, la fel ca Gic\u0103.<\/p>\n<blockquote>\n<p>Sper\u0103m s\u0103 fie bine pentru Iustin \u00eenc\u0103 de la \u00eenceput. S\u0103 se integreze, s\u0103 joace, s\u0103 inventeze faze frumoase, s\u0103-\u0219i lase amprenta asupra echipei. Dac\u0103 joci bine, suporterii te adopt\u0103 imediat, mai ales \u00een Turcia, unde sunt dispera\u021bi dup\u0103 fotbal <br \/>Radu Doicaru, tat\u0103l lui Iustin Doicaru<\/p>\n<\/blockquote>\n<p>\u201eZicu \u0219i Stoican nu i-au dat nicio \u0219ans\u0103. Ochelari de cal! Copilul venea acas\u0103 pl\u00e2ng\u00e2nd\u201d<br \/>\n<img decoding=\"async\" src=\"https:\/\/www.europesays.com\/ro\/wp-content\/uploads\/2026\/08\/eadb8083-2820-43e6-9141-929fffd50cbb.jpeg\" loading=\"lazy\" title=\"Flavius Stoican nu s-a bazat pe Iustin Doicaru \u00een perioada c\u00e2t a preg\u0103tit Farul \/ Foto: Andrei Furnig\u0103 GSP\" alt=\"Tat\u0103l lui Iustin Doicaru, detalii din Turcia despre transferul atacantului la Rize: \u201eTo\u021bi \u00eel strig\u0103 \u00abHagi\u00bb\u201d + S\u0103ge\u021bi c\u0103tre Farul, Zicu \u0219i Stoican: \u201eF\u0103ceam iure\u0219ul de pe lume!\u201d\" width=\"738\" height=\"502\"\/><\/p>\n<p>Flavius Stoican nu s-a bazat pe Iustin Doicaru \u00een perioada c\u00e2t a preg\u0103tit Farul \/ Foto: Andrei Furnig\u0103 GSP<\/p>\n<p>&#8211; Pe Iustin l-a ajutat \u00eens\u0103 decisiv acest \u00eenceput fantastic de sezon \u00een Liga 1, de acord?<br \/>&#8211; A\u0219a este! Am fost \u0219i eu fotbalist \u0219i \u0219tiu foarte bine cum merg lucrurile. Iustin ar fi trebuit s\u0103 intre de mai mult\u0103 vreme, dar n-a fost sus\u021binut a\u0219a cum trebuia. Sigur, a avut \u0219i ni\u0219te accident\u0103ri, el nu e un tip tupeist, s\u0103 se bage \u00een seam\u0103, cum fac al\u021bii, dar nici antrenorii nu i-au dat credit deloc. M\u0103 refer la Zicu \u0219i la Stoican, care nu i-au oferit nicio \u0219ans\u0103. \u00cen fine, nu mai conteaz\u0103! Bine c\u0103 domnul Sab\u0103u l-a pl\u0103cut \u00eenc\u0103 din start \u0219i l-a titularizat cu mare \u00eencredere.<\/p>\n<p>&#8211; A fost afectat de acest tratament?<br \/>&#8211; Foarte afectat! Numai eu \u0219tiu prin c\u00e2te momente sensibile am trecut \u0219i de c\u00e2te ori pl\u00e2ngea. Copilul sim\u021bea c\u0103 poate juca, era foarte OK \u0219i la antrenamente, dar la ora meciului r\u0103m\u00e2nea pe dinafar\u0103. Era scos doar la \u00eenc\u0103lzire, nu-l b\u0103gau deloc. \u0218tiu multe cazuri de antrenori din Rom\u00e2nia cu ochelari de cal, dar nu vreau s\u0103 mai intru \u00een detalii. Asta e situa\u021bia, \u0103sta e nivelul \u00een Rom\u00e2nia!<\/p>\n<p>\u201eDac\u0103 nici la Sab\u0103u nu juca, sigur plecam. Oriunde! Nu mai st\u0103team o secund\u0103 la discu\u021bii\u201d<\/p>\n<p>&#8211; Dar rela\u021bia cu Hagi cum s-a desf\u0103\u0219urat?<br \/>&#8211; N-am discutat niciodat\u0103 cu domnul Hagi. \u0218tiu c\u0103-l aprecia pe copil, dar, la fel, nu prea juca. Sigur, era mai mic atunci, echipa traversa \u0219i o situa\u021bie mai grea, motiv pentru care, probabil, nici n-a prins minute c\u00e2t ne-am fi dorit noi! Dar, una peste alta, cred c\u0103 toate aceste probleme l-au \u00eent\u0103rit, l-au maturizat \u0219i l-au f\u0103cut s\u0103-\u0219i arate valoarea c\u00e2nd i s-a oferit prilejul.<\/p>\n<p><img decoding=\"async\" src=\"https:\/\/www.europesays.com\/ro\/wp-content\/uploads\/2026\/08\/6c8735fe-7c30-483e-89d3-72a2a69c4167.jpeg\" loading=\"lazy\" title=\"Ioan Ovidiu Sab\u0103u e omul care i-a dat credit total lui Iustin Doicaru la Farul \/ FOTO: facebook.com\/farulconstanta\/photos\" alt=\"Tat\u0103l lui Iustin Doicaru, detalii din Turcia despre transferul atacantului la Rize: \u201eTo\u021bi \u00eel strig\u0103 \u00abHagi\u00bb\u201d + S\u0103ge\u021bi c\u0103tre Farul, Zicu \u0219i Stoican: \u201eF\u0103ceam iure\u0219ul de pe lume!\u201d\" width=\"738\" height=\"502\"\/><\/p>\n<p>Ioan Ovidiu Sab\u0103u e omul care i-a dat credit total lui Iustin Doicaru la Farul \/ FOTO: facebook.com\/farulconstanta\/photos<\/p>\n<p>&#8211; A\u021bi avut momente \u00een toat\u0103 aceast\u0103 perioad\u0103 \u00een care a\u021bi vrut s\u0103 pleca\u021bi de acolo, sim\u021bind c\u0103 a\u021bi intrat \u00eentr-o fund\u0103tur\u0103?<br \/>&#8211; Sincer v\u0103 spun: dac\u0103 nu juca nici la Sab\u0103u, sigur plecam! Nu mai st\u0103team la discu\u021bii cu nimeni, nicio secund\u0103. F\u0103ceam iure\u0219ul de pe lume \u0219i du\u0219i eram! Copilul trebuia s\u0103 joace de mai mult\u0103 vreme. Dac\u0103 nici la 19 ani nu-i dai spa\u021biu, atunci c\u00e2nd? C\u00e2t s\u0103 mai fi a\u0219teptat?! \u00cel pierdeam! Dar acest transfer la Rize a picat la fix!<\/p>\n<blockquote>\n<p>N-aveam nicio alt\u0103 variant\u0103 preg\u0103tit\u0103, dar Iustin ar fi mers oriunde la Liga 1, ca s\u0103 joace. Sunt convins c\u0103 putea evolua lini\u0219tit la o mul\u021bime de cluburi din prima divizie. Am fi acceptat chiar \u0219i liga secund\u0103, la o echip\u0103 de promovare, numai s\u0103 nu mai stea pe banc\u0103, s\u0103 piard\u0103 vremea, c\u0103 vine X \u0219i Y \u0219i nu-l place!<br \/>Radu Doicaru, tat\u0103l lui Iustin Doicaru<\/p>\n<\/blockquote>\n<p>\u201eL-am dus la fotbal la cinci ani. De mic se vedea c\u0103 are calitate\u201d<br \/>\n<img decoding=\"async\" src=\"https:\/\/www.europesays.com\/ro\/wp-content\/uploads\/2026\/08\/a5850966-3d29-4b3b-91ea-554246dccf18.jpeg\" loading=\"lazy\" title=\"Radu Doicaru, \u00een tricoul Ceahl\u0103ului, \u0219i fiul s\u0103u, Iustin, pe c\u00e2nd seniorul doar visa c\u0103 pu\u0219tiul va ajunge un mare fotbalist. Foto: arhiva personal\u0103 Radu Doicaru\" alt=\"Tat\u0103l lui Iustin Doicaru, detalii din Turcia despre transferul atacantului la Rize: \u201eTo\u021bi \u00eel strig\u0103 \u00abHagi\u00bb\u201d + S\u0103ge\u021bi c\u0103tre Farul, Zicu \u0219i Stoican: \u201eF\u0103ceam iure\u0219ul de pe lume!\u201d\" width=\"738\" height=\"502\"\/><\/p>\n<p>Radu Doicaru, \u00een tricoul Ceahl\u0103ului, \u0219i fiul s\u0103u, Iustin, pe c\u00e2nd seniorul doar visa c\u0103 pu\u0219tiul va ajunge un mare fotbalist. Foto: arhiva personal\u0103 Radu Doicaru<\/p>\n<p>&#8211; C\u00e2nd a\u021bi realizat c\u0103 pu\u0219tiul nu doar se joac\u0103 cu mingea, ci chiar poate n\u0103zui spre performan\u021b\u0103?<br \/>&#8211; L-am dus la fotbal de la cinci ani. \u00cenc\u0103 de atunci se vedea c\u0103 are calitate \u00een compara\u021bie cu ceilal\u021bi, din felul \u00een care \u00eencerca s\u0103 dribleze, s\u0103 trag\u0103 la poart\u0103. Lovea mingea cu st\u00e2ngul. A ie\u0219it mai mereu la juniori cel mai bun juc\u0103tor la diferite turnee. Adic\u0103 au existat de la bun \u00eenceput semnale c\u0103 are stof\u0103, are ceva aparte \u00een s\u00e2nge. \u0218i tehnic, \u0219i fizic, \u0219i mental.<\/p>\n<p>&#8211; Dac\u0103 a\u021bi face o compara\u021bie \u00eentre Radu Doicaru \u0219i Iustin Doicaru, cine ar fi cu un pas \u00eenainte?<br \/>&#8211; Iustin, cu siguran\u021b\u0103! Are mai mult\u0103 calitate dec\u00e2t mine. \u00cen primul r\u00e2nd \u2013 controlul balonului cu piciorul st\u00e2ng. Apoi, capacitatea de a dribla, vitez\u0103 superioar\u0103. Poate la un singur capitol l-a\u0219 plasa, deocamdat\u0103, \u00een urma mea, la agresivitatea din dueluri pentru a lovi mingea cu capul. Dar e \u00eenc\u0103 t\u00e2n\u0103r, asta se poate \u00eembun\u0103t\u0103\u021bi din mers.<\/p>\n<p><img decoding=\"async\" src=\"https:\/\/www.europesays.com\/ro\/wp-content\/uploads\/2026\/08\/7c7cfd74-f48b-4f3c-bb58-41f4652f2471.jpg\" loading=\"lazy\" title=\"Iustin Doicaru a crescut \u00een Academia lui Hagi de la Viitorul Constan\u021ba\" alt=\"Tat\u0103l lui Iustin Doicaru, detalii din Turcia despre transferul atacantului la Rize: \u201eTo\u021bi \u00eel strig\u0103 \u00abHagi\u00bb\u201d + S\u0103ge\u021bi c\u0103tre Farul, Zicu \u0219i Stoican: \u201eF\u0103ceam iure\u0219ul de pe lume!\u201d\" width=\"738\" height=\"502\"\/><\/p>\n<p>Iustin Doicaru a crescut \u00een Academia lui Hagi de la Viitorul Constan\u021ba<\/p>\n<p>&#8211; Accept\u0103 u\u0219or criticile?<br \/>&#8211; Da. I-am spus mereu unde gre\u0219e\u0219te, \u0219i c\u00e2nd a jucat bine, \u0219i c\u00e2nd a prins o zi mai slab\u0103. L-am l\u0103udat la \u00eenceput, dup\u0103 care, u\u0219or-u\u0219or, m-am dus \u0219i spre explica\u021biile despre anumite erori. Am f\u0103cut-o mereu cu aten\u021bie, s\u0103 nu se simt\u0103 \u00een vreun fel deranjat, dar cu argumente, pe care le recuno\u0219tea, p\u00e2n\u0103 la urm\u0103. \u00cei puneam faza respectiv\u0103 \u0219i-\u0219i d\u0103dea seama c\u0103 am dreptate. \u00cen rest, l-am \u00eencurajat nonstop, pentru c\u0103 acest copil a adus mari satisfac\u021bii.<\/p>\n<blockquote>\n<p>Iustin d\u0103 cel mai bun randament \u00een dreapta. De acolo intr\u0103 spre centru cu st\u00e2ngul \u0219i finalizeaz\u0103 <\/p>\n<p>&#8211; Radu Doicaru, tat\u0103l lui Iustin Doicaru<\/p>\n<\/blockquote>\n<p>\u201e\u00cen tinere\u021be, am s\u0103rit de la etajul unu, din cantonament, s\u0103 fug la distrac\u021bie. N-a fost OK ce-am f\u0103cut\u201d<br \/>\n<img decoding=\"async\" src=\"https:\/\/www.europesays.com\/ro\/wp-content\/uploads\/2026\/08\/b5e9f544-12d9-4515-b9ef-3fe192573cb9.jpg\" loading=\"lazy\" title=\"T\u00e2n\u0103rul Radu Doicaru a avut o via\u021b\u0103 tumultoas\u0103 \u00een perioada petrecut\u0103 acas\u0103, la Mangalia\" alt=\"Tat\u0103l lui Iustin Doicaru, detalii din Turcia despre transferul atacantului la Rize: \u201eTo\u021bi \u00eel strig\u0103 \u00abHagi\u00bb\u201d + S\u0103ge\u021bi c\u0103tre Farul, Zicu \u0219i Stoican: \u201eF\u0103ceam iure\u0219ul de pe lume!\u201d\" width=\"738\" height=\"502\"\/><\/p>\n<p>T\u00e2n\u0103rul Radu Doicaru a avut o via\u021b\u0103 tumultoas\u0103 \u00een perioada petrecut\u0103 acas\u0103, la Mangalia<\/p>\n<p>&#8211; Ce gre\u0219eli a\u021bi f\u0103cut ca fotbalist \u0219i \u00eencerca\u021bi s\u0103-l feri\u021bi pe pu\u0219ti s\u0103 le repete?<br \/>&#8211; Pe mine nu m-a \u00eenv\u0103\u021bat nimeni ce s\u0103 fac. Iar pe vremea mea mai apelam la tot felul de nebunii, ie\u0219eam seara, \u00eei p\u0103c\u0103leam pe p\u0103rin\u021bi c\u0103 dorm la prietenul cutare, dar, de fapt, pierdeam c\u00e2te o noapte pe la nu \u0219tiu ce petrecere. Am fumat. Am mai b\u0103ut un \u0219pri\u021b. Dar n-am mai pus gura pe \u021bigar\u0103 \u0219i pe vin de cinci-\u0219ase ani, fiindc\u0103 Iustin cre\u0219tea \u0219i mi-am dat seama c\u0103 nu puteam fi un bun exemplu pentru el \u00een fotbal \u0219i \u00een via\u021b\u0103. Copiii tind s\u0103-\u0219i copieze tat\u0103l \u0219i n-am vrut s\u0103 fac\u0103 \u0219i el gre\u0219elile comise de mine.<\/p>\n<p>&#8211; Da\u021bi-ne un exemplu de tr\u0103znaie din tinere\u021be, care poate fi povestit\u0103?<br \/>&#8211; Eram t\u00e2n\u0103r juc\u0103tor la Mangalia \u0219i era un festival \u00een ora\u0219, agita\u021bie, petreceri. A\u0219a c\u0103 mi-am preparat o evadare, am aranjat frumos patul, am pus ni\u0219te perne pe sub plapum\u0103 ca s\u0103 par\u0103 c\u0103 sunt acolo, \u00een persoan\u0103, dup\u0103 care am fugit din cantonament. Am s\u0103rit direct de la etajul unu al hotelului. M-am \u021binut pu\u021bin de balcon, de pere\u021bi, \u0219i am plonjat direct. La aterizare am sim\u021bit c\u0103 mi-a fugit pu\u021bin glezna, dar n-am dat importan\u021b\u0103. M-am \u00eentors pe la patru diminea\u021ba, iar c\u00e2nd m-am trezit, aveam piciorul umflat. Era chiar ziua meciului.<\/p>\n<p>&#8211; \u0218i cum a\u021bi scos-o la cap\u0103t?<br \/>&#8211; Nu \u0219i-a dat nimeni seama. I-am spus antrenorului c\u0103 nu pot juca, am o jen\u0103 la picior, m\u0103 doare \u0219i n-a\u0219 vrea s\u0103 for\u021bez. Prin urmare, am fost crezut \u0219i m-am salvat! Dar n-a fost deloc OK ce am f\u0103cut!<\/p>\n<p>\u201eIustin e \u00eennebunit dup\u0103 pescuit. O s\u0103-\u0219i cumpere \u0219i \u00een Turcia undi\u021be, momeli, c\u0103 am nimerit tot la Marea Neagr\u0103\u201d<br \/>\n<img decoding=\"async\" src=\"https:\/\/www.europesays.com\/ro\/wp-content\/uploads\/2026\/08\/0745d618-7960-45a8-9aef-35eaf1313c66.jpeg\" loading=\"lazy\" title=\"Iustin Doicaru \u00een postura de pasionat pescar, cu prada \u00een undi\u021b\u0103. Foto: arhiva personal\u0103 Radu Doicaru\" alt=\"Tat\u0103l lui Iustin Doicaru, detalii din Turcia despre transferul atacantului la Rize: \u201eTo\u021bi \u00eel strig\u0103 \u00abHagi\u00bb\u201d + S\u0103ge\u021bi c\u0103tre Farul, Zicu \u0219i Stoican: \u201eF\u0103ceam iure\u0219ul de pe lume!\u201d\" width=\"738\" height=\"502\"\/><\/p>\n<p>Iustin Doicaru \u00een postura de pasionat pescar, cu prada \u00een undi\u021b\u0103. Foto: arhiva personal\u0103 Radu Doicaru<\/p>\n<p>&#8211; Un transfer de 1,5 milioane de euro pentru un juc\u0103tor de 19 ani poate deveni deja o surs\u0103 de presiune pentru el?<br \/>&#8211; Nu, fiindc\u0103 nu e o sum\u0103 mare \u00een termenii fotbalului din Turcia. Poate doar pentru Rom\u00e2nia! Mi se pare o sum\u0103 rezonabil\u0103 pentru un juc\u0103tor de v\u00e2rsta \u0219i cu perspectivele lui Iustin Doicaru. \u0218tim bine c\u0103 turcii au spiritul afacerilor, a\u0219a c\u0103 probabil calculul a fost s\u0103 fie cump\u0103rat acum, s\u0103-i creasc\u0103 valoarea \u0219i s\u0103 fie v\u00e2ndut apoi la un pre\u021b poate de cinci-zece ori mai mare.<\/p>\n<p>&#8211; Ce face Iustin \u00een timpul liber? Are \u0219i o prieten\u0103?<br \/>&#8211; Are o prieten\u0103 de un an \u0219i ceva, se \u00een\u021beleg foarte bine, iar aspectul \u0103sta conteaz\u0103 mult \u00een evolu\u021bia unui sportiv. S\u0103 ai stabilitate \u0219i pe acest subiect, \u00een loc s\u0103 umbli de colo-colo. Iar la nivel de pasiuni extrafotbalistice, pescuitul e pe primul loc. Eu n-am avut pl\u0103cerea asta, nu stau bine nici la capitolul r\u0103bdare, dar Iustin s-a sim\u021bit atras de subiect de pe la trei-patru ani. E \u00eennebunit dup\u0103 pe\u0219te. Uite c\u0103 s-a nimerit acum s\u0103 fim tot la Marea Neagr\u0103, la ap\u0103, a\u0219a c\u0103 urmeaz\u0103 s\u0103 mergem s\u0103-\u0219i cumpere \u0219i aici un set de pescuit, cu undi\u021be, momeli \u0219i tot tac\u00e2mul!<\/p>\n<p><img decoding=\"async\" src=\"https:\/\/www.europesays.com\/ro\/wp-content\/uploads\/2026\/08\/904d5b92-b6d0-4242-b7f7-f44c35877ef7.jpeg\" loading=\"lazy\" title=\"Radu \u0219i Iustin Doicaru \u00eentr-un moment de recreere la o plimbare \u00een familie. Foto: arhiva personal\u0103 Radu Doicaru\" alt=\"Tat\u0103l lui Iustin Doicaru, detalii din Turcia despre transferul atacantului la Rize: \u201eTo\u021bi \u00eel strig\u0103 \u00abHagi\u00bb\u201d + S\u0103ge\u021bi c\u0103tre Farul, Zicu \u0219i Stoican: \u201eF\u0103ceam iure\u0219ul de pe lume!\u201d\" width=\"738\" height=\"502\"\/><\/p>\n<p>Radu \u0219i Iustin Doicaru \u00eentr-un moment de recreere la o plimbare \u00een familie. Foto: arhiva personal\u0103 Radu Doicaru<\/p>\n<p>&#8211; A dat lovitura p\u00e2n\u0103 acum la vreun monstru marin?<br \/>&#8211; A mai prins prin Delt\u0103, dar nu trofee ie\u0219ite din comun. V\u0103 da\u021bi seama c\u0103 e mai mult pentru relaxare, pentru distrac\u021bie! Un biban, un stavrid, un crap. \u0218i la mul\u021bi le d\u0103 drumul \u00eenapoi \u00een ap\u0103, c\u0103 mai mare e pl\u0103cerea de a-i captura dec\u00e2t s\u0103-i pui \u00een farfurie!<\/p>\n<blockquote>\n<p>Iustin \u0219tie foarte bine c\u0103 liga din Turcia e net superioar\u0103 celei din Rom\u00e2nia. Am fost bucuro\u0219i am\u00e2ndoi pentru acest prim pas extern. La Rize sunt condi\u021bii foarte bune pentru a cre\u0219te \u0219i a se dezvolta frumos, dac\u0103 \u00eencepe bine <\/p>\n<p>&#8211; Radu Doicaru, tat\u0103l lui Iustin Doicaru<\/p>\n<\/blockquote>\n<p>\u201eDac\u0103 \u00eencepe bine la Rize, poate prinde convocare chiar la na\u021bionala mare \u00een septembrie!\u201d<\/p>\n<p>&#8211; Hagi l-a comparat pe Iustin cu Alibec \u00een diferite momente. E paralela potrivit\u0103?<br \/>&#8211; Da, da! Se potrivesc la multe aspecte. \u00cen primul r\u00e2nd, sunt st\u00e2ngaci! La fel \u2013 la lovirea balonului. Alibec a fost idolul copil\u0103riei lui Iustin, mai ales c\u0103 suntem \u0219i noi din Mangalia, cum e \u0219i Denis. L-am respectat \u0219i-l respect\u0103m mult pe Alibec pentru ce a \u00eensemnat \u00een fotbalul rom\u00e2nesc, dar \u0219i pentru ora\u0219.<\/p>\n<p><img decoding=\"async\" src=\"https:\/\/www.europesays.com\/ro\/wp-content\/uploads\/2026\/08\/dd0a4e3e-dc79-4816-8d95-23ac8316960f.jpg\" loading=\"lazy\" title=\"Iustin Doicaru \u0219i noul s\u0103u tricou de la Rizespor. Foto: facebook\/rizespor\" alt=\"Tat\u0103l lui Iustin Doicaru, detalii din Turcia despre transferul atacantului la Rize: \u201eTo\u021bi \u00eel strig\u0103 \u00abHagi\u00bb\u201d + S\u0103ge\u021bi c\u0103tre Farul, Zicu \u0219i Stoican: \u201eF\u0103ceam iure\u0219ul de pe lume!\u201d\" width=\"738\" height=\"502\"\/><\/p>\n<p>Iustin Doicaru \u0219i noul s\u0103u tricou de la Rizespor. Foto: facebook\/rizespor<\/p>\n<p>&#8211; Cum e Iustin Doicaru dincolo de terenul de fotbal? Timid? Extrovertit? Calm?<br \/>&#8211; C\u00e2teodat\u0103 mi se pare c\u0103 e prea modest! Nu are deloc tupeu. E un b\u0103iat cu mult bun sim\u021b, felul \u00een care l-am educat \u00een familie. Nu i se urc\u0103 la cap lucrurile \u0219i \u0219tie exact de unde a plecat \u0219i unde vrea s\u0103 ajung\u0103.<\/p>\n<p>&#8211; Presupun c\u0103 vrea s\u0103 ajung\u0103 \u0219i la na\u021bionala mare, iar meciurile din septembrie\/octombrie din Liga Na\u021biunilor ar fi un poten\u021bial prilej de convocare, mai ales c\u0103 Hagi \u00eel cunoa\u0219te bine \u0219i are nevoie acum de un lot l\u0103rgit, pentru patru meciuri \u00een 11 zile. Sunt ceva semnale c\u0103 va fi chemat?<br \/>&#8211; Nu se \u0219tie nimic. Important e \u0219i ce va face \u00een perioada urm\u0103toare. Dac\u0103 \u00eencepe s\u0103 joace imediat \u0219i s\u0103 aib\u0103 realiz\u0103ri, de ce s\u0103 nu ne g\u00e2ndim c\u0103 poate fi convocat? \u0218tim bine c\u0103 domnul Hagi promoveaz\u0103 tinerii, a\u0219a c\u0103 va depinde numai de el s\u0103 fie pe lista selec\u021bionerului chiar la aceste partide din septembrie. Dac\u0103 va merge la U21, vom fi la fel de bucuro\u0219i!<\/p>\n<p>\u201eAm p\u0103strat acas\u0103 tricoul de la debutul \u00een Liga 1 \u0219i de la titlul na\u021bional U18\u201d<br \/>\n<img decoding=\"async\" src=\"https:\/\/www.europesays.com\/ro\/wp-content\/uploads\/2026\/08\/b005837a-e9d0-4544-bdea-4158e01382dc.jpg\" loading=\"lazy\" title=\"Iustin Doicaru e deja obi\u0219nuit cu tricoul echipei na\u021bionale de la reprezentativele de juniori\" alt=\"Tat\u0103l lui Iustin Doicaru, detalii din Turcia despre transferul atacantului la Rize: \u201eTo\u021bi \u00eel strig\u0103 \u00abHagi\u00bb\u201d + S\u0103ge\u021bi c\u0103tre Farul, Zicu \u0219i Stoican: \u201eF\u0103ceam iure\u0219ul de pe lume!\u201d\" width=\"738\" height=\"502\"\/><\/p>\n<p>Iustin Doicaru e deja obi\u0219nuit cu tricoul echipei na\u021bionale de la reprezentativele de juniori<\/p>\n<p>&#8211; Debut \u00een Liga 1 la 16 ani, 8 luni \u0219i 19 zile \u00eentr-un Farul \u2013 UTA 2-2, \u00een octombrie 2023. Cum v-a r\u0103mas \u00eentip\u0103rit pe retin\u0103 acel moment?<br \/>&#8211; Bine, el a intrat prima dat\u0103 la un meci \u00een Cupa Rom\u00e2niei, la Buz\u0103u, dar n-a\u0219 putea numi debut acea \u00eent\u00e2lnire. Dar cu UTA a jucat jum\u0103tate de or\u0103, i-a fost pu\u021bin fric\u0103, dar mi-a pl\u0103cut mult cum a evoluat atunci. Apoi, echipa s-a confruntat \u00een mod constant cu probleme de clasament \u0219i n-a mai fost folosit \u00een ritmul pe care-l a\u0219teptam.<\/p>\n<p>&#8211; A\u021bi p\u0103strat tricoul de la debut?<br \/>&#8211; Bine\u00een\u021beles! \u0218i pe acela, \u0219i altele, de exemplu \u2013 c\u00e2nd a c\u00e2\u0219tigat titlul na\u021bional U18. Astea r\u0103m\u00e2n toate \u00een vistieria familiei.<\/p>\n<p>&#8211; A\u021bi apucat s\u0103 discuta\u021bi cu el \u0219i elemente de natur\u0103 financiar\u0103 \u00een sensul c\u0103 banii c\u00e2\u0219tiga\u021bi din contract trebuie gestiona\u021bi corect, ca s\u0103 nu aib\u0103 surprize la finalul carierei?<br \/>&#8211; N-am avut \u00eenc\u0103 aceast\u0103 discu\u021bie, dar, \u00een linii mari, el \u0219tie cam cum st\u0103 treaba la acest capitol. Via\u021ba de sportiv e scurt\u0103, trebuie s\u0103 te g\u00e2nde\u0219ti foarte bine cum cheltuie\u0219ti banii, fiindc\u0103 nu \u0219tii unde \u0219i cum te poart\u0103 destinul. Iar la final, dac\u0103 nu ai pus ceva deoparte, vei fi \u00eentr-un impas. Nu vei \u0219tii \u00eencotro s-o apuci \u0219i cu ce! Dar, pe traseu, cele mai la \u00eendem\u00e2n\u0103 \u0219i cele mai logice investi\u021bii ar fi \u00een locuin\u021be, \u00een terenuri.<\/p>\n<blockquote>\n<p>Mih\u0103il\u0103, noul coleg al lui Iustin, e un b\u0103iat deosebit, modest. Deja vine s\u0103-l ia pe b\u0103iat de la hotel, s\u0103 mearg\u0103 \u00eempreun\u0103 la antrenament, s\u0103 discute, s\u0103-l ajute cu integrarea. S\u0103pt\u0103m\u00e2na viitoare o s\u0103 c\u0103ut\u0103m \u0219i un apartament s\u0103 se mute, dup\u0103 care voi reveni acas\u0103 <\/p>\n<p>&#8211; Radu Doicaru, tat\u0103l lui Iustin Doicaru<\/p>\n<\/blockquote>\n<p>\u201eCadou la 18 ani, un Mercedes A-Class din 2019. A contribuit \u0219i el cu o parte din bani\u201d<br \/>\n<img decoding=\"async\" src=\"https:\/\/www.europesays.com\/ro\/wp-content\/uploads\/2026\/08\/27d02da3-12cb-44ba-8761-01dc41eea557.jpg\" loading=\"lazy\" title=\"A\u0219a arat\u0103 un Mercedes A-Class 2019, de tipul celui condus \u00een Rom\u00e2nia de Iustin Doicaru\" alt=\"Tat\u0103l lui Iustin Doicaru, detalii din Turcia despre transferul atacantului la Rize: \u201eTo\u021bi \u00eel strig\u0103 \u00abHagi\u00bb\u201d + S\u0103ge\u021bi c\u0103tre Farul, Zicu \u0219i Stoican: \u201eF\u0103ceam iure\u0219ul de pe lume!\u201d\" width=\"738\" height=\"502\"\/><\/p>\n<p>A\u0219a arat\u0103 un Mercedes A-Class 2019, de tipul celui condus \u00een Rom\u00e2nia de Iustin Doicaru<\/p>\n<p>&#8211; I-a\u021bi f\u0103cut vreun cadou special cu ocazia transferului la Rize?<br \/>&#8211; Nimic special, pentru c\u0103 el este, oricum, obi\u0219nuit cu cadourile de mic copil. C\u00e2nd a avut ni\u0219te reu\u0219ite, am \u00eencercat mereu s\u0103-l facem fericit. De la mici detalii p\u00e2n\u0103 la un telefon sau o ma\u0219in\u0103, cum a fost cazul la 18 ani. A contribuit \u00eens\u0103 \u0219i el atunci cu o parte din bani pentru un Mercedes A-Class berlin\u0103, 2019.<\/p>\n<p>&#8211; Poate trece acum, probabil, la next level prin contractul din Turcia. Apropo, are inclus\u0103 \u00een contract \u0219i ma\u0219in\u0103 din partea clubului, nu?<br \/>&#8211; Nu, doar o sum\u0103 de bani pentru a-\u0219i \u00eenchiria o ma\u0219in\u0103. O s\u0103 mai adauge ceva ca s\u0103-\u0219i aleag\u0103 una pentru folosin\u021b\u0103 \u00een Turcia. Nici nu-i trebuie mai mult acolo. Rize e un ora\u0219 destul de mic, nu cuno\u0219ti \u00eenc\u0103 bine locurile, ai nevoie s\u0103 ajungi, \u00een principal, la stadion \u0219i la baza de preg\u0103tire, pentru antrenamente. Iar el nu se omoar\u0103 foarte tare dup\u0103 ma\u0219ini!<\/p>\n<p><img decoding=\"async\" src=\"https:\/\/www.europesays.com\/ro\/wp-content\/uploads\/2026\/08\/2764bddb-e594-4785-8ff1-fa4c0a23ecb2.jpg\" loading=\"lazy\" title=\"Stadionul lui Rizespor se afl\u0103 chiar pe malul M\u0103rii Negre\" alt=\"Tat\u0103l lui Iustin Doicaru, detalii din Turcia despre transferul atacantului la Rize: \u201eTo\u021bi \u00eel strig\u0103 \u00abHagi\u00bb\u201d + S\u0103ge\u021bi c\u0103tre Farul, Zicu \u0219i Stoican: \u201eF\u0103ceam iure\u0219ul de pe lume!\u201d\" width=\"738\" height=\"502\"\/><\/p>\n<p>Stadionul lui Rizespor se afl\u0103 chiar pe malul M\u0103rii Negre<\/p>\n<p>&#8211; V-a\u021bi interesat cum sunt acolo publicul, atmosfera, echipa, ora\u0219ul?<br \/>&#8211; Ne-am uitat pe internet, am cules o mul\u021bime de informa\u021bii, am c\u0103utat p\u00e2n\u0103 la cele mai mici detalii posibile ca s\u0103 avem pe mas\u0103 un tablou c\u00e2t mai complet. Ce e sigur \u00eens\u0103, oriunde te-ai afla pe aceast\u0103 planet\u0103, e c\u0103 pe suporteri \u00eei po\u021bi cuceri doar prin rezultate \u0219i implicare. Dac\u0103 Iustin va juca bine, \u00eel va iubi toat\u0103 lumea.<\/p>\n<blockquote>\n<p>Idolul lui a fost Messi, dintotdeauna, dar \u00eei place campionatul Angliei. N-are un club preferat, doar admir\u0103 spectacolul de acolo, modul cum decurg meciurile, surprizele posibile \u00een orice etap\u0103 <\/p>\n<p>&#8211; Radu Doicaru, tat\u0103l lui Iustin Doicaru<\/p>\n<\/blockquote>\n<p>Accidentare groaznic\u0103 la Piatra Neam\u021b: \u201eFractur\u0103 de peroneu suferit\u0103 la antrenament. Am auzit cum a troznit osul!\u201d<br \/>\n<img decoding=\"async\" src=\"https:\/\/www.europesays.com\/ro\/wp-content\/uploads\/2026\/08\/83d0c62c-26fc-4d69-870a-11e1f9a955dd.jpg\" loading=\"lazy\" title=\"Radu Doicaru (sus, al treilea din st\u00e2nga) \u00een echipa Ceahl\u0103ului, versiune 2007. Foto: Gelu Cr\u0103can\u0103\" alt=\"Tat\u0103l lui Iustin Doicaru, detalii din Turcia despre transferul atacantului la Rize: \u201eTo\u021bi \u00eel strig\u0103 \u00abHagi\u00bb\u201d + S\u0103ge\u021bi c\u0103tre Farul, Zicu \u0219i Stoican: \u201eF\u0103ceam iure\u0219ul de pe lume!\u201d\" width=\"738\" height=\"502\"\/><\/p>\n<p>Radu Doicaru (sus, al treilea din st\u00e2nga) \u00een echipa Ceahl\u0103ului, versiune 2007. Foto: Gelu Cr\u0103can\u0103<\/p>\n<p>&#8211; A\u021bi jucat la Callatis, la Farul \u0219i la Ceahl\u0103ul. Care a fost pentru dumneavoastr\u0103 cea mai interesant\u0103 experien\u021b\u0103?<br \/>&#8211; La Piatra Neam\u021b! Acolo am dat cel mai bun randament, dar, din p\u0103cate, am suferit la un moment dat o accidentare grav\u0103 \u0219i am stat mult timp \u00een afara terenului. Este vorba c\u0103, la un antrenament, m-am ales cu o fractur\u0103 de peroneu, care m-a obligat la o pauz\u0103 de un an de zile. Cinci luni am stat \u00een c\u00e2rje, n-aveam voie nici s\u0103 ating p\u0103m\u00e2ntul cu piciorul. Au ap\u0103rut, ulterior, \u0219i ni\u0219te probleme la cartilajul genunchilor, a\u0219a c\u0103 am avut destul de tras din cauza problemelor medicale. Iar astea m-au tras \u00een jos. Altfel, cred c\u0103 a\u0219 fi avut o carier\u0103 mai bogat\u0103.<\/p>\n<p>&#8211; Cum a\u021bi p\u0103\u021bit \u00eens\u0103 acel necaz la peroneu?<br \/>&#8211; Aveam exerci\u021bii unu contra unu. Am vrut s\u0103 dau cu exteriorul, cu dreptul, la col\u021bul lung, m-a dezechilibrat un coleg, iar c\u00e2nd am p\u0103\u0219it cu st\u00e2ngul am c\u0103lcat \u00eentr-o mic\u0103 groap\u0103 de pe terenul doi. Toat\u0103 greutatea s-a dus \u00een acel moment pe piciorul respectiv, iar peroneul a pleznit. Am sim\u021bit o durere absolut groaznic\u0103. \u0218ansa mea, dac\u0103 pot spune a\u0219a ceva, a fost c\u0103 fractura s-a produs f\u0103r\u0103 deplasarea osului, ceea ce a ajutat, c\u00e2t de c\u00e2t, la recuperare.<\/p>\n<p>Recunosc\u0103tor lui \u201ePinalti\u201d: \u201eMi-a pl\u0103tit banii p\u00e2n\u0103 la ultimul leu. Al\u021bii nu \u0219tiu cum s\u0103 te execute la necaz\u201d<br \/>\n<img decoding=\"async\" src=\"https:\/\/www.europesays.com\/ro\/wp-content\/uploads\/2026\/08\/eccfc157-7995-4419-ac09-e8f60dac8be5.jpg\" loading=\"lazy\" title=\"Gheorghe \u0218tefan, fostul pre\u0219edinte de la Ceahl\u0103ul, a fost unul dintre conduc\u0103torii cei mai controversa\u021bi din fotbalul rom\u00e2nesc. Foto: Arhiva GSP\" alt=\"Tat\u0103l lui Iustin Doicaru, detalii din Turcia despre transferul atacantului la Rize: \u201eTo\u021bi \u00eel strig\u0103 \u00abHagi\u00bb\u201d + S\u0103ge\u021bi c\u0103tre Farul, Zicu \u0219i Stoican: \u201eF\u0103ceam iure\u0219ul de pe lume!\u201d\" width=\"738\" height=\"502\"\/><\/p>\n<p>Gheorghe \u0218tefan, fostul pre\u0219edinte de la Ceahl\u0103ul, a fost unul dintre conduc\u0103torii cei mai controversa\u021bi din fotbalul rom\u00e2nesc. Foto: Arhiva GSP<\/p>\n<p>&#8211; Pe Gheorghe \u0218tefan \u201ePinalti\u201d l-a\u021bi prins acolo. Sincer, a\u021bi tr\u0103it la Piatra Neam\u021b inclusiv momente delicate cu meciuri trucate?<br \/>&#8211; N-am intrat \u00een astfel de combina\u021bii. Sau, cel pu\u021bin, eu n-am \u0219tiut niciodat\u0103, fiindc\u0103 sunt genul de om care n-ar fi acceptat, efectiv, s\u0103 fie pe teren la un astfel de meci. Nu m-a\u0219 fi putut da la o parte. \u0218i, c\u00e2t am fost acolo, nimeni n-a venit s\u0103-mi cear\u0103 vreodat\u0103 s\u0103 stau lini\u0219tit la vreo partid\u0103. \u00cen schimb, Gheorghe \u0218tefan \u00eenseamn\u0103 pentru mine un conduc\u0103tor extraordinar.<\/p>\n<p>&#8211; Pute\u021bi explica?<br \/>&#8211; At\u00e2ta vreme c\u00e2t am fost accidentat, n-am dus nicio secund\u0103 grija contractului. \u00cen astfel de situa\u021bii, cu complica\u021bii medicale severe, mul\u021bi conduc\u0103tori \u00eencearc\u0103 s\u0103 te execute din toate pozi\u021biile. Dar Pinalti s-a comportat irepro\u0219abil, poate \u0219i pentru \u00eei pl\u0103cea mult de mine. Am primit banii p\u00e2n\u0103 la ultimul leu \u00een perioada de convalescen\u021b\u0103, inclusiv primele. N-am cum s\u0103 nu-l respect pe acest om!<\/p>\n<p>&#8211; Care e marele regret al carierei?<br \/>&#8211; La 18-19 ani, m\u0103 sunau impresari, conduc\u0103tori s\u0103-mi propun\u0103 transferuri. Aveam deja o oarecare valoare, devenisem un juc\u0103tor interesant \u0219i oamenii m\u0103 c\u0103utau cu diferite oferte. I-am refuzat \u00eens\u0103 pe to\u021bi, fiindc\u0103 pl\u0103cea foarte tare via\u021ba pe litoral. O via\u021b\u0103 frumoas\u0103, tenta\u021bii multe. Dar fotbalul nu prea merge cu astfel de chestiuni. Trebuie s\u0103 fii serios \u0219i s\u0103-\u021bi stea mintea doar la antrenamente \u0219i meciuri. La o via\u021b\u0103 sportiv\u0103! Asta l-am sf\u0103tuit acum \u0219i pe Iustin: s\u0103 fie ordonat, disciplinat, serios, s\u0103 trag\u0103 tare \u0219i cu preg\u0103tirea fizic\u0103, astfel \u00eenc\u00e2t s\u0103 fac\u0103 un prim sezon bun, s\u0103 creasc\u0103 \u00een valoare. Dup\u0103 aceea, vom vedea ce va mai fi!<\/p>\n","protected":false},"excerpt":{"rendered":"Articol de Justin Gafiuc &#8211; Publicat sambata, 29 august 2026 17:48 \/ Actualizat sambata, 29 august 2026 17:48&hellip;\n","protected":false},"author":2,"featured_media":281396,"comment_status":"","ping_status":"","sticky":false,"template":"","format":"standard","meta":{"footnotes":"","_share_on_mastodon":"0"},"categories":[20],"tags":[50,39337,2154,52850,1941,439,70952,77519,6043,41,40,38,39,185,184,55],"class_list":["post-281395","post","type-post","status-publish","format-standard","has-post-thumbnail","category-sport","tag-farul","tag-flavius-stoican","tag-gheorghe-hagi","tag-gheorghe-stefan","tag-ianis-zicu","tag-ioan-ovidiu-sabau","tag-iustin-doicaru","tag-radu-doicaru","tag-rizespor","tag-ro","tag-romana","tag-romania","tag-romanian","tag-sport","tag-sports","tag-superliga"],"share_on_mastodon":{"url":"https:\/\/pubeurope.com\/@ro\/117187668642472082","error":""},"_links":{"self":[{"href":"https:\/\/www.europesays.com\/ro\/wp-json\/wp\/v2\/posts\/281395","targetHints":{"allow":["GET"]}}],"collection":[{"href":"https:\/\/www.europesays.com\/ro\/wp-json\/wp\/v2\/posts"}],"about":[{"href":"https:\/\/www.europesays.com\/ro\/wp-json\/wp\/v2\/types\/post"}],"author":[{"embeddable":true,"href":"https:\/\/www.europesays.com\/ro\/wp-json\/wp\/v2\/users\/2"}],"replies":[{"embeddable":true,"href":"https:\/\/www.europesays.com\/ro\/wp-json\/wp\/v2\/comments?post=281395"}],"version-history":[{"count":0,"href":"https:\/\/www.europesays.com\/ro\/wp-json\/wp\/v2\/posts\/281395\/revisions"}],"wp:featuredmedia":[{"embeddable":true,"href":"https:\/\/www.europesays.com\/ro\/wp-json\/wp\/v2\/media\/281396"}],"wp:attachment":[{"href":"https:\/\/www.europesays.com\/ro\/wp-json\/wp\/v2\/media?parent=281395"}],"wp:term":[{"taxonomy":"category","embeddable":true,"href":"https:\/\/www.europesays.com\/ro\/wp-json\/wp\/v2\/categories?post=281395"},{"taxonomy":"post_tag","embeddable":true,"href":"https:\/\/www.europesays.com\/ro\/wp-json\/wp\/v2\/tags?post=281395"}],"curies":[{"name":"wp","href":"https:\/\/api.w.org\/{rel}","templated":true}]}}