{"id":281397,"date":"2026-08-31T02:07:25","date_gmt":"2026-08-31T02:07:25","guid":{"rendered":"https:\/\/www.europesays.com\/ro\/281397\/"},"modified":"2026-08-31T02:07:25","modified_gmt":"2026-08-31T02:07:25","slug":"mae-anunta-ca-nu-exista-romani-si-nici-solicitari-de-asistenta-consulara-primite-in-cazul-feribotului-scufundat-in-nordul-ciprului","status":"publish","type":"post","link":"https:\/\/www.europesays.com\/ro\/281397\/","title":{"rendered":"MAE anun\u0163\u0103 c\u0103 nu exist\u0103 rom\u00e2ni \u015fi nici solicit\u0103ri de asisten\u0163\u0103 consular\u0103 primite \u00een cazul feribotului scufundat \u00een nordul Ciprului"},"content":{"rendered":"\n<p data-index=\"1\">Ministerul Afacerilor Externe anun\u0163\u0103 c\u0103 nu exist\u0103 cet\u0103\u0163eni rom\u00e2ni \u015fi nici solicit\u0103ri de asisten\u0163\u0103 consular\u0103 primite, p\u00e2n\u0103 \u00een acest moment, dup\u0103 <a href=\"https:\/\/www.digi24.ro\/stiri\/externe\/un-feribot-cu-aproximativ-270-de-persoane-la-bord-s-a-scufundat-in-largul-ciprului-de-nord-3927397\" target=\"_blank\" rel=\"noopener nofollow\" data-skip-linkfix=\"1\">scufundarea feribotului<\/a> \u00een partea de nord a Ciprului.<\/p>\n<p data-index=\"2\">\u201eDin verific\u0103ri, nu exist\u0103 cet\u0103\u0163eni rom\u00e2ni \u015fi nu avem solicit\u0103ri de asisten\u0163\u0103 consular\u0103 primite p\u00e2n\u0103 \u00een acest moment\u201d, a transmis purt\u0103torul de cuv\u00e2nt a MAE, Andrei \u0162\u0103rnea, pentru News.ro.<\/p>\n<p data-index=\"3\">Cel pu\u0163in \u015fapte persoane au murit a murit duminic\u0103 dup\u0103 ce un feribot cu circa 270 de persoane la bord a naufragiat \u00een largul coastelor din partea de nord a Ciprului, a anun\u0163at administra\u0163ia autoproclamatei \u201eRepublici Turce a Ciprului de Nord\u201d (RTCN), relateaz\u0103 AFP \u015fi Reuters.<\/p>\n<p data-index=\"4\">\u015eapte persoane au decedat, iar 23 sunt date disp\u0103rute,\u00a0\u00a0a declarat Tufan Erh\u00fcrman, liderul RTCN, conform CNN T\u00fcrk. Nava s-a r\u0103sturnat \u015fi s-a scufundat la o ad\u00e2ncime de 514 metri, a precizat el.<\/p>\n<p data-index=\"5\">P\u00e2n\u0103 \u00een prezent, 244 de persoane au fost recuperate din ap\u0103, inclusiv cele decedate. Poli\u0163ia conduce ancheta.<\/p>\n<p> Editor : <a href=\"https:\/\/www.digi24.ro\/autor\/liviu-cojan\" rel=\"nofollow noopener\" target=\"_blank\"> Liviu Cojan <\/a> <\/p>\n","protected":false},"excerpt":{"rendered":"Ministerul Afacerilor Externe anun\u0163\u0103 c\u0103 nu exist\u0103 cet\u0103\u0163eni rom\u00e2ni \u015fi nici solicit\u0103ri de asisten\u0163\u0103 consular\u0103 primite, p\u00e2n\u0103 \u00een&hellip;\n","protected":false},"author":2,"featured_media":281398,"comment_status":"","ping_status":"","sticky":false,"template":"","format":"standard","meta":{"footnotes":"","_share_on_mastodon":"0"},"categories":[12],"tags":[32,33,31,36,37,27,74,34,35,25,41,40,38,39,26,28,29,30,71,72,73],"class_list":["post-281397","post","type-post","status-publish","format-standard","has-post-thumbnail","category-international","tag-breaking-news","tag-breakingnews","tag-cele-mai-populare-subiecte","tag-featured-news","tag-featurednews","tag-headlines","tag-international","tag-latest-news","tag-latestnews","tag-news","tag-ro","tag-romana","tag-romania","tag-romanian","tag-stiri","tag-titluri","tag-top-stories","tag-topstories","tag-world","tag-world-news","tag-worldnews"],"share_on_mastodon":{"url":"https:\/\/pubeurope.com\/@ro\/117187683403450257","error":""},"_links":{"self":[{"href":"https:\/\/www.europesays.com\/ro\/wp-json\/wp\/v2\/posts\/281397","targetHints":{"allow":["GET"]}}],"collection":[{"href":"https:\/\/www.europesays.com\/ro\/wp-json\/wp\/v2\/posts"}],"about":[{"href":"https:\/\/www.europesays.com\/ro\/wp-json\/wp\/v2\/types\/post"}],"author":[{"embeddable":true,"href":"https:\/\/www.europesays.com\/ro\/wp-json\/wp\/v2\/users\/2"}],"replies":[{"embeddable":true,"href":"https:\/\/www.europesays.com\/ro\/wp-json\/wp\/v2\/comments?post=281397"}],"version-history":[{"count":0,"href":"https:\/\/www.europesays.com\/ro\/wp-json\/wp\/v2\/posts\/281397\/revisions"}],"wp:featuredmedia":[{"embeddable":true,"href":"https:\/\/www.europesays.com\/ro\/wp-json\/wp\/v2\/media\/281398"}],"wp:attachment":[{"href":"https:\/\/www.europesays.com\/ro\/wp-json\/wp\/v2\/media?parent=281397"}],"wp:term":[{"taxonomy":"category","embeddable":true,"href":"https:\/\/www.europesays.com\/ro\/wp-json\/wp\/v2\/categories?post=281397"},{"taxonomy":"post_tag","embeddable":true,"href":"https:\/\/www.europesays.com\/ro\/wp-json\/wp\/v2\/tags?post=281397"}],"curies":[{"name":"wp","href":"https:\/\/api.w.org\/{rel}","templated":true}]}}