{"id":281399,"date":"2026-08-31T02:19:22","date_gmt":"2026-08-31T02:19:22","guid":{"rendered":"https:\/\/www.europesays.com\/ro\/281399\/"},"modified":"2026-08-31T02:19:22","modified_gmt":"2026-08-31T02:19:22","slug":"ipad-mini-cu-ecran-oled-ar-ajunge-la-vanzare-pana-la-final-de-octombrie-apple-ar-pregati-si-o-carcasa-mai-rezistenta-la-apa","status":"publish","type":"post","link":"https:\/\/www.europesays.com\/ro\/281399\/","title":{"rendered":"iPad mini cu ecran OLED ar ajunge la v\u00e2nzare p\u00e2n\u0103 la final de octombrie; Apple ar preg\u0103ti \u0219i o carcas\u0103 mai rezistent\u0103 la ap\u0103"},"content":{"rendered":"<p>Urm\u0103torul iPad mini cu ecran OLED ar ajunge la v\u00e2nzare p\u00e2n\u0103 la final de octombrie. Informa\u021bia restr\u00e2nge fereastra de lansare despre care <a href=\"https:\/\/www.mobilissimo.ro\/stiri-tablete\/apple-pregateste-un-ipad-mini-cu-ecran-oled\" rel=\"nofollow noopener\" target=\"_blank\">scriam \u00een iulie<\/a>, c\u00e2nd modelul era a\u0219teptat doar \u201e\u00een aceast\u0103 toamn\u0103\u201d. Noul termen apare \u00een cea mai recent\u0103 edi\u021bie a newsletterului Power On semnat de Mark Gurman \u0219i este relatat de <a href=\"https:\/\/9to5mac.com\/2026\/08\/30\/apples-next-ipad-mini-is-almost-here-heres-what-to-expect\/\" rel=\"nofollow noopener noreferrer\" target=\"_blank\">9to5Mac<\/a>. Apple nu a confirmat \u00eenc\u0103 tableta.<\/p>\n<p>OLED-ul r\u0103m\u00e2ne schimbarea central\u0103 pentru genera\u021bia urm\u0103toare. Informa\u021bii ap\u0103rute anterior indicau un panou LTPS de aproximativ 8,4 inch, cu rat\u0103 de refresh de 60 Hz, deci f\u0103r\u0103 ProMotion. Mai mult, <a href=\"https:\/\/www.mobilissimo.ro\/stiri-diverse\/samsung-incepe-productia-ecranelor-oled-pentru-viitorul-ipad-mini\" rel=\"nofollow noopener\" target=\"_blank\">Samsung Display ar fi \u00eenceput deja produc\u021bia acestor ecrane<\/a>, detaliu care se potrive\u0219te cu o lansare programat\u0103 pentru aceast\u0103 toamn\u0103. Fa\u021b\u0103 de LCD-ul actual, trecerea la OLED ar aduce \u00een primul r\u00e2nd contrast superior \u0219i nuan\u021be de negru redate f\u0103r\u0103 iluminarea pixelilor individuali.<\/p>\n<p>Schimb\u0103rile nu s-ar opri la ecran. Pentru procesor sunt vehiculate A19 Pro sau A20 Pro, iar Apple ar lucra la o carcas\u0103 redesenat\u0103 pentru o rezisten\u021b\u0103 mai bun\u0103 la ap\u0103. Nu exist\u0103 \u00eenc\u0103 un rating IP confirmat, deci nu putem vorbi despre o tablet\u0103 \u201ewaterproof\u201d, \u00eens\u0103 direc\u021bia ar fi interesant\u0103 pentru un dispozitiv at\u00e2t de portabil.<\/p>\n<p>Tot aici apare \u0219i o solu\u021bie audio mai pu\u021bin obi\u0219nuit\u0103: un sistem care produce sunet prin vibrarea unor suprafe\u021be ale carcasei. Ideea ar permite reducerea sau chiar eliminarea unor grile tradi\u021bionale pentru difuzoare, ceea ce ar ajuta implicit la izolarea carcasei. E genul de modificare care pare minor\u0103 pe lista de dot\u0103ri, dar care ar avea leg\u0103tur\u0103 direct\u0103 cu noua construc\u021bie \u0219i cu protec\u021bia la ap\u0103.<\/p>\n<p>Actuala genera\u021bie <a href=\"https:\/\/www.mobilissimo.ro\/stiri-tablete\/apple-prezinta-ipad-mini-2024\" rel=\"nofollow noopener\" target=\"_blank\">iPad mini a debutat \u00een octombrie 2024<\/a>, cu procesor A17 Pro, suport Apple Pencil Pro \u0219i compatibilitate Apple Intelligence. Dac\u0103 termenul vehiculat acum se confirm\u0103, succesorul va veni dup\u0103 aproximativ doi ani \u0219i va muta accentul de la un simplu upgrade de procesor spre ecran \u0219i construc\u021bie. Pentru moment, informa\u021bia concret\u0103 este c\u0103 modelul OLED ar trebui s\u0103 intre la v\u00e2nzare p\u00e2n\u0103 la sf\u00e2r\u0219itul lunii octombrie 2026.<\/p>\n","protected":false},"excerpt":{"rendered":"Urm\u0103torul iPad mini cu ecran OLED ar ajunge la v\u00e2nzare p\u00e2n\u0103 la final de octombrie. Informa\u021bia restr\u00e2nge fereastra&hellip;\n","protected":false},"author":2,"featured_media":281400,"comment_status":"","ping_status":"","sticky":false,"template":"","format":"standard","meta":{"footnotes":"","_share_on_mastodon":"0"},"categories":[16],"tags":[11229,30940,83,25025,23837,3647,41,40,38,39,18641,141,124],"class_list":["post-281399","post","type-post","status-publish","format-standard","has-post-thumbnail","category-tehnologie","tag-a19-pro","tag-a20-pro","tag-apple","tag-ipad-mini","tag-ipados","tag-oled","tag-ro","tag-romana","tag-romania","tag-romanian","tag-tablete","tag-technology","tag-tehnologie"],"share_on_mastodon":{"url":"https:\/\/pubeurope.com\/@ro\/117187730892934374","error":""},"_links":{"self":[{"href":"https:\/\/www.europesays.com\/ro\/wp-json\/wp\/v2\/posts\/281399","targetHints":{"allow":["GET"]}}],"collection":[{"href":"https:\/\/www.europesays.com\/ro\/wp-json\/wp\/v2\/posts"}],"about":[{"href":"https:\/\/www.europesays.com\/ro\/wp-json\/wp\/v2\/types\/post"}],"author":[{"embeddable":true,"href":"https:\/\/www.europesays.com\/ro\/wp-json\/wp\/v2\/users\/2"}],"replies":[{"embeddable":true,"href":"https:\/\/www.europesays.com\/ro\/wp-json\/wp\/v2\/comments?post=281399"}],"version-history":[{"count":0,"href":"https:\/\/www.europesays.com\/ro\/wp-json\/wp\/v2\/posts\/281399\/revisions"}],"wp:featuredmedia":[{"embeddable":true,"href":"https:\/\/www.europesays.com\/ro\/wp-json\/wp\/v2\/media\/281400"}],"wp:attachment":[{"href":"https:\/\/www.europesays.com\/ro\/wp-json\/wp\/v2\/media?parent=281399"}],"wp:term":[{"taxonomy":"category","embeddable":true,"href":"https:\/\/www.europesays.com\/ro\/wp-json\/wp\/v2\/categories?post=281399"},{"taxonomy":"post_tag","embeddable":true,"href":"https:\/\/www.europesays.com\/ro\/wp-json\/wp\/v2\/tags?post=281399"}],"curies":[{"name":"wp","href":"https:\/\/api.w.org\/{rel}","templated":true}]}}