{"id":281401,"date":"2026-08-31T02:26:20","date_gmt":"2026-08-31T02:26:20","guid":{"rendered":"https:\/\/www.europesays.com\/ro\/281401\/"},"modified":"2026-08-31T02:26:20","modified_gmt":"2026-08-31T02:26:20","slug":"iphone-ultra-a-fost-testat-cu-apple-pencil-ce-decizie-a-luat-apple","status":"publish","type":"post","link":"https:\/\/www.europesays.com\/ro\/281401\/","title":{"rendered":"iPhone Ultra a fost testat cu Apple Pencil, ce decizie a luat Apple"},"content":{"rendered":"<p>            <br style=\"clear: both; display: block; float: none;\"\/><br \/>\n<img title=\"iphone ultra camere carcasa apple\" fetchpriority=\"high\" decoding=\"async\" width=\"2560\" height=\"1440\" src=\"https:\/\/www.europesays.com\/ro\/wp-content\/uploads\/2026\/08\/1788143173_331_iphone-ultra-camere-carcasa-apple.webp\" alt=\"iphone ultra camere carcasa apple\" class=\"wp-image-653523\"  \/><\/p>\n<p class=\"wp-block-paragraph\">Apple nu ar urma s\u0103 ofere un Apple Pencil dedicat pentru viitorul iPhone Ultra, potrivit informa\u021biilor ap\u0103rute \u00eenaintea lans\u0103rii a\u0219teptate din toamn\u0103. De\u0219i compania ar fi testat un accesoriu de tip stylus pentru acest model, varianta analizat\u0103 nu ar fi trecut mai departe din cauza limit\u0103rilor de design \u0219i utilizare.<\/p>\n<p><br style=\"clear: both; display: block; float: none;\"\/><a href=\"https:\/\/google.com\/preferences\/source?q=idevice.ro\" aria-label=\"Adaug\u0103 iDevice.ro ca surs\u0103 preferat\u0103 \u00een Google\" class=\"external\" rel=\"nofollow noopener\" target=\"_blank\"><img loading=\"lazy\" decoding=\"async\" src=\"data:image\/svg+xml,%3Csvg%20xmlns=\" http:=\"\" alt=\"Adaug\u0103 iDevice.ro ca surs\u0103 preferat\u0103 \u00een Google\" width=\"200\" height=\"73\" data-lazy-src=\"https:\/\/www.europesays.com\/ro\/wp-content\/uploads\/2026\/08\/1788143174_19_google_preferred_source_badge_light_en.png\"\/><\/a><\/p>\n<p class=\"wp-block-paragraph\">Informa\u021bia vine \u00een contextul \u00een care iPad-ul are de ani buni suport pentru Apple Pencil, \u00eens\u0103 iPhone-ul a r\u0103mas doar la controlulul prin atingere cu degetul. Chiar dac\u0103 pozi\u021bia istoric\u0103 a Apple fa\u021b\u0103 de stylus ar fi putut evolua \u00eentre timp, se pare c\u0103 primul iPhone pliabil nu va schimba aceast\u0103 direc\u021bie.<\/p>\n<p><br style=\"clear: both; display: block; float: none;\"\/><\/p>\n<p>Apple ar fi testat un Apple Pencil mai scurt<\/p>\n<p class=\"wp-block-paragraph\">Apple ar fi realizat cel pu\u021bin un prototip de Apple Pencil mai scurt, g\u00e2ndit s\u0103 se ata\u0219eze magnetic de iPhone Ultra. Ideea p\u0103rea s\u0103 urm\u0103reasc\u0103 aceea\u0219i logic\u0103 de integrare v\u0103zut\u0103 la unele iPad-uri, unde accesoriul poate fi prins de marginea dispozitivului.<\/p>\n<p class=\"wp-block-paragraph\">Totu\u0219i, testele interne ar fi ar\u0103tat c\u0103 un astfel de produs nu se potrive\u0219te bine cu formatul unui telefon pliabil. C\u00e2nd dispozitivul este \u00eenchis, stylusul s-ar alinia pe latura \u00eenalt\u0103 a terminalului, ceea ce ar putea face deschiderea mai incomod\u0103.<\/p>\n<p class=\"wp-block-paragraph\">Mai exact, utilizatorul ar putea fi nevoit s\u0103 \u00eendep\u0103rteze stylusul doar pentru a deschide ecranul, chiar \u0219i atunci c\u00e2nd nu inten\u021bioneaz\u0103 s\u0103 \u00eel foloseasc\u0103. \u00cen practic\u0103, acest pas suplimentar ar reduce din utilitatea accesoriului \u0219i ar complica experien\u021ba de zi cu zi.<\/p>\n<p>Ar exista \u0219i \u00eengrijor\u0103ri legate de ecran<\/p>\n<p>\t\t\t<a href=\"https:\/\/www.idevice.ro\/wp-content\/uploads\/2026\/08\/iPhone-ULTRA-vs-iPhone-16-Pro-Max-foto-scaled.webp\" data-caption-desc=\"iPhone ULTRA vs iPhone 16 Pro Max foto\" data-attachment-id=\"653524\" data-type=\"image\" class=\"fg-thumb\" rel=\"nofollow noopener\" target=\"_blank\"><img loading=\"lazy\" src=\"https:\/\/www.europesays.com\/ro\/wp-content\/uploads\/2026\/08\/4178844451.webp\" alt=\"iPhone ULTRA vs iPhone 16 Pro Max foto\" width=\"640\" height=\"360\" class=\"skip-lazy fg-image\" data-no-lazy=\"1\" decoding=\"async\"\/><\/a><\/p>\n<p>iPhone ULTRA vs iPhone 16 Pro Max foto<\/p>\n<p><a href=\"https:\/\/www.europesays.com\/ro\/wp-content\/uploads\/2026\/08\/1788143173_331_iphone-ultra-camere-carcasa-apple.webp\" data-caption-desc=\"iphone ultra camere carcasa apple\" data-attachment-id=\"653523\" data-type=\"image\" class=\"fg-thumb\"><img loading=\"lazy\" src=\"https:\/\/www.europesays.com\/ro\/wp-content\/uploads\/2026\/08\/771771533.webp\" alt=\"iphone ultra camere carcasa apple\" width=\"640\" height=\"360\" class=\"skip-lazy fg-image\" data-no-lazy=\"1\" decoding=\"async\"\/><\/a><\/p>\n<p>iphone ultra camere carcasa apple<\/p>\n<p><a href=\"https:\/\/www.idevice.ro\/wp-content\/uploads\/2026\/08\/iPhone-Ultra-este-Asteptat-in-Aceste-2-Culori.webp\" data-caption-title=\"iPhone Ultra este Asteptat in Aceste 2 Culori.\" data-caption-desc=\"iPhone Ultra este Asteptat in Aceste 2 Culori\" data-attachment-id=\"652842\" data-type=\"image\" class=\"fg-thumb\" rel=\"nofollow noopener\" target=\"_blank\"><img loading=\"lazy\" src=\"https:\/\/www.europesays.com\/ro\/wp-content\/uploads\/2026\/08\/3854928670.webp\" alt=\"iPhone Ultra este Asteptat in Aceste 2 Culori\" title=\"iPhone Ultra este Asteptat in Aceste 2 Culori.\" width=\"640\" height=\"360\" class=\"skip-lazy fg-image\" data-no-lazy=\"1\" decoding=\"async\"\/><\/a><\/p>\n<p>iPhone Ultra este Asteptat in Aceste 2 Culori.<\/p>\n<p>iPhone Ultra este Asteptat in Aceste 2 Culori<\/p>\n<p><a href=\"https:\/\/www.idevice.ro\/wp-content\/uploads\/2026\/08\/iPhone-Ultra-albastru-inchis.webp\" data-caption-desc=\"iPhone Ultra albastru inchis\" data-attachment-id=\"652843\" data-type=\"image\" class=\"fg-thumb\" rel=\"nofollow noopener\" target=\"_blank\"><img loading=\"lazy\" src=\"https:\/\/www.europesays.com\/ro\/wp-content\/uploads\/2026\/08\/2096894252.webp\" alt=\"iPhone Ultra albastru inchis\" width=\"640\" height=\"360\" class=\"skip-lazy fg-image\" data-no-lazy=\"1\" decoding=\"async\"\/><\/a><\/p>\n<p>iPhone Ultra albastru inchis<\/p>\n<p><a href=\"https:\/\/www.idevice.ro\/wp-content\/uploads\/2026\/08\/iPhone-Ultra-argintiu.webp\" data-caption-desc=\"iPhone Ultra argintiu\" data-attachment-id=\"652844\" data-type=\"image\" class=\"fg-thumb\" rel=\"nofollow noopener\" target=\"_blank\"><img loading=\"lazy\" src=\"https:\/\/www.europesays.com\/ro\/wp-content\/uploads\/2026\/08\/2884689736.webp\" alt=\"iPhone Ultra argintiu\" width=\"640\" height=\"360\" class=\"skip-lazy fg-image\" data-no-lazy=\"1\" decoding=\"async\"\/><\/a><a href=\"https:\/\/www.idevice.ro\/wp-content\/uploads\/2026\/07\/iPhone-ULTRA-productie-Apple-componente-scaled.webp\" data-caption-desc=\"iPhone ULTRA productie Apple componente\" data-attachment-id=\"650177\" data-type=\"image\" class=\"fg-thumb\" rel=\"nofollow noopener\" target=\"_blank\"><img loading=\"lazy\" src=\"https:\/\/www.europesays.com\/ro\/wp-content\/uploads\/2026\/08\/1262325934.webp\" alt=\"iPhone ULTRA productie Apple componente\" width=\"640\" height=\"360\" class=\"skip-lazy fg-image\" data-no-lazy=\"1\" decoding=\"async\"\/><\/a><\/p>\n<p>iPhone ULTRA productie Apple componente<\/p>\n<p><a href=\"https:\/\/www.idevice.ro\/wp-content\/uploads\/2026\/07\/componentele-iPhone-ULTRA-apple-scaled.webp\" data-caption-desc=\"componentele iPhone ULTRA apple\" data-attachment-id=\"650176\" data-type=\"image\" class=\"fg-thumb\" rel=\"nofollow noopener\" target=\"_blank\"><img loading=\"lazy\" src=\"https:\/\/www.europesays.com\/ro\/wp-content\/uploads\/2026\/08\/2143097120.webp\" alt=\"componentele iPhone ULTRA apple\" width=\"640\" height=\"360\" class=\"skip-lazy fg-image\" data-no-lazy=\"1\" decoding=\"async\"\/><\/a><\/p>\n<p>componentele iPhone ULTRA apple<\/p>\n<p><a href=\"https:\/\/www.idevice.ro\/wp-content\/uploads\/2026\/06\/iPhone-Ultra-carnete.webp\" data-caption-desc=\"iPhone Ultra carnete\" data-attachment-id=\"645784\" data-type=\"image\" class=\"fg-thumb\" rel=\"nofollow noopener\" target=\"_blank\"><img loading=\"lazy\" src=\"https:\/\/www.europesays.com\/ro\/wp-content\/uploads\/2026\/08\/1774547343.webp\" alt=\"iPhone Ultra carnete\" width=\"640\" height=\"360\" class=\"skip-lazy fg-image\" data-no-lazy=\"1\" decoding=\"async\"\/><\/a><a href=\"https:\/\/www.idevice.ro\/wp-content\/uploads\/2026\/06\/iPhone-Ultra-depliat.webp\" data-caption-desc=\"iPhone Ultra depliat\" data-attachment-id=\"645783\" data-type=\"image\" class=\"fg-thumb\" rel=\"nofollow noopener\" target=\"_blank\"><img loading=\"lazy\" src=\"https:\/\/www.europesays.com\/ro\/wp-content\/uploads\/2026\/08\/3637202809.webp\" alt=\"iPhone Ultra depliat\" width=\"640\" height=\"360\" class=\"skip-lazy fg-image\" data-no-lazy=\"1\" decoding=\"async\"\/><\/a><a href=\"https:\/\/www.idevice.ro\/wp-content\/uploads\/2026\/06\/iPhone-fold-macheta-Apple.webp\" data-caption-desc=\"iPhone fold macheta Apple\" data-attachment-id=\"644977\" data-type=\"image\" class=\"fg-thumb\" rel=\"nofollow noopener\" target=\"_blank\"><img loading=\"lazy\" src=\"https:\/\/www.europesays.com\/ro\/wp-content\/uploads\/2026\/08\/1378066226.webp\" alt=\"iPhone fold macheta Apple\" width=\"640\" height=\"360\" class=\"skip-lazy fg-image\" data-no-lazy=\"1\" decoding=\"async\"\/><\/a><\/p>\n<p>iPhone fold macheta Apple<\/p>\n<p><a href=\"https:\/\/www.idevice.ro\/wp-content\/uploads\/2026\/06\/iPhone-fold-alb-negru.webp\" data-caption-title=\"Machete ale iPhone FOLD f\u0103cute \u00een baza schitelor de produc\u021bie ale Apple.\" data-caption-desc=\"iPhone fold alb negru\" data-attachment-id=\"645428\" data-type=\"image\" class=\"fg-thumb\" rel=\"nofollow noopener\" target=\"_blank\"><img loading=\"lazy\" src=\"https:\/\/www.europesays.com\/ro\/wp-content\/uploads\/2026\/08\/1041711386.webp\" alt=\"iPhone fold alb negru\" title=\"Machete ale iPhone FOLD f\u0103cute \u00een baza schitelor de produc\u021bie ale Apple.\" width=\"640\" height=\"360\" class=\"skip-lazy fg-image\" data-no-lazy=\"1\" decoding=\"async\"\/><\/a><\/p>\n<p>Machete ale iPhone FOLD f\u0103cute \u00een baza schitelor de produc\u021bie ale Apple.<\/p>\n<p>iPhone fold alb negru<\/p>\n<p><a href=\"https:\/\/www.idevice.ro\/wp-content\/uploads\/2026\/06\/Imaginile-iPhone-FOLD-Confirma-Planurile-Apple-Pliabil.webp\" data-caption-desc=\"Imaginile iPhone FOLD Confirma Planurile Apple Pliabil\" data-attachment-id=\"645540\" data-type=\"image\" class=\"fg-thumb\" rel=\"nofollow noopener\" target=\"_blank\"><img loading=\"lazy\" src=\"https:\/\/www.europesays.com\/ro\/wp-content\/uploads\/2026\/08\/1417951058.webp\" alt=\"Imaginile iPhone FOLD Confirma Planurile Apple Pliabil\" width=\"640\" height=\"360\" class=\"skip-lazy fg-image\" data-no-lazy=\"1\" decoding=\"async\"\/><\/a><\/p>\n<p>Imaginile iPhone FOLD Confirma Planurile Apple Pliabil<\/p>\n<p><a href=\"https:\/\/www.idevice.ro\/wp-content\/uploads\/2026\/06\/iPhone-FOLD-alb-depliat.webp\" data-caption-title=\"Prototip al iPhone Fold.\" data-caption-desc=\"iPhone FOLD alb depliat\" data-attachment-id=\"645541\" data-type=\"image\" class=\"fg-thumb\" rel=\"nofollow noopener\" target=\"_blank\"><img loading=\"lazy\" src=\"https:\/\/www.europesays.com\/ro\/wp-content\/uploads\/2026\/08\/2516279980.webp\" alt=\"iPhone FOLD alb depliat\" title=\"Prototip al iPhone Fold.\" width=\"640\" height=\"360\" class=\"skip-lazy fg-image\" data-no-lazy=\"1\" decoding=\"async\"\/><\/a><\/p>\n<p>Prototip al iPhone Fold.<\/p>\n<p>iPhone FOLD alb depliat<\/p>\n<p><a href=\"https:\/\/www.idevice.ro\/wp-content\/uploads\/2026\/06\/iphone-FOLD-deschis.webp\" data-caption-desc=\"iphone FOLD deschis\" data-attachment-id=\"645542\" data-type=\"image\" class=\"fg-thumb\" rel=\"nofollow noopener\" target=\"_blank\"><img loading=\"lazy\" src=\"https:\/\/www.europesays.com\/ro\/wp-content\/uploads\/2026\/08\/2508224402.webp\" alt=\"iphone FOLD deschis\" width=\"640\" height=\"360\" class=\"skip-lazy fg-image\" data-no-lazy=\"1\" decoding=\"async\"\/><\/a>\t\t<\/p>\n<p>\n\t\t\tPrev<br \/>\n\t\t\t1of14<br \/>\n\t\t\tNext\n\t\t<\/p>\n<p class=\"wp-block-paragraph\">Un alt motiv important pentru care Apple nu ar merge mai departe cu ideea \u021bine de construc\u021bia display-ului \u0219i ar fi existat temeri privind sensibilitatea panoului la acest tip de interactiune. Mai exact, folosirea unui Apple Pencil pe ecranul iPhone Ultra ar fi putut l\u0103sa urme vizibile, descrise drept inestetice, iar pentru un produs nou, unde ecranul este elementul central, o astfel de problem\u0103 ar conta mult \u00een decizia final\u0103.<\/p>\n<p class=\"wp-block-paragraph\">Din acest motiv, este de a\u0219teptat ca prima genera\u021bie a modelului s\u0103 ajung\u0103 pe pia\u021b\u0103 f\u0103r\u0103 stylus inclus \u0219i f\u0103r\u0103 compatibilitate oficial\u0103 cu Apple Pencil. Informa\u021bia se aplic\u0103 inclusiv versiunii USB-C a accesoriului, care nu ar urma s\u0103 fie suportat\u0103 pe acest dispozitiv.<\/p>\n<p>Ce \u00eenseamn\u0103 asta pentru utilizatorii care vin de pe iPad mini<\/p>\n<p class=\"wp-block-paragraph\">Lipsa suportului pentru Apple Pencil ar putea conta mai ales pentru cei care se g\u00e2ndesc s\u0103 \u00eenlocuiasc\u0103 at\u00e2t iPad mini, c\u00e2t \u0219i iPhone-ul cu un singur dispozitiv pliabil. Dac\u0103 iPad mini este folosit \u00een prezent pentru desen sau noti\u021be cu Apple Pencil, acea func\u021bionalitate nu ar urma s\u0103 fie preluat\u0103 de iPhone Ultra.<\/p>\n<p class=\"wp-block-paragraph\">Cu alte cuvinte, telefonul pliabil ar putea oferi un ecran mai mare dec\u00e2t un iPhone clasic, dar nu \u0219i experien\u021ba de lucru specific\u0103 unui iPad compatibil cu stylusul Apple. Pentru o parte dintre utilizatori, aceasta ar putea fi o limitare important\u0103 la prima genera\u021bie.<\/p>\n<p>Stylusurile capacitive ter\u021be ar trebui s\u0103 func\u021bioneze<\/p>\n<p class=\"wp-block-paragraph\">Chiar \u0219i \u00een lipsa compatibilit\u0103\u021bii oficiale cu Apple Pencil, sursa noteaz\u0103 c\u0103 stylusurile capacitive standard realizate de ter\u021bi pentru iPhone ar trebui s\u0103 func\u021bioneze \u0219i pe un iPhone pliabil. Aceste accesorii exist\u0103 deja \u00een mai multe variante, inclusiv cu v\u00e2rf din cauciuc sau modele care se \u00eencarc\u0103.<\/p>\n<p class=\"wp-block-paragraph\">Totu\u0219i, ele nu ofer\u0103 acela\u0219i nivel de precizie, deci \u00een esen\u021b\u0103, astfel de stylusuri imit\u0103 semnalul electric generat de deget, ceea ce \u00eenseamn\u0103 c\u0103 avantajele pentru desen fin sau input foarte exact sunt limitate.<\/p>\n<p>Lansarea ar putea avea loc pe 9 septembrie<\/p>\n<p class=\"wp-block-paragraph\">Apple este a\u0219teptat\u0103 s\u0103 prezinte iPhone Ultra \u0219i iPhone 18 Pro \u00een cadrul evenimentului \u201eSurprise and Shine\u201d, programat pentru 9 septembrie. Dup\u0103 anun\u021b, ar urma s\u0103 \u00eenceap\u0103 \u0219i perioada de precomand\u0103.<\/p>\n<p class=\"wp-block-paragraph\">\u00cen acest moment, calendarul exact pentru precomenzi \u0219i lansarea comercial\u0103 nu este cunoscut. P\u00e2n\u0103 la confirmarea oficial\u0103, toate aceste detalii trebuie privite \u00een cheia informa\u021biilor neconfirmate, \u00eens\u0103 mesajul principal pare clar: primul iPhone pliabil al Apple nu ar urma s\u0103 vin\u0103 cu Apple Pencil \u0219i nici cu suport oficial pentru acest accesoriu.<\/p>\n<p><br style=\"clear: both; display: block; float: none;\"\/>\t\t\t<\/p>\n","protected":false},"excerpt":{"rendered":"Apple nu ar urma s\u0103 ofere un Apple Pencil dedicat pentru viitorul iPhone Ultra, potrivit informa\u021biilor ap\u0103rute \u00eenaintea&hellip;\n","protected":false},"author":2,"featured_media":281402,"comment_status":"","ping_status":"","sticky":false,"template":"","format":"standard","meta":{"footnotes":"","_share_on_mastodon":"0"},"categories":[16],"tags":[77488,41,40,38,39,141,124,21501],"class_list":["post-281401","post","type-post","status-publish","format-standard","has-post-thumbnail","category-tehnologie","tag-apple-pencil","tag-ro","tag-romana","tag-romania","tag-romanian","tag-technology","tag-tehnologie","tag-telefon-pliabil"],"share_on_mastodon":{"url":"https:\/\/pubeurope.com\/@ro\/117187758984072102","error":""},"_links":{"self":[{"href":"https:\/\/www.europesays.com\/ro\/wp-json\/wp\/v2\/posts\/281401","targetHints":{"allow":["GET"]}}],"collection":[{"href":"https:\/\/www.europesays.com\/ro\/wp-json\/wp\/v2\/posts"}],"about":[{"href":"https:\/\/www.europesays.com\/ro\/wp-json\/wp\/v2\/types\/post"}],"author":[{"embeddable":true,"href":"https:\/\/www.europesays.com\/ro\/wp-json\/wp\/v2\/users\/2"}],"replies":[{"embeddable":true,"href":"https:\/\/www.europesays.com\/ro\/wp-json\/wp\/v2\/comments?post=281401"}],"version-history":[{"count":0,"href":"https:\/\/www.europesays.com\/ro\/wp-json\/wp\/v2\/posts\/281401\/revisions"}],"wp:featuredmedia":[{"embeddable":true,"href":"https:\/\/www.europesays.com\/ro\/wp-json\/wp\/v2\/media\/281402"}],"wp:attachment":[{"href":"https:\/\/www.europesays.com\/ro\/wp-json\/wp\/v2\/media?parent=281401"}],"wp:term":[{"taxonomy":"category","embeddable":true,"href":"https:\/\/www.europesays.com\/ro\/wp-json\/wp\/v2\/categories?post=281401"},{"taxonomy":"post_tag","embeddable":true,"href":"https:\/\/www.europesays.com\/ro\/wp-json\/wp\/v2\/tags?post=281401"}],"curies":[{"name":"wp","href":"https:\/\/api.w.org\/{rel}","templated":true}]}}