{"id":281403,"date":"2026-08-31T02:33:10","date_gmt":"2026-08-31T02:33:10","guid":{"rendered":"https:\/\/www.europesays.com\/ro\/281403\/"},"modified":"2026-08-31T02:33:10","modified_gmt":"2026-08-31T02:33:10","slug":"garmin-repara-peste-o-duzina-de-probleme-pe-5-smartwatch-uri-atentie-insa-la-ecg-pe-venu-4","status":"publish","type":"post","link":"https:\/\/www.europesays.com\/ro\/281403\/","title":{"rendered":"Garmin repar\u0103 peste o duzin\u0103 de probleme pe 5 smartwatch-uri; Aten\u021bie \u00eens\u0103 la ECG pe Venu 4"},"content":{"rendered":"<p>Garmin preg\u0103te\u0219te un nou update beta pentru cinci dintre smartwatch-urile sale recente, iar versiunea 18.27 vine cu peste o duzin\u0103 de corec\u021bii, f\u0103r\u0103 func\u021bii noi. <a href=\"https:\/\/www.notebookcheck.net\/Garmin-releases-new-update-to-multiple-smartwatches-with-more-than-a-dozen-improvements.1382937.0.html\" rel=\"nofollow noopener noreferrer\" target=\"_blank\">Notebookcheck<\/a> semnaleaz\u0103 actualizarea pentru Forerunner 570, Forerunner 970, Venu 4, Venu X1 \u0219i vivoactive 6. Dac\u0103 ai unul dintre ele \u0219i \u021bi s-a p\u0103rut c\u0103 unele lucruri elementare se comport\u0103 cam ciudat, lista explic\u0103 destule.<\/p>\n<p>Printre problemele reparate apar gesturi care r\u0103spundeau inconsistent pe ecran, setarea Always-On Display care uneori nu se activa, controlul volumului din aplica\u021bia Music \u0219i situa\u021bii \u00een care muzica nu se oprea corect c\u00e2nd sursa era telefonul. Garmin intervine \u0219i asupra asistentului vocal al telefonului: comenzile puteau s\u0103 nu fie recunoscute, iar dup\u0103 \u00eentreruperea provocat\u0103 de un apel primit func\u021bia putea r\u0103m\u00e2ne inutilizabil\u0103. Changelog-ul oficial este acela\u0219i pe <a href=\"https:\/\/forums.garmin.com\/beta-program\/forerunner-570\/f\/announcements\/442921\/public-beta-version-18-27---30-rollout\" rel=\"nofollow noopener noreferrer\" target=\"_blank\">Forerunner 570<\/a> \u0219i celelalte modele vizate.<\/p>\n<p>Mai serioas\u0103 este corec\u021bia pentru Incident Detection, unde tonul de alert\u0103 putea s\u0103 nu fie redat. Sunt reparate \u0219i mesajele audio pentru spectatori, care puteau fi \u00eentrerupte \u00eenainte de final sau acoperite de muzic\u0103, precum \u0219i \u00eent\u00e2rzierea afi\u0219\u0103rii promptului pentru scor \u00een timpul unei partide de golf. Nu sunt func\u021bii care v\u00e2nd un smartwatch \u00eentr-un banner, dar tocmai astfel de bug-uri tind s\u0103 te enerveze dup\u0103 ce ai dat banii pe el.<\/p>\n<p>Lista celor cinci modele spune \u0219i c\u00e2t de mult a unificat Garmin partea software pe genera\u021bia actual\u0103. Avem at\u00e2t ceasurile de alergare <a href=\"https:\/\/www.mobilissimo.ro\/recenzii-ceasuri-inteligente\/prezentare-garmin-forerunner-570-47mm\" rel=\"nofollow noopener\" target=\"_blank\">Forerunner 570, pe care l-am testat \u0219i noi<\/a>, \u0219i Forerunner 970, c\u00e2t \u0219i modelele orientate mai mult spre utilizarea de zi cu zi. <a href=\"https:\/\/www.mobilissimo.ro\/recenzii-ceasuri-inteligente\/prezentare-garmin-venu-x1\" rel=\"nofollow noopener\" target=\"_blank\">Venu X1 a trecut deja prin testele Mobilissimo<\/a>, iar vivoactive 6 a debutat anul trecut ca o variant\u0103 mai accesibil\u0103, cu ecran AMOLED \u0219i autonomie declarat\u0103 de p\u00e2n\u0103 la 11 zile. Garmin distribuise \u00een februarie \u0219i <a href=\"https:\/\/www.mobilissimo.ro\/stiri-ceasuri-inteligente\/garmin-lanseaza-un-update-major-pentru-o-multime-de-smartwatch-uri-din-portofoliu-adue-tracking-avansat-pentru-echipament-si-planner-pentru-curse-direct-pe-ceas\" rel=\"nofollow noopener\" target=\"_blank\">un update mult mai amplu pentru aceea\u0219i familie de ceasuri<\/a>, atunci cu func\u021bii noi, nu doar repara\u021bii.<\/p>\n<p>Exist\u0103 \u00eens\u0103 o capcan\u0103 pentru posesorii de Venu 4: Garmin precizeaz\u0103 c\u0103 aplica\u021bia ECG este dezactivat\u0103 \u00een versiunile beta din aceast\u0103 etap\u0103 a ciclului de testare. Dac\u0103 vrei s\u0103 p\u0103strezi ECG disponibil pe ceas, recomandarea companiei este s\u0103 nu intri momentan \u00een programul Public Beta; func\u021bia revine \u00een versiunile beta apropiate de release-ul stabil.<\/p>\n<p>Beta 18.27 se poate instala din Settings &gt; System &gt; Software Update &gt; Check For Updates pentru utilizatorii \u00eenscri\u0219i \u00een programul de testare. Pe Forerunner 570, Garmin indic\u0103 deja distribu\u021bie la 100%, iar update-ul este disponibil \u0219i pentru Forerunner 970, Venu 4, Venu X1 \u0219i vivoactive 6. Versiunea stabil\u0103 nu are \u00eenc\u0103 o dat\u0103 anun\u021bat\u0103.<\/p>\n","protected":false},"excerpt":{"rendered":"Garmin preg\u0103te\u0219te un nou update beta pentru cinci dintre smartwatch-urile sale recente, iar versiunea 18.27 vine cu peste&hellip;\n","protected":false},"author":2,"featured_media":281404,"comment_status":"","ping_status":"","sticky":false,"template":"","format":"standard","meta":{"footnotes":"","_share_on_mastodon":"0"},"categories":[16],"tags":[64358,77007,787,77520,61806,788,8448,77521,77523,41,40,38,39,3651,141,124,77522],"class_list":["post-281403","post","type-post","status-publish","format-standard","has-post-thumbnail","category-tehnologie","tag-actualizari-software","tag-ecg","tag-garmin","tag-garmin-forerunner-570","tag-garmin-forerunner-970","tag-garmin-venu-4","tag-garmin-venu-x1","tag-garmin-vivoactive-6","tag-incident-detection","tag-ro","tag-romana","tag-romania","tag-romanian","tag-smartwatch","tag-technology","tag-tehnologie","tag-versiuni-beta"],"share_on_mastodon":{"url":"https:\/\/pubeurope.com\/@ro\/117187785874652298","error":""},"_links":{"self":[{"href":"https:\/\/www.europesays.com\/ro\/wp-json\/wp\/v2\/posts\/281403","targetHints":{"allow":["GET"]}}],"collection":[{"href":"https:\/\/www.europesays.com\/ro\/wp-json\/wp\/v2\/posts"}],"about":[{"href":"https:\/\/www.europesays.com\/ro\/wp-json\/wp\/v2\/types\/post"}],"author":[{"embeddable":true,"href":"https:\/\/www.europesays.com\/ro\/wp-json\/wp\/v2\/users\/2"}],"replies":[{"embeddable":true,"href":"https:\/\/www.europesays.com\/ro\/wp-json\/wp\/v2\/comments?post=281403"}],"version-history":[{"count":0,"href":"https:\/\/www.europesays.com\/ro\/wp-json\/wp\/v2\/posts\/281403\/revisions"}],"wp:featuredmedia":[{"embeddable":true,"href":"https:\/\/www.europesays.com\/ro\/wp-json\/wp\/v2\/media\/281404"}],"wp:attachment":[{"href":"https:\/\/www.europesays.com\/ro\/wp-json\/wp\/v2\/media?parent=281403"}],"wp:term":[{"taxonomy":"category","embeddable":true,"href":"https:\/\/www.europesays.com\/ro\/wp-json\/wp\/v2\/categories?post=281403"},{"taxonomy":"post_tag","embeddable":true,"href":"https:\/\/www.europesays.com\/ro\/wp-json\/wp\/v2\/tags?post=281403"}],"curies":[{"name":"wp","href":"https:\/\/api.w.org\/{rel}","templated":true}]}}