{"id":281409,"date":"2026-08-31T03:03:08","date_gmt":"2026-08-31T03:03:08","guid":{"rendered":"https:\/\/www.europesays.com\/ro\/281409\/"},"modified":"2026-08-31T03:03:08","modified_gmt":"2026-08-31T03:03:08","slug":"cum-a-preluat-trump-controlul-tranzitiei-democratice-din-venezuela-sua-au-marginalizat-o-pe-maria-corina-machado","status":"publish","type":"post","link":"https:\/\/www.europesays.com\/ro\/281409\/","title":{"rendered":"Cum a preluat Trump controlul tranzi\u021biei democratice din Venezuela. SUA au marginalizat-o pe Mar\u00eda Corina Machado"},"content":{"rendered":"<p>Hotelul Marriott din Caracas, baza opera\u021biunilor SUA \u00een Venezuela<\/p>\n<p>\u00cen ultimele opt luni, hotelul Marriott din centrul ora\u0219ului Caracas a devenit baza opera\u021biunilor SUA \u00een Venezuela, potrivit unei investiga\u021bii <a href=\"https:\/\/www.politico.com\/news\/2026\/08\/29\/venezuela-democracy-transition-machado-figuera-01053625\" target=\"_blank\" rel=\"nofollow noreferrer noopener\">Politico<\/a>. <\/p>\n<p>Dup\u0103 capturarea dictatorului Nicol\u00e1s Maduro de c\u0103tre for\u021bele speciale americane, \u00een ianuarie 2026, hotelul a g\u0103zduit diploma\u021bi, agen\u021bi \u0219i oficiali americani, preg\u0103tind redeschiderea Ambasadei SUA, care a avut loc \u00een martie. Acum, acela\u0219i hotel este epicentrul planului american de tranzi\u021bie democratic\u0103 \u00een Venezuela, devenind locul \u00eent\u00e2lnirilor decisive \u00eentre reprezentan\u021bii guvernului interimar \u0219i ai opozi\u021biei.<\/p>\n<p>\u201eRela\u021biile dintre Venezuela \u0219i Statele Unite au fost extraordinare pentru noi \u0219i pentru poporul venezuelean\u201d, a declarat Casa Alb\u0103 \u00eentr-un comunicat recent, subliniind cooperarea cu liderii interimari \u0219i beneficiile economice aduse de produc\u021bia de petrol. Cu toate acestea, interven\u021bia SUA \u00een procesul democratic al Venezuelei a fost perceput\u0103 ca fiind una dominant\u0103, inclusiv prin selectarea liderilor care s\u0103 negocieze viitorul politic al \u021b\u0103rii.<\/p>\n<p>Alegerea lui Dinorah Figuera ca lider surpriz\u0103 al Opozi\u021biei, o decizie contestat\u0103<\/p>\n<p>O alegere controversat\u0103 a fost numirea Dinorei Figuera, o politician\u0103 mai pu\u021bin cunoscut\u0103, drept reprezentant\u0103 a opozi\u021biei \u00een negocierile pentru tranzi\u021bia democratic\u0103. <\/p>\n<p>Potrivit <a href=\"https:\/\/www.politico.com\/news\/2026\/08\/29\/venezuela-democracy-transition-machado-figuera-01053625\" target=\"_blank\" rel=\"nofollow noreferrer noopener\">Politico<\/a>, Figuera, liderul Adun\u0103rii Na\u021bionale venezuelene aflate \u00een exil din 2015, a fost preferat\u0103 de administra\u021bia Trump \u00een detrimentul Mar\u00edei Corina Machado. Machado, c\u00e2\u0219tig\u0103toare a Premiului Nobel pentru Pace, era considerat\u0103 favorita pentru a conduce o viitoare guvernare democratic\u0103. Totu\u0219i, potrivit unui apropiat al administra\u021biei Trump, Figuera a fost selectat\u0103 deoarece era considerat\u0103 \u201eserioas\u0103, sobr\u0103 \u0219i f\u0103r\u0103 ambi\u021bii preziden\u021biale\u201d.<\/p>\n<p>Elliott Abrams, fost emisar special al SUA pentru Venezuela \u00een primul mandat al lui Trump, a declarat: \u201eNimeni din opozi\u021bia venezuelean\u0103, nimeni, nu ar fi selectat-o pe ea ca reprezentant\u0103.\u201d Cu toate acestea, Figuera a fost aleas\u0103 pentru a facilita tranzi\u021bia politic\u0103, av\u00e2nd sprijinul Statelor Unite. Aceasta a revenit \u00een Venezuela dup\u0103 opt ani de exil, \u00eentr-un moment crucial pentru viitorul \u021b\u0103rii.<\/p>\n<p>Care sunt interesele economice ale SUA \u00een Venezuela<\/p>\n<p>\u00cen paralel cu angajamentul declarat pentru democra\u021bie, SUA urm\u0103resc \u0219i interese economice \u00een Venezuela, \u021bar\u0103 cu vaste rezerve de petrol. Pre\u0219edintele Trump a anun\u021bat recent un parteneriat prin care SUA vor de\u021bine controlul majoritar asupra unei treimi din rezervele de petrol ale Venezuelei, consider\u00e2nd aceasta o colaborare benefic\u0103 pentru ambele p\u0103r\u021bi.<\/p>\n<p>Planul Americii pentru Venezuela<\/p>\n<p>Planul administra\u021biei Trump pentru Venezuela const\u0103 \u00een trei etape: stabilizarea, recuperarea \u0219i organizarea de alegeri democratice. De\u0219i secretarul de stat Marco Rubio a afirmat c\u0103 SUA \u201evor facilita, nu vor dicta\u201d procesul de tranzi\u021bie, implicarea activ\u0103 a Washingtonului \u00een numirea liderilor opozi\u021biei \u0219i \u00een negocieri a atras critici. Un purt\u0103tor de cuv\u00e2nt al Departamentului de Stat a evitat s\u0103 ofere detalii despre rolul exact al SUA, afirm\u00e2nd doar c\u0103 \u201eStatele Unite monitorizeaz\u0103 \u00eendeaproape procesul condus de Venezuela.\u201c\u00bb\u201d<\/p>\n<p>\u00cen timp ce discu\u021biile continu\u0103, miza r\u0103m\u00e2ne uria\u0219\u0103 pentru viitorul Venezuelei. \u00cen ciuda popularit\u0103\u021bii sale, Machado a fost exclus\u0103 din procesul de tranzi\u021bie, iar rolul s\u0103u \u00een viitorul politic al \u021b\u0103rii este incert. Figuera, de\u0219i mai pu\u021bin cunoscut\u0103, \u0219i-a asumat responsabilitatea de a negocia \u00een numele opozi\u021biei, declar\u00e2nd c\u0103 scopul s\u0103u principal este s\u0103 ajute la stabilirea unor alegeri libere \u0219i corecte. R\u0103m\u00e2ne de v\u0103zut dac\u0103 aceast\u0103 strategie va aduce stabilitate \u0219i democra\u021bie \u00een Venezuela sau dac\u0103 va alimenta noi tensiuni politice.<\/p>\n<p>\n                                    Abona\u021bi-v\u0103 la \u0218TIRILE ZILEI pentru a fi la curent cu cele mai noi informa\u021bii.\n                                <\/p>\n<p>                                    ABONEAZ\u0102-TE                                    <img class=\"img-responsive\" src=\"https:\/\/static4.libertatea.ro\/wp-content\/themes\/libertatea-twenty-four\/assets\/images\/single-2024\/send-5.svg\" alt=\"\u0218TIRILE ZILEI\" width=\"70\" height=\"70\" loading=\"lazy\" decoding=\"async\"\/><\/p>\n<p>Urm\u0103re\u0219te cel mai nou VIDEO<\/p>\n","protected":false},"excerpt":{"rendered":"Hotelul Marriott din Caracas, baza opera\u021biunilor SUA \u00een Venezuela \u00cen ultimele opt luni, hotelul Marriott din centrul ora\u0219ului&hellip;\n","protected":false},"author":2,"featured_media":281410,"comment_status":"","ping_status":"","sticky":false,"template":"","format":"standard","meta":{"footnotes":"","_share_on_mastodon":"0"},"categories":[12],"tags":[32,33,31,36,37,27,74,34,35,25,41,40,38,39,26,28,29,30,71,72,73],"class_list":["post-281409","post","type-post","status-publish","format-standard","has-post-thumbnail","category-international","tag-breaking-news","tag-breakingnews","tag-cele-mai-populare-subiecte","tag-featured-news","tag-featurednews","tag-headlines","tag-international","tag-latest-news","tag-latestnews","tag-news","tag-ro","tag-romana","tag-romania","tag-romanian","tag-stiri","tag-titluri","tag-top-stories","tag-topstories","tag-world","tag-world-news","tag-worldnews"],"share_on_mastodon":{"url":"https:\/\/pubeurope.com\/@ro\/117187904200015622","error":""},"_links":{"self":[{"href":"https:\/\/www.europesays.com\/ro\/wp-json\/wp\/v2\/posts\/281409","targetHints":{"allow":["GET"]}}],"collection":[{"href":"https:\/\/www.europesays.com\/ro\/wp-json\/wp\/v2\/posts"}],"about":[{"href":"https:\/\/www.europesays.com\/ro\/wp-json\/wp\/v2\/types\/post"}],"author":[{"embeddable":true,"href":"https:\/\/www.europesays.com\/ro\/wp-json\/wp\/v2\/users\/2"}],"replies":[{"embeddable":true,"href":"https:\/\/www.europesays.com\/ro\/wp-json\/wp\/v2\/comments?post=281409"}],"version-history":[{"count":0,"href":"https:\/\/www.europesays.com\/ro\/wp-json\/wp\/v2\/posts\/281409\/revisions"}],"wp:featuredmedia":[{"embeddable":true,"href":"https:\/\/www.europesays.com\/ro\/wp-json\/wp\/v2\/media\/281410"}],"wp:attachment":[{"href":"https:\/\/www.europesays.com\/ro\/wp-json\/wp\/v2\/media?parent=281409"}],"wp:term":[{"taxonomy":"category","embeddable":true,"href":"https:\/\/www.europesays.com\/ro\/wp-json\/wp\/v2\/categories?post=281409"},{"taxonomy":"post_tag","embeddable":true,"href":"https:\/\/www.europesays.com\/ro\/wp-json\/wp\/v2\/tags?post=281409"}],"curies":[{"name":"wp","href":"https:\/\/api.w.org\/{rel}","templated":true}]}}