{"id":281411,"date":"2026-08-31T03:24:12","date_gmt":"2026-08-31T03:24:12","guid":{"rendered":"https:\/\/www.europesays.com\/ro\/281411\/"},"modified":"2026-08-31T03:24:12","modified_gmt":"2026-08-31T03:24:12","slug":"37-de-morti-dupa-un-atac-rusesc-asupra-unui-depozit-de-munitii-ascuns-printre-casele-civililor","status":"publish","type":"post","link":"https:\/\/www.europesays.com\/ro\/281411\/","title":{"rendered":"37 de mor\u0163i, dup\u0103 un atac rusesc asupra unui depozit de muni\u0163ii ascuns printre casele civililor"},"content":{"rendered":"<p>Coloane negre de fum au continuat s\u0103 se vad\u0103 \u015fi la ore bune de la atac. Pompierii au dus o lupt\u0103 contracronometru cu fl\u0103c\u0103rile \u015fi abia dac\u0103 au putut salva ceva din depozit. \u00cen cartierul din apropiere, nimic nu mai e cum era odat\u0103. Casele oamenilor au fost f\u0103cute una cu p\u0103m\u00e2ntul, altele abia dac\u0103 mai stau \u00een picioare, iar ma\u015finile le-au fost distruse de deflagra\u0163ie.<\/p>\n<p>Multe familii au ajuns \u00een corturi puse la dispozi\u0163ie de autorit\u0103\u0163i. Tot acolo au primit \u015fi m\u00e2ncare pentru zilele urm\u0103toare. Atacul feroce cu drone Shaed a avut loc \u00een noaptea de 28 august, l\u00e2ng\u0103 Kiev. Depozitul care a ajuns \u0163inta ru\u015filor era plin cu muni\u0163ii, aflat l\u00e2ng\u0103 un cartier de locuin\u021be. Imagini filmate de cei care erau \u00een trafic surprind momentul exploziei: o minge uria\u015f\u0103 de foc se \u00eenal\u0163\u0103 spre cer, iar sc\u00e2nteile se \u00eempr\u0103\u015ftie \u00eemprejur.<\/p>\n<p>Pre\u0219edintele Volodimir Zelenski a anun\u021bat o anchet\u0103 pentru neglijen\u021b\u0103, deoarece muni\u021bia nu trebuia depozitat\u0103 l\u00e2ng\u0103 zone locuite. &#8222;O situa\u0163ie teribil\u0103 \u015fi o neglijen\u0163\u0103 teribil\u0103 din partea celor care au depozitat explozibili chiar \u00een apropierea oamenilor. A fost o distrugere masiv\u0103 \u015fi, p\u00e2n\u0103 acum, 37 de persoane au murit. \u015eeful comunit\u0103\u0163ii a fost ucis \u00een timp ce ajuta la opera\u0163iunile de salvare. Condoleante familiilor si celor dragi victimelor&#8221;, a declarat Volodimir Zelenski, pre\u015fedintele Ucrainei.<\/p>\n<p>                Articolul continu\u0103 dup\u0103 reclam\u0103<\/p>\n<p>\u00cen memoria tuturor victimelor, ziua de ast\u0103zi a fost declarat\u0103 zi de doliu.<\/p>\n","protected":false},"excerpt":{"rendered":"Coloane negre de fum au continuat s\u0103 se vad\u0103 \u015fi la ore bune de la atac. Pompierii au&hellip;\n","protected":false},"author":2,"featured_media":281412,"comment_status":"","ping_status":"","sticky":false,"template":"","format":"standard","meta":{"footnotes":"","_share_on_mastodon":"0"},"categories":[12],"tags":[32,33,31,36,37,27,74,34,35,25,41,40,38,39,26,28,29,30,71,72,73],"class_list":["post-281411","post","type-post","status-publish","format-standard","has-post-thumbnail","category-international","tag-breaking-news","tag-breakingnews","tag-cele-mai-populare-subiecte","tag-featured-news","tag-featurednews","tag-headlines","tag-international","tag-latest-news","tag-latestnews","tag-news","tag-ro","tag-romana","tag-romania","tag-romanian","tag-stiri","tag-titluri","tag-top-stories","tag-topstories","tag-world","tag-world-news","tag-worldnews"],"share_on_mastodon":{"url":"https:\/\/pubeurope.com\/@ro\/117187986331932281","error":""},"_links":{"self":[{"href":"https:\/\/www.europesays.com\/ro\/wp-json\/wp\/v2\/posts\/281411","targetHints":{"allow":["GET"]}}],"collection":[{"href":"https:\/\/www.europesays.com\/ro\/wp-json\/wp\/v2\/posts"}],"about":[{"href":"https:\/\/www.europesays.com\/ro\/wp-json\/wp\/v2\/types\/post"}],"author":[{"embeddable":true,"href":"https:\/\/www.europesays.com\/ro\/wp-json\/wp\/v2\/users\/2"}],"replies":[{"embeddable":true,"href":"https:\/\/www.europesays.com\/ro\/wp-json\/wp\/v2\/comments?post=281411"}],"version-history":[{"count":0,"href":"https:\/\/www.europesays.com\/ro\/wp-json\/wp\/v2\/posts\/281411\/revisions"}],"wp:featuredmedia":[{"embeddable":true,"href":"https:\/\/www.europesays.com\/ro\/wp-json\/wp\/v2\/media\/281412"}],"wp:attachment":[{"href":"https:\/\/www.europesays.com\/ro\/wp-json\/wp\/v2\/media?parent=281411"}],"wp:term":[{"taxonomy":"category","embeddable":true,"href":"https:\/\/www.europesays.com\/ro\/wp-json\/wp\/v2\/categories?post=281411"},{"taxonomy":"post_tag","embeddable":true,"href":"https:\/\/www.europesays.com\/ro\/wp-json\/wp\/v2\/tags?post=281411"}],"curies":[{"name":"wp","href":"https:\/\/api.w.org\/{rel}","templated":true}]}}