{"id":281530,"date":"2026-08-31T06:38:16","date_gmt":"2026-08-31T06:38:16","guid":{"rendered":"https:\/\/www.europesays.com\/ro\/281530\/"},"modified":"2026-08-31T06:38:16","modified_gmt":"2026-08-31T06:38:16","slug":"cat-rezista-de-fapt-bateria-unei-masini-electrice-datele-care-schimba-una-dintre-cele-mai-mari-temeri-ale-soferilor","status":"publish","type":"post","link":"https:\/\/www.europesays.com\/ro\/281530\/","title":{"rendered":"C\u00e2t rezist\u0103, de fapt, bateria unei ma\u0219ini electrice. Datele care schimb\u0103 una dintre cele mai mari temeri ale \u0219oferilor"},"content":{"rendered":"<p>            <br style=\"clear: both; display: block; float: none;\"\/><br \/>\n<img title=\"BYD Seal facelift 2026 platform[ baterie\" fetchpriority=\"high\" decoding=\"async\" width=\"2560\" height=\"1440\" src=\"https:\/\/www.europesays.com\/ro\/wp-content\/uploads\/2026\/08\/BYD-Seal-facelift-2026-platform-baterie.webp\" alt=\"BYD Seal facelift 2026 platform[ baterie\" class=\"wp-image-655414\"  \/><\/p>\n<p class=\"wp-block-paragraph\">Durata de via\u021b\u0103 a bateriei r\u0103m\u00e2ne una dintre cele mai mari \u00eentreb\u0103ri pentru cei care iau \u00een calcul cump\u0103rarea unei ma\u0219ini electrice. Motivul este simplu: pachetul de baterii este printre cele mai costisitoare componente ale unui astfel de vehicul, iar experien\u021ba cu telefoanele \u0219i laptopurile i-a f\u0103cut pe mul\u021bi s\u0103 se a\u0219tepte la o degradare rapid\u0103.<\/p>\n<p><br style=\"clear: both; display: block; float: none;\"\/><a href=\"https:\/\/google.com\/preferences\/source?q=idevice.ro\" aria-label=\"Adaug\u0103 iDevice.ro ca surs\u0103 preferat\u0103 \u00een Google\" class=\"external\" rel=\"nofollow noopener\" target=\"_blank\"><img loading=\"lazy\" decoding=\"async\" src=\"data:image\/svg+xml,%3Csvg%20xmlns=\" http:=\"\" alt=\"Adaug\u0103 iDevice.ro ca surs\u0103 preferat\u0103 \u00een Google\" width=\"200\" height=\"73\" data-lazy-src=\"https:\/\/www.europesays.com\/ro\/wp-content\/uploads\/2026\/08\/1788158292_60_google_preferred_source_badge_light_en.png\"\/><\/a><\/p>\n<p class=\"wp-block-paragraph\">Datele citate \u00een sursa analizat\u0103 arat\u0103 \u00eens\u0103 un tablou mai pu\u021bin alarmant. Bateriile moderne pentru vehicule electrice nu \u201emor\u201d brusc dup\u0103 c\u00e2\u021biva ani, ci \u00ee\u0219i pierd treptat din capacitate, iar \u00een multe cazuri ar putea func\u021biona bine dincolo de pragul de un deceniu.<\/p>\n<p><br style=\"clear: both; display: block; float: none;\"\/><\/p>\n<p>C\u00e2t ar putea dura o baterie de ma\u0219in\u0103 electric\u0103<\/p>\n<p><img loading=\"lazy\" title=\"Baterie GM Ultium pe o platform[ de perzentare\" decoding=\"async\" width=\"1280\" height=\"720\" src=\"data:image\/svg+xml,%3Csvg%20xmlns=\" http:=\"\" alt=\"Baterie GM Ultium pe o platform[ de perzentare\" class=\"wp-image-655412\" style=\"width:1000px\" data-lazy- data-lazy- data-lazy-src=\"https:\/\/www.europesays.com\/ro\/wp-content\/uploads\/2026\/08\/t06nxkqmq1avmugtfm.webp\"\/><\/p>\n<p class=\"wp-block-paragraph\">Nu exist\u0103 o dat\u0103 universal\u0103 de expirare pentru toate bateriile EV, \u00eens\u0103 o estimare considerat\u0103 rezonabil\u0103 pentru modelele moderne, utilizate \u00eentr-un climat moderat, este de aproximativ 12 p\u00e2n\u0103 la 15 ani. \u00cen zonele cu temperaturi mai dure, aceea\u0219i estimare scade la circa opt p\u00e2n\u0103 la 12 ani, potrivit model\u0103rii citate de Departamentul pentru Energie al SUA.<\/p>\n<p class=\"wp-block-paragraph\">Asta nu \u00eenseamn\u0103 c\u0103 bateria \u00eenceteaz\u0103 brusc s\u0103 func\u021bioneze dup\u0103 atingerea unui anumit prag. \u00cen practic\u0103, procesul este unul gradual: bateria stocheaz\u0103 tot mai pu\u021bin\u0103 energie pe m\u0103sur\u0103 ce \u00eemb\u0103tr\u00e2ne\u0219te, fenomen cunoscut drept degradare. Cu alte cuvinte, o ma\u0219in\u0103 electric\u0103 ce oferea ini\u021bial o autonomie de 300 de mile ar putea ajunge, \u00een timp, la 280 sau 260 de mile, f\u0103r\u0103 ca vehiculul s\u0103 devin\u0103 inutilizabil.<\/p>\n<p>Ce spun datele din utilizarea real\u0103<\/p>\n<p><img loading=\"lazy\" title=\"BYD Seal facelift 2026 motoare electrice\" decoding=\"async\" width=\"1600\" height=\"900\" src=\"data:image\/svg+xml,%3Csvg%20xmlns=\" http:=\"\" alt=\"BYD Seal facelift 2026 motoare electrice\" class=\"wp-image-655235\" data-lazy- data-lazy- data-lazy-src=\"https:\/\/www.europesays.com\/ro\/wp-content\/uploads\/2026\/08\/BYD-Seal-facelift-2026-motoare-electrice-1600x900.webp\"\/><\/p>\n<p class=\"wp-block-paragraph\">Un set de date analizat de Geotab, care a inclus peste 22.700 de vehicule electrice din 21 de modele, indic\u0103 o rat\u0103 medie de degradare de aproximativ 2,3% pe an. La acest ritm, o baterie medie ar p\u0103stra \u00een jur de 81,6% din capacitatea ini\u021bial\u0103 dup\u0103 opt ani.<\/p>\n<p class=\"wp-block-paragraph\">Acest scenariu este foarte diferit de ideea unei \u00eenlocuiri complete a bateriei dup\u0103 o perioad\u0103 relativ scurt\u0103. De altfel, sursa subliniaz\u0103 \u0219i o distinc\u021bie important\u0103: o baterie degradat\u0103 nu este automat o baterie defect\u0103.<\/p>\n<p>\u00cenlocuirea complet\u0103 a bateriei pare s\u0103 fie rar\u0103<\/p>\n<p><img loading=\"lazy\" title=\"BYD Seal facelift 2026 baterii\" decoding=\"async\" width=\"1600\" height=\"900\" src=\"data:image\/svg+xml,%3Csvg%20xmlns=\" http:=\"\" alt=\"BYD Seal facelift 2026 baterii\" class=\"wp-image-655234\" data-lazy- data-lazy- data-lazy-src=\"https:\/\/www.europesays.com\/ro\/wp-content\/uploads\/2026\/08\/BYD-Seal-facelift-2026-baterii-1600x900.webp\"\/><\/p>\n<p class=\"wp-block-paragraph\">O alt\u0103 analiz\u0103, realizat\u0103 de Recurrent pe baza a peste 30.000 de vehicule electrice, sugereaz\u0103 c\u0103 \u00eenlocuirea total\u0103 a bateriei r\u0103m\u00e2ne neobi\u0219nuit\u0103, mai ales \u00een cazul ma\u0219inilor mai noi. F\u0103r\u0103 a lua \u00een calcul rechem\u0103rile majore \u00een service, datele indic\u0103 rate de \u00eenlocuire de aproximativ 8,5% pentru primele genera\u021bii de EV-uri, 2% pentru modelele de a doua genera\u021bie \u0219i doar 0,3% pentru vehiculele din anul de model 2022 \u00eencoace.<\/p>\n<p class=\"wp-block-paragraph\">Desigur, aceste modele mai noi nu au avut \u00eenc\u0103 timp s\u0103 \u00eemb\u0103tr\u00e2neasc\u0103 pe parcursul mai multor decenii. Totu\u0219i, sursa noteaz\u0103 c\u0103 progresele \u00een chimia bateriilor, sistemele de r\u0103cire \u0219i software-ul de management au f\u0103cut pachetele moderne mult mai sofisticate dec\u00e2t cele instalate pe unele dintre primele Nissan Leaf sau Tesla Model S.<\/p>\n<p class=\"wp-block-paragraph\">\u0218i experien\u021bele relatate de proprietari merg \u00een aceea\u0219i direc\u021bie. \u00centr-o discu\u021bie recent\u0103 men\u021bionat\u0103 de surs\u0103, un proprietar de Ford Mustang Mach-E a spus c\u0103 nu a observat pierderi clare dup\u0103 trei ani \u0219i jum\u0103tate, un proprietar de Kia Niro a raportat lipsa unei degrad\u0103ri vizibile dup\u0103 cinci ani, iar un alt utilizator, cu 90.000 de mile parcurse, a afirmat c\u0103 diferen\u021ba este \u00eenc\u0103 greu de sesizat.<\/p>\n<p>Ce accelereaz\u0103 uzura unei baterii EV<\/p>\n<p><img loading=\"lazy\" title=\"BYD baterie sulfide modele\" decoding=\"async\" width=\"1200\" height=\"769\" src=\"data:image\/svg+xml,%3Csvg%20xmlns=\" http:=\"\" alt=\"BYD baterie sulfide modele\" class=\"wp-image-651234\" style=\"aspect-ratio:16\/9;object-fit:cover\" data-lazy- data-lazy- data-lazy-src=\"https:\/\/www.europesays.com\/ro\/wp-content\/uploads\/2026\/08\/BYD-baterie-sulfide-modele-1200x769.webp\"\/><\/p>\n<p class=\"wp-block-paragraph\">Nu toate bateriile \u00eemb\u0103tr\u00e2nesc \u00een acela\u0219i ritm. Temperaturile ridicate \u0219i obiceiurile de \u00eenc\u0103rcare par s\u0103 joace un rol important.<\/p>\n<p class=\"wp-block-paragraph\">Potrivit celei mai recente analize Geotab citate de surs\u0103, vehiculele care folosesc frecvent \u00eenc\u0103rcare rapid\u0103 DC de peste 100 kW \u00eenregistreaz\u0103 o degradare de aproximativ 3% pe an. \u00cen schimb, ma\u0219inile care se bazeaz\u0103 \u00een principal pe \u00eenc\u0103rcare la putere mai redus\u0103 au avut o medie mai apropiat\u0103 de 1,5% pe an.<\/p>\n<p class=\"wp-block-paragraph\">Climatul cald adaug\u0103, la r\u00e2ndul s\u0103u, aproximativ 0,4 puncte procentuale pe an la degradare, comparativ cu zonele cu temperaturi bl\u00e2nde. Asta nu \u00eenseamn\u0103 c\u0103 \u0219oferii ar trebui s\u0103 evite complet \u00eenc\u0103rcarea rapid\u0103, ci mai degrab\u0103 c\u0103 utilizarea predominant\u0103 a unei solu\u021bii de \u00eenc\u0103rcare acas\u0103, de tip Level 2, ar putea fi mai prietenoas\u0103 cu bateria dec\u00e2t dependen\u021ba exclusiv\u0103 de sta\u021biile rapide DC.<\/p>\n<p class=\"wp-block-paragraph\">\u0218i nivelul de \u00eenc\u0103rcare conteaz\u0103. Sistemele moderne de management protejeaz\u0103 bateria de extremele reale de 0% \u0219i 100%, \u00eens\u0103 l\u0103sarea repetat\u0103 a anumitor tipuri de baterii la sau aproape de aceste praguri pentru perioade lungi ar putea accelera uzura.<\/p>\n<p>Ce acoper\u0103 garan\u021bia bateriei<\/p>\n<p><img loading=\"lazy\" title=\"BYD masini la incarcator electric masini\" decoding=\"async\" width=\"1200\" height=\"600\" src=\"data:image\/svg+xml,%3Csvg%20xmlns=\" http:=\"\" alt=\"BYD masini la incarcator electric masini\" class=\"wp-image-645969\" data-lazy- data-lazy- data-lazy-src=\"https:\/\/www.europesays.com\/ro\/wp-content\/uploads\/2026\/08\/BYD-masini-la-incarcator-electric-masini-1200x600.webp\"\/><\/p>\n<p class=\"wp-block-paragraph\">Constructorii auto \u0219tiu c\u0103 durata de via\u021b\u0103 a bateriei este un punct sensibil pentru cump\u0103r\u0103tori. Din acest motiv, garan\u021biile pentru bateriile EV tind s\u0103 fie mai lungi dec\u00e2t garan\u021biile obi\u0219nuite oferite pentru restul ma\u0219inii.<\/p>\n<p class=\"wp-block-paragraph\">Departamentul pentru Energie al SUA spune c\u0103 mul\u021bi produc\u0103tori ofer\u0103 garan\u021bii de opt ani sau 100.000 de mile pentru baterie, iar \u00een unele cazuri acoperirea poate fi chiar mai extins\u0103, \u00een func\u021bie de vehicul \u0219i de stat.<\/p>\n<p class=\"wp-block-paragraph\">Totu\u0219i, detaliile din contract r\u0103m\u00e2n esen\u021biale. O astfel de garan\u021bie nu \u00eenseamn\u0103 neap\u0103rat c\u0103 bateria va p\u0103stra 100% din capacitatea ini\u021bial\u0103 timp de opt ani. \u00cen mod obi\u0219nuit, produc\u0103torii stabilesc un anumit nivel de degradare considerat acceptabil \u00eenainte ca garan\u021bia s\u0103 poat\u0103 fi invocat\u0103.<\/p>\n<p>Ar trebui s\u0103 te temi de costul unei baterii noi?<\/p>\n<p class=\"wp-block-paragraph\">Pe baza informa\u021biilor din surs\u0103, r\u0103spunsul scurt ar fi c\u0103 temerea nu ar trebui privit\u0103 \u00een acela\u0219i mod \u00een care utilizatorii se g\u00e2ndesc la bateria unui telefon. Degradarea exist\u0103 \u0219i este inevitabil\u0103, \u00eens\u0103 pierderea treptat\u0103 a unei p\u0103r\u021bi din autonomie este diferit\u0103 de o defec\u021biune complet\u0103.<\/p>\n<p class=\"wp-block-paragraph\">Datele disponibile \u00een prezent sugereaz\u0103 c\u0103 bateriile moderne pentru ma\u0219ini electrice pot rezista, \u00een mod rezonabil, bine peste 10 ani, \u00een timp ce \u00eenlocuirile totale par s\u0103 fie excep\u021bionale \u00een cazul vehiculelor mai noi. Cu alte cuvinte, pentru mul\u021bi cump\u0103r\u0103tori de EV-uri noi, este posibil ca bateria s\u0103 nu fie componenta care va scoate ma\u0219ina din uz.<\/p>\n<p><br style=\"clear: both; display: block; float: none;\"\/><\/p>\n<p>\t\t\t<img loading=\"lazy\" decoding=\"async\" width=\"2560\" height=\"1440\" class=\"aioseo-author-bio-compact-image\" src=\"data:image\/svg+xml,%3Csvg%20xmlns=\" http:=\"\" alt=\"author avatar\" data-lazy-src=\"https:\/\/www.europesays.com\/ro\/wp-content\/uploads\/2026\/08\/1788158296_52_redactia-idevice.ro-photo.webp\"\/><\/p>\n<p>\t\t\tRedactia iDevice.ro este compusa din editori cu experienta de peste 10 ani in presa online, lucrand la multiple publicatii nationale si internationale pentru care au scris stiri dintr-o gama variata de subiecte de interes general.<br \/>\nDe la stirile despre divertisment, politica, economie, afaceri si pana la review-uri tehnologice sau prezenta la evenimente sportive, redactia iDevice.ro are in spate experienta publicarii stirilor de ultima ora cu acuratetea si obiectivitatea pe care o merita publicul din Romania.<\/p>\n","protected":false},"excerpt":{"rendered":"Durata de via\u021b\u0103 a bateriei r\u0103m\u00e2ne una dintre cele mai mari \u00eentreb\u0103ri pentru cei care iau \u00een calcul&hellip;\n","protected":false},"author":2,"featured_media":281531,"comment_status":"","ping_status":"","sticky":false,"template":"","format":"standard","meta":{"footnotes":"","_share_on_mastodon":"0"},"categories":[16],"tags":[8102,77559,77560,77561,77562,77563,304,4142,77564,41,40,38,39,141,124],"class_list":["post-281530","post","type-post","status-publish","format-standard","has-post-thumbnail","category-tehnologie","tag-autonomie","tag-baterii-ev","tag-departamentul-pentru-energie-al-sua","tag-ford-mustang-mach-e","tag-geotab","tag-incarcare-rapida-dc","tag-masini","tag-masini-electrice","tag-recurrent","tag-ro","tag-romana","tag-romania","tag-romanian","tag-technology","tag-tehnologie"],"share_on_mastodon":{"url":"https:\/\/pubeurope.com\/@ro\/117188749708514949","error":""},"_links":{"self":[{"href":"https:\/\/www.europesays.com\/ro\/wp-json\/wp\/v2\/posts\/281530","targetHints":{"allow":["GET"]}}],"collection":[{"href":"https:\/\/www.europesays.com\/ro\/wp-json\/wp\/v2\/posts"}],"about":[{"href":"https:\/\/www.europesays.com\/ro\/wp-json\/wp\/v2\/types\/post"}],"author":[{"embeddable":true,"href":"https:\/\/www.europesays.com\/ro\/wp-json\/wp\/v2\/users\/2"}],"replies":[{"embeddable":true,"href":"https:\/\/www.europesays.com\/ro\/wp-json\/wp\/v2\/comments?post=281530"}],"version-history":[{"count":0,"href":"https:\/\/www.europesays.com\/ro\/wp-json\/wp\/v2\/posts\/281530\/revisions"}],"wp:featuredmedia":[{"embeddable":true,"href":"https:\/\/www.europesays.com\/ro\/wp-json\/wp\/v2\/media\/281531"}],"wp:attachment":[{"href":"https:\/\/www.europesays.com\/ro\/wp-json\/wp\/v2\/media?parent=281530"}],"wp:term":[{"taxonomy":"category","embeddable":true,"href":"https:\/\/www.europesays.com\/ro\/wp-json\/wp\/v2\/categories?post=281530"},{"taxonomy":"post_tag","embeddable":true,"href":"https:\/\/www.europesays.com\/ro\/wp-json\/wp\/v2\/tags?post=281530"}],"curies":[{"name":"wp","href":"https:\/\/api.w.org\/{rel}","templated":true}]}}