{"id":281578,"date":"2026-08-31T07:11:12","date_gmt":"2026-08-31T07:11:12","guid":{"rendered":"https:\/\/www.europesays.com\/ro\/281578\/"},"modified":"2026-08-31T07:11:12","modified_gmt":"2026-08-31T07:11:12","slug":"video-alibec-nu-s-a-ferit-dupa-ratarile-uriase-din-farul","status":"publish","type":"post","link":"https:\/\/www.europesays.com\/ro\/281578\/","title":{"rendered":"Video | Alibec nu s-a ferit, dup\u0103 rat\u0103rile uria\u0219e din Farul"},"content":{"rendered":"\n<ul class=\"bullets\">\n<li>\n<p>SuperLiga: Rapid &#8211; Universitatea Craiova, luni, 20:30, DGS 1<\/p>\n<\/li>\n<li>\n<p>La Liga: Barcelona &#8211; Rayo, luni, 22:30, DGS 1<\/p>\n<\/li>\n<\/ul>\n<p>Atacantul celor de la Farul a oferit o ratare uria\u0219\u0103 \u00een minutul 36 c\u00e2nd a sc\u0103pat singur cu Anestis, iar \u00een minutul 41 a ratat \u0219i un penalty, salvat de portarul celor de la FC Boto\u0219ani.<\/p>\n<p>Reac\u021bia lui Denis Alibec, la finalul partidei Farul &#8211; FC Boto\u0219ani 0-0<\/p>\n<p>La flash-interviul oferit la finalul partidei, Denis Alibec a transmis faptul c\u0103 echipa sa ar fi c\u00e2\u0219tigat meciul jucat contra moldovenilor, dac\u0103 ar fi marcat la ocaziile mari avute.<\/p>\n<p>&#8222;(n.r. Este un meci de uitat) Cu siguran\u021b\u0103, da. Am f\u0103cut un meci foarte slab, \u00eemi pare r\u0103u. Cred c\u0103 dac\u0103 reu\u0219eam s\u0103 marchez am fi c\u00e2\u0219tigat. Este vina mea, \u00eemi asum.<\/p>\n<p>Am fost dezam\u0103git \u0219i eram sup\u0103rat, v\u0103 da\u021bi seama. Am dat la antrenament ieri, am dat numai sus. \u0218tiam c\u0103 eram \u00een ofsaid, dar speram ca Miron s\u0103 fi intrat mai repede \u00een careu. Este un rezultat echitabil pentru c\u0103 \u0219i ei au avut o mul\u021bime de ocazii. Sincer s\u0103 v\u0103 zic, nu m-am sim\u021bit foarte bine. Am fost bine toat\u0103 s\u0103pt\u0103m\u00e2na, dar la meci nu m-am sim\u021bit \u00een apele mele.<\/p>\n<p>Am vorbit cu Doicaru dup\u0103 transfer, i-am urat succes. Sunt sigur c\u0103 va face fa\u021b\u0103 acolo. Normal c\u0103 este o pierdere, era unul dintre cei mai \u00een form\u0103 juc\u0103tori de la noi&#8221;, a declarat Denis Alibec, la finalul partidei cu FC Boto\u0219ani.<\/p>\n<p>A fost al doilea meci \u00eenceput ca titular de Alibec \u00een acest sezon. Atacantul a bifat 164 de minute pe teren \u00een aceast\u0103 stagiune a SuperLigii.<\/p>\n<p>VIDEO Declara\u021biile oferite de Denis Alibec dup\u0103 Farul &#8211; FC Boto\u0219ani 0-0Farul a ob\u021binut a 3-a remiz\u0103 consecutiv\u0103 \u00een SuperLig\u0103<\/p>\n<p>Farul a ob\u021binut cu FC Boto\u0219ani a treia remiz\u0103 consecutiv\u0103 \u00een SuperLig\u0103 \u0219i se claseaz\u0103 pe locul 7, cu 10 puncte.<\/p>\n<p>\u00cen urm\u0103toarea etap\u0103, gruparea de la malul m\u0103rii se va duela cu CFR Cluj, \u00een deplasare.<\/p>\n<p>Partida este progrmat\u0103 pe 4 septembrie, de la ora 20:30 \u0219i poate fi urm\u0103rit\u0103 \u00een direct la Digi Sport 1, pe site-ul digisport.ro, dar \u0219i din <a href=\"https:\/\/www.digisport.ro\/app\" target=\"_blank\" rel=\"noopener nofollow\" data-skip-linkfix=\"1\">Aplica\u021bia Digi Sport<\/a>.<\/p>\n<p>VIDEO Rezumat Farul &#8211; FC Boto\u0219ani 0-0, meci din cadrul etapei cu num\u0103rul 7 din SuperLiga Rom\u00e2nieiVIDEO rezumat Farul &#8211; FC Boto\u0219ani 0-0, etapa 7, SuperLiga   <\/p>\n<p>  Etichete:  <a href=\"https:\/\/www.digisport.ro\/eticheta\/denis-alibec\" rel=\"nofollow noopener\" target=\"_blank\">denis alibec<\/a> , <a href=\"https:\/\/www.digisport.ro\/eticheta\/farul-botosani\" rel=\"nofollow noopener\" target=\"_blank\">farul botosani<\/a>   <\/p>\n<p>Urm\u0103re\u0219te \u0219tirile digisport.ro \u0219i pe <a href=\"https:\/\/news.google.com\/publications\/CAAiENr1L9HFNMG5hpp5zTfVtpsqFAgKIhDa9S_RxTTBuYaaec031bab?ceid=RO:ro&amp;oc=3\" target=\"_blank\" rel=\"external nofollow noopener\">Google News<\/a><\/p>\n<p>   Noua Aplica\u0163ie Digi Sport poate fi desc\u0103rcat\u0103 din   <\/p>\n","protected":false},"excerpt":{"rendered":"SuperLiga: Rapid &#8211; Universitatea Craiova, luni, 20:30, DGS 1 La Liga: Barcelona &#8211; Rayo, luni, 22:30, DGS 1&hellip;\n","protected":false},"author":2,"featured_media":281579,"comment_status":"","ping_status":"","sticky":false,"template":"","format":"standard","meta":{"footnotes":"","_share_on_mastodon":"0"},"categories":[20],"tags":[1629,77463,41,40,38,39,185,184],"class_list":["post-281578","post","type-post","status-publish","format-standard","has-post-thumbnail","category-sport","tag-denis-alibec","tag-farul-botosani","tag-ro","tag-romana","tag-romania","tag-romanian","tag-sport","tag-sports"],"share_on_mastodon":{"url":"https:\/\/pubeurope.com\/@ro\/117188878840078152","error":""},"_links":{"self":[{"href":"https:\/\/www.europesays.com\/ro\/wp-json\/wp\/v2\/posts\/281578","targetHints":{"allow":["GET"]}}],"collection":[{"href":"https:\/\/www.europesays.com\/ro\/wp-json\/wp\/v2\/posts"}],"about":[{"href":"https:\/\/www.europesays.com\/ro\/wp-json\/wp\/v2\/types\/post"}],"author":[{"embeddable":true,"href":"https:\/\/www.europesays.com\/ro\/wp-json\/wp\/v2\/users\/2"}],"replies":[{"embeddable":true,"href":"https:\/\/www.europesays.com\/ro\/wp-json\/wp\/v2\/comments?post=281578"}],"version-history":[{"count":0,"href":"https:\/\/www.europesays.com\/ro\/wp-json\/wp\/v2\/posts\/281578\/revisions"}],"wp:featuredmedia":[{"embeddable":true,"href":"https:\/\/www.europesays.com\/ro\/wp-json\/wp\/v2\/media\/281579"}],"wp:attachment":[{"href":"https:\/\/www.europesays.com\/ro\/wp-json\/wp\/v2\/media?parent=281578"}],"wp:term":[{"taxonomy":"category","embeddable":true,"href":"https:\/\/www.europesays.com\/ro\/wp-json\/wp\/v2\/categories?post=281578"},{"taxonomy":"post_tag","embeddable":true,"href":"https:\/\/www.europesays.com\/ro\/wp-json\/wp\/v2\/tags?post=281578"}],"curies":[{"name":"wp","href":"https:\/\/api.w.org\/{rel}","templated":true}]}}