{"id":281639,"date":"2026-08-31T07:59:28","date_gmt":"2026-08-31T07:59:28","guid":{"rendered":"https:\/\/www.europesays.com\/ro\/281639\/"},"modified":"2026-08-31T07:59:28","modified_gmt":"2026-08-31T07:59:28","slug":"noua-platforma-e-sanatatea-mea-obligatorie-si-nu-prea-de-la-1-septembrie-seful-cnas-deocamdata-nu-ii-pedepsim-programarile-online-amanate-pana-in-octombrie","status":"publish","type":"post","link":"https:\/\/www.europesays.com\/ro\/281639\/","title":{"rendered":"Noua platform\u0103 \u201ee-S\u0103n\u0103tatea Mea\u201d, obligatorie \u0219i nu prea de la 1 septembrie. \u0218eful CNAS: \u201eDeocamdat\u0103, nu \u00eei pedepsim\u201d. Program\u0103rile online, am\u00e2nate p\u00e2n\u0103 \u00een octombrie"},"content":{"rendered":"<p>Platforma \u201ee-S\u0103n\u0103tatea Mea\u201d, una dintre cele mai importante componente ale noii Platforme Informatice a Asigur\u0103rilor de S\u0103n\u0103tate (PIAS), va deveni disponibil\u0103 \u00eencep\u00e2nd de m\u00e2ine, 1 septembrie, \u00eens\u0103 pacien\u021bii nu-\u0219i vor putea face, deocamdat\u0103, program\u0103rile online \u0219i nici \u201eh\u00e2rtiile\u201d plimbate de la un cabinet la altul nu vor disp\u0103rea peste noapte, a\u0219a cum mul\u021bi rom\u00e2ni se a\u0219teapt\u0103, ca urmare a comunic\u0103rilor optimiste ale guvernan\u021bilor. \u201eNoua platform\u0103 e <a href=\"https:\/\/jurnalul.ro\/tag\/obligatorie-18926.html\" rel=\"nofollow noopener\" target=\"_blank\">obligatorie<\/a> pentru to\u021bi furnizorii (\u2026) Noi \u00eei ajut\u0103m s\u0103 \u00ee\u0219i creeze conturi, \u00eei instruim \u0219i nu o s\u0103 \u00eei pedepsim dac\u0103 de la 1 septembrie nu o s\u0103 aib\u0103 to\u021bi conturi\u201d, a declarat, pentru Jurnalul, Hora\u021biu Moldovan, pre\u0219edintele CNAS. \u00cen ceea ce prive\u0219te mult a\u0219teptata platform\u0103 program\u0103rile pacien\u021bilor, aceasta va fi disponibil\u0103 abia de la 1 octombrie 2026.<\/p>\n<p>Finalizarea proiectelor legate de PNRR a fost declarat\u0103 prioritate zero de c\u0103tre Guvernul demis Bolojan, pentru c\u0103 data de 31 august este ziua c\u00e2nd acesta se termin\u0103, iar noua Platform\u0103 Informatic\u0103 a Asigur\u0103rilor de S\u0103n\u0103tate (PIAS) este unul dintre proiectele care beneficiaz\u0103 de fonduri europene nerambursabile.\u00a0<\/p>\n<p><a href=\"https:\/\/jurnalul.ro\/galerie\/start-platforma-e-sanatatea-mea-programari-online-amanate-octombrie-19024820.html\" class=\"thumb\" rel=\"nofollow noopener\" target=\"_blank\"><img decoding=\"async\" src=\"https:\/\/www.europesays.com\/ro\/wp-content\/uploads\/2026\/08\/start-platforma-e-sanatatea-mea-programari-online-amanate-octombrie-19024820.jpg\"\/><\/a><a href=\"https:\/\/jurnalul.ro\/galerie\/start-platforma-e-sanatatea-mea-programari-online-amanate-octombrie-19024821.html\" class=\"thumb\" data-gal=\"2\" rel=\"nofollow noopener\" target=\"_blank\"><img decoding=\"async\" src=\"https:\/\/www.europesays.com\/ro\/wp-content\/uploads\/2026\/08\/start-platforma-e-sanatatea-mea-programari-online-amanate-octombrie-19024821.jpg\"\/><\/a><a href=\"https:\/\/jurnalul.ro\/galerie\/start-platforma-e-sanatatea-mea-programari-online-amanate-octombrie-19024820.html\" class=\"gallery-more\" rel=\"nofollow noopener\" target=\"_blank\">\u203a\u203a\u203a Vezi galeria foto \u2039\u2039\u2039<\/a><\/p>\n<p dir=\"ltr\">Guvernan\u021bii s-au gr\u0103bit s\u0103 pun\u0103 \u00een func\u021biune un prim portal al noii PIAS, astfel c\u0103 mul\u021bi dintre cei viza\u021bi habar nu au ce trebuie s\u0103 fac\u0103, de\u0219i mai este doar o singur\u0103 zi p\u00e2n\u0103 c\u00e2nd intr\u0103 \u00een vigoare schimb\u0103rile anun\u021bate \u00een S\u0103n\u0103tate.\u00a0<\/p>\n<p>Furnizorii de servicii, avertiza\u021bi s\u0103-\u0219i verifice softurile\u00a0<\/p>\n<p dir=\"ltr\">\u00cen acest weekend, Casa Na\u021bional\u0103 de Asigur\u0103ri de S\u0103n\u0103tate a atras aten\u021bia tuturor furnizorilor de servicii medicale care sunt \u00een contract cu casele de asigur\u0103ri s\u0103-\u0219i actualizeze aplica\u021biile informatice pentru a putea utiliza noua platform\u0103.<\/p>\n<p dir=\"ltr\">Mai exact, CNAS a anun\u021bat c\u0103, \u00eencep\u00e2nd cu data de 1 septembrie, intr\u0103 \u00een vigoare utilizarea uneia dintre componentele portalului e-S\u0103n\u0103tatea Mea, \u0219i anume cea dedicat\u0103 formularelor medicale.\u00a0<\/p>\n<p dir=\"ltr\">Este vorba de formulare precum: biletul de trimitere c\u0103tre specialist sau pentru internare, trimiterea c\u0103tre investiga\u021bii paraclinice, scrisoarea medical\u0103, recomandarea pentru \u00eengrijiri la domiciliu\/\u00eengrijiri paliative, recomandarea pentru dispozitive medicale ori certificatul de concediu medical.<\/p>\n<p dir=\"ltr\">Pentru ca aceste formularele s\u0103 fie vizibile \u00een portalul e-S\u0103n\u0103tatea Mea este necesar ca aplica\u021biile ter\u021be utilizate de furnizori s\u0103 fie adaptate corespunz\u0103tor.<\/p>\n<p dir=\"ltr\">\u201e\u00cen acest sens, CNAS recomand\u0103 furnizorilor s\u0103 ia leg\u0103tura cu produc\u0103torii aplica\u021biilor informatice pe care le utilizeaz\u0103, pentru realizarea actualiz\u0103rilor necesare \u0219i pentru evitarea eventualelor dificult\u0103\u021bi tehnice \u00een accesarea \u0219i utilizarea noilor func\u021bionalit\u0103\u021bi.<\/p>\n<p dir=\"ltr\">Specifica\u021biile tehnice necesare interfa\u021b\u0103rii sunt publicate pe site-ul CNAS, \u00een sec\u021biunea \u201eInforma\u021bii furnizori\u201d, subsec\u021biunea \u201eSIUI\u201d, rubrica \u201eSpecifica\u021bii de interfa\u021bare SIUI\u201d (link direct: https:\/\/cnas.ro\/siui\/), \u0219i sunt puse la dispozi\u021bia produc\u0103torilor de aplica\u021bii informatice pentru actualizarea aplica\u021biilor existente sau dezvoltarea unor aplica\u021bii noi\u201d, a transmis, s\u00e2mb\u0103t\u0103 sear\u0103, CNAS, preciz\u00e2nd c\u0103, prin aceste schimb\u0103ri, urm\u0103re\u0219te \u201esimplificarea circuitului documentelor medicale, reducerea sarcinilor administrative pentru furnizori \u0219i facilitarea accesului pacien\u021bilor la informa\u021biile \u0219i serviciile de care au nevoie\u201d.<\/p>\n<p dir=\"ltr\">Trebuie spus c\u0103 noul portal e-S\u0103n\u0103tatea Mea, care va reuni 12 module \u0219i submodule prin care asigura\u021bii \u00ee\u0219i vor putea consulta istoricul medical (biletele de trimitere, consulta\u021biile, investiga\u021biile, re\u021betele electronice \u0219i diverse formulare digitale), a fost testat, \u00eens\u0103 numai la Oradea, unde premierul Bolojan a fost primar timp de 12\u00a0 ani.\u00a0<\/p>\n<p>\u00a0<\/p>\n<p>Medicii se pl\u00e2ng c\u0103 nu au fost instrui\u021bi, Moldovan promite c\u0103 nu-i sanc\u021bioneaz\u0103<\/p>\n<p dir=\"ltr\">Mai mul\u021bi medici se pl\u00e2ng, \u00eens\u0103, c\u0103 nu au fost instrui\u021bi cu privire la schimb\u0103rile anun\u021bate pentru 1 septembrie \u0219i c\u0103 nu \u0219tiu ce anume trebuie s\u0103 fac\u0103, mai ales c\u0103 dup\u0103 toate anun\u021burile oficialilor, din ultima lun\u0103, pacien\u021bii se vor \u00eenfuria c\u00e2nd vor vedea c\u0103 nu merge totul strun\u0103, cum li s-a promis. Al\u021bii sunt revolta\u021bi c\u0103 totul se face \u201epe repede \u00eenainte\u201d \u0219i se tem c\u0103 \u0219i-au cump\u0103rat degeaba tipizatele pentru biletele de trimitere, at\u00e2ta vreme c\u00e2t toate \u201eh\u00e2rtiile\u201d medicale vor deveni digitale.\u00a0<\/p>\n<p dir=\"ltr\">\u0218eful CNAS, Hora\u021biu Moldovan, spune c\u0103 folosirea noii platforme este obligatorie pentru to\u021bi furnizorii de servicii medicale, publici sau priva\u021bi, care au contracte cu casele de asigur\u0103ri de s\u0103n\u0103tate, dar c\u0103 este necesar\u0103 o perioad\u0103 de tranzi\u021bie, de c\u00e2teva s\u0103pt\u0103m\u00e2ni, astfel \u00eenc\u00e2t furnizorii medicali s\u0103-\u0219i creeze conturile \u0219i s\u0103 se acomodeze cu noul sistem. Prin urmare, \u0219i a\u0219tept\u0103rile pacien\u021bilor trebuie s\u0103 mai a\u0219tepte, pentru c\u0103 multe cabinete, farmacii sau laboratoare medicale nu vor fi active din primele zile.<\/p>\n<blockquote>\n<p dir=\"ltr\">\u201eNoua platform\u0103 e obligatorie pentru to\u021bi furnizorii, ca s\u0103 \u00ee\u0219i creeze conturi. Nu pentru pacien\u021bi! Iar noi \u00eei ajut\u0103m s\u0103 \u00ee\u0219i creeze conturi, \u00eei instruim \u0219i nu o s\u0103 \u00eei pedepsim dac\u0103 de la 1 septembrie nu o s\u0103 aib\u0103 to\u021bi conturi. De la 1 septembrie \u00eencepem s\u0103 \u00eei ajut\u0103m s\u0103 \u00ee\u0219i fac\u0103 conturi\u201d, a declarat, pentru Jurnalul, Hora\u021biu Moldovan, pre\u0219edintele CNAS.<\/p>\n<\/blockquote>\n<p>Cite\u0219te \u0219i:\u00a0<a href=\"https:\/\/jurnalul.ro\/bani-afaceri\/economia\/card-sanatate-pierdut-acte-necesare-adeverinta-inlocuire-2026-1042190.html\" rel=\"nofollow noopener\" target=\"_blank\">Ce faci dac\u0103 ai pierdut cardul de s\u0103n\u0103tate. Po\u021bi merge la medic p\u00e2n\u0103 prime\u0219ti altul?\u00a0<\/a><\/p>\n<p dir=\"ltr\">De asemenea, pacien\u021bii trebuie s\u0103 \u00ee\u0219i fac\u0103 un cont pe noua platform\u0103 e-S\u0103n\u0103tatea Mea, fie prin prezentarea cu buletinul direct la medicul de familie sau la orice alt medic aflat \u00een contract cu CAS, fie direct pe platform\u0103, dup\u0103 o verificare a identit\u0103\u021bii prin aplica\u021bia ROeID (Identitatea Digital\u0103 a Cet\u0103\u021beanului).\u00a0<\/p>\n<p>\u00a0<\/p>\n<p>\u201ee-S\u0103n\u0103tatea Mea este doar v\u00e2rful icebergului\u201d<\/p>\n<p dir=\"ltr\">\u201ePacien\u021bii \u0219i medicii trebuie s\u0103 se obi\u0219nuiasc\u0103 cu noile fluxuri de lucru. De exemplu, cu portalul e-S\u0103n\u0103tatea Mea, cu platforma de program\u0103ri, cu platforma de \u00eenrolare-contractare a furnizorilor, pentru c\u0103 e o func\u021bionalitate nou\u0103 a noului PIAS. De asemenea, cu managementul documentelor \u00eentre furnizorii de servicii medicale \u0219i casele juridicele de asigur\u0103ri de s\u0103n\u0103tate, cu introducerea c\u0103r\u021bii electronice de identitate cu care vom putea semna, de la 1 septembrie, serviciile medicale ca pacien\u021bi.\u00a0<\/p>\n<p dir=\"ltr\">Tocmai pentru ca s\u0103 nu se \u00eent\u00e2mple blocaje mergem pe abordarea pas cu pas \u0219i cu inform\u0103ri permanente \u0219i instructaje permanente de la 1 septembrie, f\u0103r\u0103 s\u0103 oprim func\u021bionarea vechiului PIAS \u0219i s\u0103 pornim func\u021bionalit\u0103\u021bile noului PIAS de pe o zi pe alta.\u00a0<\/p>\n<p dir=\"ltr\">Acum suntem focusa\u021bi s\u0103 \u00eenchidem proiectul prin PNRR, s\u0103 avem toate elementele acestea func\u021bionale, dar opera\u021bionalizarea lor o s\u0103 o facem pas cu pas \u0219i anun\u021b\u0103m fiecare categorie de medici, furnizori medicali \u0219i facem instructaje \u00een s\u0103pt\u0103m\u00e2nile \u0219i \u00een lunile urm\u0103toare pe m\u0103sur\u0103 ce introducem \u00een opera\u021bionalizare noile func\u021bionalit\u0103\u021bi. Nu le introducem toate din prima zi, le introducem \u00een lunile care urmeaz\u0103 cu instructaje adecvate\u201d, a explicat, pentru Jurnalul, \u0219eful CNAS.<\/p>\n<p dir=\"ltr\">Printre modulele care urmeaz\u0103 s\u0103 fie introduse \u00een lunile urm\u0103toare se reg\u0103se\u0219te \u0219i mult a\u0219teptata aplica\u021bie informatic\u0103 pentru gestionarea program\u0103rilor pacien\u021bilor, care va fi disponibil\u0103 \u00eencep\u00e2nd cu 1 octombrie 2026, potrivit CNAS.<\/p>\n<blockquote>\n<p dir=\"ltr\">\u201eAsiguratul \u00ee\u0219i va putea vedea statusul de asigurat, va putea s\u0103 vad\u0103 care este starea cardului &#8211; dac\u0103 e activ, nu e activ, e expirat, nu e expirat -, care este calitatea lui de asigurat, beneficiaz\u0103 de pachetul de baz\u0103, beneficiaz\u0103 de pachetul minimal, beneficiaz\u0103 de programe de s\u0103n\u0103tate, beneficiaz\u0103 de programe de screening \u00een func\u021bie de v\u00e2rsta pe care o are. Toate acestea vor fi \u00een portalul e-S\u0103n\u0103tatea Mea, care este, de fapt, doar v\u00e2rful icebergului. \u0218i c\u00e2nd spun iceberg, m\u0103 refer la noul PIAS\u201d, a precizat Moldovan.<\/p>\n<p>\u00a0<\/p>\n<\/blockquote>\n<p dir=\"ltr\">\u00a0<\/p>\n<p>Cite\u0219te pe Antena3.ro<\/p>\n<p><img loading=\"lazy\" decoding=\"async\" class=\"lazy\" title=\"Au pl\u0103tit 1.700 de euro pentru o vacan\u021b\u0103 de vis \u00een Grecia \u0219i au cerut s\u0103 plece din prima zi. &quot;Camera era ca o celul\u0103 plin\u0103 de \u021b\u00e2n\u021bari&quot;\" alt=\"Au pl\u0103tit 1.700 de euro pentru o vacan\u021b\u0103 de vis \u00een Grecia \u0219i au cerut s\u0103 plece din prima zi. &quot;Camera era ca o celul\u0103 plin\u0103 de \u021b\u00e2n\u021bari&quot;\" src=\"\/thumbs\/rss\/2026\/08\/au-platit-1-700-de-euro-pentru-o-vacanta-de-vis-in-1aa257f.jpg\" width=\"500\" height=\"278\"\/>&#13;<br \/>\n    <a href=\"https:\/\/www.antena3.ro\/life\/travel\/au-platit-1-700-de-euro-pentru-o-vacanta-de-vis-in-grecia-si-au-cerut-sa-plece-din-prima-zi-camera-era-ca-o-celula-plina-de-tantari-801397.html?utm_source=Jurnalul.ro&amp;utm_medium=referral&amp;utm_campaign=Jurnalul articol\" title=\"Au pl\u0103tit 1.700 de euro pentru o vacan\u021b\u0103 de vis \u00een Grecia \u0219i au cerut s\u0103 plece din prima zi. &quot;Camera era ca o celul\u0103 plin\u0103 de \u021b\u00e2n\u021bari&quot;\" target=\"_blank\" rel=\"nofollow noopener\">Au pl\u0103tit 1.700 de euro pentru o vacan\u021b\u0103 de vis \u00een Grecia \u0219i au cerut s\u0103 plece din prima zi. &#8222;Camera era ca o celul\u0103 plin\u0103 de \u021b\u00e2n\u021bari&#8221;<\/a><\/p>\n","protected":false},"excerpt":{"rendered":"Platforma \u201ee-S\u0103n\u0103tatea Mea\u201d, una dintre cele mai importante componente ale noii Platforme Informatice a Asigur\u0103rilor de S\u0103n\u0103tate (PIAS),&hellip;\n","protected":false},"author":2,"featured_media":281640,"comment_status":"","ping_status":"","sticky":false,"template":"","format":"standard","meta":{"footnotes":"","_share_on_mastodon":"0"},"categories":[5],"tags":[32,33,31,36,37,27,34,35,25,77586,77587,77585,41,40,38,39,69548,26,28,29,30],"class_list":["post-281639","post","type-post","status-publish","format-standard","has-post-thumbnail","category-titluri","tag-breaking-news","tag-breakingnews","tag-cele-mai-populare-subiecte","tag-featured-news","tag-featurednews","tag-headlines","tag-latest-news","tag-latestnews","tag-news","tag-obligatorie","tag-pias","tag-platforma-e-sanatatea","tag-ro","tag-romana","tag-romania","tag-romanian","tag-septembrie","tag-stiri","tag-titluri","tag-top-stories","tag-topstories"],"share_on_mastodon":{"url":"https:\/\/pubeurope.com\/@ro\/117189068311945820","error":""},"_links":{"self":[{"href":"https:\/\/www.europesays.com\/ro\/wp-json\/wp\/v2\/posts\/281639","targetHints":{"allow":["GET"]}}],"collection":[{"href":"https:\/\/www.europesays.com\/ro\/wp-json\/wp\/v2\/posts"}],"about":[{"href":"https:\/\/www.europesays.com\/ro\/wp-json\/wp\/v2\/types\/post"}],"author":[{"embeddable":true,"href":"https:\/\/www.europesays.com\/ro\/wp-json\/wp\/v2\/users\/2"}],"replies":[{"embeddable":true,"href":"https:\/\/www.europesays.com\/ro\/wp-json\/wp\/v2\/comments?post=281639"}],"version-history":[{"count":0,"href":"https:\/\/www.europesays.com\/ro\/wp-json\/wp\/v2\/posts\/281639\/revisions"}],"wp:featuredmedia":[{"embeddable":true,"href":"https:\/\/www.europesays.com\/ro\/wp-json\/wp\/v2\/media\/281640"}],"wp:attachment":[{"href":"https:\/\/www.europesays.com\/ro\/wp-json\/wp\/v2\/media?parent=281639"}],"wp:term":[{"taxonomy":"category","embeddable":true,"href":"https:\/\/www.europesays.com\/ro\/wp-json\/wp\/v2\/categories?post=281639"},{"taxonomy":"post_tag","embeddable":true,"href":"https:\/\/www.europesays.com\/ro\/wp-json\/wp\/v2\/tags?post=281639"}],"curies":[{"name":"wp","href":"https:\/\/api.w.org\/{rel}","templated":true}]}}