{"id":281701,"date":"2026-08-31T09:07:10","date_gmt":"2026-08-31T09:07:10","guid":{"rendered":"https:\/\/www.europesays.com\/ro\/281701\/"},"modified":"2026-08-31T09:07:10","modified_gmt":"2026-08-31T09:07:10","slug":"un-ceh-care-si-a-dorit-sa-fie-mecanic-de-locomotiva-si-a-construit-propria-cale-ferata-in-gradina-are-650-de-metri-de-sine-trei-trenuri-gari-si-macazuri","status":"publish","type":"post","link":"https:\/\/www.europesays.com\/ro\/281701\/","title":{"rendered":"Un ceh care \u015fi-a dorit s\u0103 fie mecanic de locomotiv\u0103 \u015fi-a construit propria cale ferat\u0103 \u00een gr\u0103din\u0103. Are 650 de metri de \u0219ine, trei trenuri, g\u0103ri \u015fi macazuri"},"content":{"rendered":"<p>\u00cen Cehia, o familie a<br \/>\ntransformat o parte din propria proprietate \u00eentr-o cale ferat\u0103 \u00een miniatur\u0103.<br \/>\nProiectul a \u00eenceput \u00een 2007 cu 20 de metri de \u0219ine \u0219i a ajuns ast\u0103zi la 650 de<br \/>\nmetri, trei locomotive \u015fi un adev\u0103rat centru de comand\u0103 pentru macazuti \u015fi<br \/>\ntreceri de nivel.<\/p>\n<p> <img decoding=\"async\" src=\"https:\/\/www.europesays.com\/ro\/wp-content\/uploads\/2026\/08\/1788167230_42_index.png\" alt=\"Calea ferat\u0103 din gr\u0103din\u0103. \" width=\"1399\" height=\"750\" loading=\"eager\" fetchpriority=\"high\" class=\"svelte-1kfbksm\"\/> <\/p>\n<p>Calea ferat\u0103 din gr\u0103din\u0103.  Foto: Youtube\/Zdenek Is<\/p>\n<p>publicitate&#8221;); background-position: center center; background-repeat: no-repeat;&#8221;&gt;<\/p>\n<p>Pe o suprafa\u021b\u0103 de<br \/>\naproximativ 4.000 de metri p\u0103tra\u021bi din Vracov, \u00een regiunea ceh\u0103 Hodon\u00edn,<br \/>\nfamilia lui Zden\u011bk I\u0161 a construit o re\u021bea feroviar\u0103 pe care circul\u0103 trei<br \/>\ngarnituri. Linia are 650 de metri, 12 macazuri controlate de la distan\u021b\u0103,<br \/>\naproximativ 20 de semnale \u0219i patru treceri la nivel.<\/p>\n<p>\u00cen zilele \u00een care<br \/>\nproprietatea este deschis\u0103 pentru turi\u015fti, trenurile transport\u0103 vizitatori, iar<br \/>\n\u00een jurul liniei se adun\u0103 familii \u0219i copii. Unii privesc trenurile de pe margine<br \/>\n\u0219i \u00eei fac cu m\u00e2na, \u00een timp ce pasagerii din vagoane r\u0103spund.<\/p>\n<p> Cum a \u00eenceput totul <\/p>\n<p>Pentru Zden\u011bk I\u0161 construc\u021bia<br \/>\nnu a \u00eenceput ca un proiect turistic, ci mai degrab\u0103 ca un experiment personal.<br \/>\n\u00cen 2007, c\u00e2nd a pus primele \u0219ine, voia s\u0103 vad\u0103 dac\u0103 poate construi un vehicul<br \/>\ncare s\u0103 circule pe ele.<\/p>\n<p>\u201eProprietara este familia noastr\u0103. O construim doar prin<br \/>\nfor\u021be proprii. La \u00eenceput am vrut doar s\u0103 \u00eencerc dac\u0103 sunt \u00een stare s\u0103<br \/>\nconstruiesc un vehicul care s\u0103 circule pe \u0219ine\u201d, a declarat proprietarul, Zden\u011bk I\u0161, pentru <a href=\"https:\/\/www.novinky.cz\/clanek\/koktejl-koleje-prejezdy-vyhybky-rodina-z-hodoninska-ma-na-zahrade-vlakovy-raj-40579057\" target=\"_blank\" rel=\"nofollow noopener\">Novinky.<\/a><\/p>\n<p>Zden\u011bk I\u0161 a intrat \u00een<br \/>\ndomeniul feroviar \u00een 1989, ca mecanic-reparator de material rulant, \u0219i a<br \/>\n\u00eenceput s\u0103 lucreze la depoul din Vesel\u00ed nad Moravou. \u00ce\u0219i dorea s\u0103 ajung\u0103<br \/>\nmecanic de locomotiv\u0103 \u0219i, \u00een perioada petrecut\u0103 \u00een depou, a avut ocazia s\u0103<br \/>\nconduc\u0103 locomotive, f\u0103r\u0103 s\u0103 ocupe \u00eens\u0103 oficial postul de mecanic. Ulterior s-a<br \/>\ncalificat \u015fi ca electrician, dar dup\u0103 restructur\u0103rile din sistemul feroviar a<br \/>\np\u0103r\u0103sit depoul. \u00cempreun\u0103 cu fratele s\u0103u a \u00eenfiin\u021bat o firm\u0103 pe care cei doi o<br \/>\nde\u021bin \u0219i ast\u0103zi.<\/p>\n<p>publicitate&#8221;); background-position: center center; background-repeat: no-repeat;&#8221;&gt;<\/p>\n<p>Calea ferat\u0103 din<br \/>\ngr\u0103din\u0103 a ap\u0103rut mai t\u00e2rziu, ca un proiect separat. \u00cen 2007, b\u0103rbatul a \u00eenceput<br \/>\ns\u0103 construiasc\u0103 o linie cu ecartament de 600 de milimetri, pornind de la un<br \/>\ntraseu de numai 20 de metri. <\/p>\n<p>Prima linie avea doar<br \/>\n20 de metri, \u00eens\u0103 proiectul s-a extins treptat. \u00cen 2008 ajunsese la 250 de<br \/>\nmetri, \u00een 2014 la 500 de metri, din 2022 a dep\u0103\u0219it 600 de metri, iar ast\u0103zi<br \/>\ntraseul m\u0103soar\u0103 650 de metri.<\/p>\n<p> Gr\u0103dina s-a transformat<br \/>\n\u00een obiectiv turistic <\/p>\n<p>Odat\u0103 cu extinderea<br \/>\nliniei, Zden\u011bk I\u0161 a ad\u0103ugat \u0219i infrastructura necesar\u0103 circula\u021biei trenurilor.<br \/>\nCele 12 macazuri pot fi schimbate de la distan\u021b\u0103, semnalele controleaz\u0103<br \/>\ntraficul, iar sistemul automat de siguran\u021b\u0103 verific\u0103 dac\u0103 linia este liber\u0103.<\/p>\n<p>\u201eCalea ferat\u0103 m\u0103soar\u0103 \u00een prezent 650 de metri. Sunt<br \/>\ninstalate 12 macazuri controlate de la distan\u021b\u0103, aproximativ 20 de semnale \u0219i<br \/>\npatru treceri la nivel. \u00cen timpul unei zile de func\u021bionare circul\u0103 trei<br \/>\ntrenuri\u201d, a explicat I\u0161.<\/p>\n<p> <a class=\"related-inline svelte-78g0vl\" data-gtrack=\"{&quot;event&quot;:&quot;utm_click&quot;,&quot;data&quot;:{&quot;event_category&quot;:&quot;article_related&quot;}}\" href=\"https:\/\/adevarul.ro\/stiri-locale\/timisoara\/foto-scoala-de-idei-nastrusnice-de-la-timisoara-o-1629090.html\" title=\"Alt articol de interes pentru tine\" rel=\"nofollow noopener\" target=\"_blank\"> FOTO \u015ecoala de idei n\u0103stru\u015fnice de la Timi\u015foara. O student\u0103 i-a uimit pe str\u0103ini dup\u0103 ce a inventat o juc\u0103rie YoYo care purific\u0103 aerul <\/a><\/p>\n<p>Cele trei garnituri<br \/>\nsunt diferite. Una este o reproducere a unui tren de pasageri al C\u0103ilor Ferate<br \/>\nCehe, realizat\u0103 pentru ecartamentul de 600 de milimetri \u0219i tractat\u0103 de o<br \/>\nlocomotiv\u0103 din seria 362, cunoscut\u0103 sub numele ESO.<\/p>\n<p>\u201eEste probabil o raritate la nivel mondial\u201d, a remarcat proprietarul.<\/p>\n<p>publicitate&#8221;); background-position: center center; background-repeat: no-repeat;&#8221;&gt;<\/p>\n<p>A doua garnitur\u0103 este<br \/>\nun automotor din seria 810, iar a treia are \u00een componen\u021b\u0103 o locomotiv\u0103 cu patru<br \/>\nosii \u0219i dou\u0103 motoare. <\/p>\n<p>Dintre cele trei,<br \/>\nautomotorul 810 este cel mai c\u0103utat de vizitatori. Are un singur vagon \u0219i<br \/>\nparcurge un traseu mai lung, \u00een timp ce celelalte garnituri au mai multe<br \/>\nvagoane \u0219i circul\u0103 pe o rut\u0103 mai scurt\u0103.<\/p>\n<p>Vehiculele \u0219i<br \/>\nutilajele au fost construite \u00een principal de el, cu excep\u021bia unor componente pe<br \/>\ncare a trebuit s\u0103 le comande.<\/p>\n<p>\u201e\u00cen rest, totul ia na\u0219tere, bucat\u0103 cu bucat\u0103, la noi \u00een<br \/>\ndepou. Ma\u0219inile sunt fabricate de mine\u201d, a povestit b\u0103rbatul.<\/p>\n<p>\u00cen acest an, familia<br \/>\na \u00eenceput \u0219i construirea unui mic muzeu feroviar, extinz\u00e2nd astfel proiectul<br \/>\ncare a pornit de la cei 20 de metri de \u0219ine monta\u021bi \u00een 2007.<\/p>\n<p>I\u0219 nu mai \u0219tie exact<br \/>\nc\u00e2t a costat construc\u021bia. Dup\u0103 aproape dou\u0103 decenii de munc\u0103, spune c\u0103 suma \u0219i<br \/>\ntimpul investite au fost considerabile.<\/p>\n<p>\u201eCu siguran\u021b\u0103 este mult. \u0218i cred c\u0103 pentru banii ace\u0219tia<br \/>\nar fi fost posibil s\u0103 cump\u0103r o ma\u0219in\u0103 nou\u0103, \u0219i nu doar una. Iar munca a fost<br \/>\nat\u00e2t de mult\u0103, \u00eenc\u00e2t a\u0219 fi putut construi \u00eenc\u0103 o cas\u0103\u201d, a glumit b\u0103rbatul, care \u00eens\u0103 \u015fi-a v\u0103zut visul cu ochii<br \/>\n\u015fi acum conduce unul dintre trenuri.<\/p>\n<p>publicitate&#8221;); background-position: center center; background-repeat: no-repeat;&#8221;&gt;<\/p>\n<p>Din mai p\u00e2n\u0103 \u00een<br \/>\noctombrie, calea ferat\u0103 \u00een miniatur\u0103 prime\u0219tevizitatori o dat\u0103 la dou\u0103<br \/>\ns\u0103pt\u0103m\u00e2ni, duminica. \u00cen zilele aglomerate, c\u00e2teva sute de oameni pot ajunge la<br \/>\nVracov pentru o c\u0103l\u0103torie cu trenurile familiei I\u0161. Num\u0103rul vizitatorilor<br \/>\ndepinde \u00een principal de vreme, iar pe parcursul unui an aproximativ 10.000 de<br \/>\npersoane trec pragul complexului.<\/p>\n<p>Vin at\u00e2t localnici,<br \/>\nc\u00e2t \u0219i oameni din alte zone, turi\u0219ti, grupuri de copii de la gr\u0103dini\u021b\u0103 \u0219i<br \/>\npasiona\u021bi ai c\u0103ilor ferate cu ecartament \u00eengust.<\/p>\n<p>\u201eVin la noi at\u00e2t<br \/>\nvizitatori din localitate, c\u00e2t \u0219i din alte zone, care se bucur\u0103 de c\u0103l\u0103toria pe<br \/>\nmica noastr\u0103 cale ferat\u0103. Unii copii nu vor s\u0103 coboare deloc din trenul nostru.<br \/>\nTransport\u0103m grupe de gr\u0103dini\u021b\u0103, publicul larg, turi\u0219ti \u0219i tot felul de<br \/>\npasiona\u021bi ai c\u0103ilor ferate cu ecartament \u00eengust\u201d, a povestit \u00eenc\u00e2ntat Zden\u011bk I\u0161.<\/p>\n<p> \\n  const _iprc = performance.now();\\n\\u003C\/script>\\n\\n\\u003Cscript class=\\&#8221;optanon-category-C0004\\&#8221; type=\\&#8221;text\/plain\\&#8221;>\\nconsole.log(\\&#8221;*** cookieconsent done:\\&#8221;, Math.round(performance.now() &#8211; _iprc) \/ 1000);\\n  gtag(&#8216;event&#8217;, &#8216;cookieconsent&#8217;, {\\n    name: &#8216;load&#8217;,\\n    value: Math.round(performance.now() &#8211; _iprc) \/ 1000\\n  });\\n\\u003C\/script>\\n\\u003C!&#8211; END PERFORMANCE COOKIE PRO &#8211;>\\n\\n{{#unless context.ads_disabled}}\\n\\n\\u003Cscript class=\\&#8221;optanon-category-C0004\\&#8221; type=\\&#8221;text\/plain\\&#8221; src=\\&#8221;\/\/a.teads.tv\/page\/99553\/tag\\&#8221; async=\\&#8221;true\\&#8221;>\\u003C\/script>\\n{{\/unless}}\\n\\n\\u003Cdiv data-ad=\\&#8221;adevarul.ro_728x90_sticky_display_bottom_adevarul_bottom_center_leaderboard\\&#8221; data-devices=\\&#8221;m:0,t:1,d:1\\&#8221;   class=\\&#8221;demand-supply\\&#8221;>\\u003C\/div>\\n\\n{{#if context.content}}\\n\\n{{#unless context.ads_disabled}}\\n\\u003Cscript class=\\&#8221;optanon-category-C0004\\&#8221; type=\\&#8221;text\/plain\\&#8221; src=\\&#8221;https:\/\/cnt.trvdp.com\/js\/1544\/6545.js\\&#8221;>\\u003C\/script>\\n{{\/unless}}\\n\\n\\n{{\/if}}\\n\\n\\n&#8221;,&#8221;html_mobile&#8221;:&#8221;\\n\\n\\n\\u003C!&#8211; CHECK PERFORMANCE COOKIE PRO &#8211;>\\n\\u003Cscript>\\n  const _iprc = performance.now();\\n\\u003C\/script>\\n\\n\\u003Cscript class=\\&#8221;optanon-category-C0004\\&#8221; type=\\&#8221;text\/plain\\&#8221;>\\nconsole.log(\\&#8221;*** cookieconsent done:\\&#8221;, Math.round(performance.now() &#8211; _iprc) \/ 1000);\\n  gtag(&#8216;event&#8217;, &#8216;cookieconsent&#8217;, {\\n    name: &#8216;load&#8217;,\\n    value: Math.round(performance.now() &#8211; _iprc) \/ 1000\\n  });\\n\\u003C\/script>\\n\\u003C!&#8211; END PERFORMANCE COOKIE PRO &#8211;>\\n\\n{{#unless context.ads_disabled}}\\n\\n\\n\\u003Cscript\\n  class=\\&#8221;optanon-category-C0004\\&#8221;\\n  type=\\&#8221;text\/plain\\&#8221;\\n  src=\\&#8221;\/\/a.teads.tv\/page\/99553\/tag\\&#8221;\\n  async=\\&#8221;true\\&#8221;\\n>\\u003C\/script>\\n\\n{{\/unless}} \\n\\n\\u003Cdiv\\n  data-ad=\\&#8221;adevarul.ro_sticky_mobile_bottom\\&#8221;\\n  data-devices=\\&#8221;m:1,t:0,d:0\\&#8221;\\n  class=\\&#8221;demand-supply\\&#8221;\\n>\\u003C\/div>\\n\\n{{#if context.content}} \\n\\n\\n{{#unless context.ads_disabled}}\\n\\u003Cscript class=\\&#8221;optanon-category-C0004\\&#8221; type=\\&#8221;text\/plain\\&#8221; src=\\&#8221;https:\/\/cnt.trvdp.com\/js\/1544\/6545.js\\&#8221;>\\u003C\/script>\\n{{\/unless}}\\n\\n{{\/if}}\\n\\n&#8221;},&#8221;updated_at&#8221;:&#8221;2025-11-01T11:31:21.462Z&#8221;},&#8221;AdPosition_head&#8221;:{&#8222;data&#8221;:{&#8222;custom_fields&#8221;:{},&#8221;for_desktop&#8221;:true,&#8221;for_mobile&#8221;:true,&#8221;html_desktop&#8221;:&#8221;\\u003Cmeta name=\\&#8221;profitshareid\\&#8221; content=\\&#8221;934cd37887433d585a2a227ef0576fcc\\&#8221; \/>\\n\\n\\n\\n{{#unless context.ads_disabled}}\\n\\n\\n{{#if context.content}}\\n\\u003Cscript type=\\&#8221;text\/plain\\&#8221; class=\\&#8221;optanon-category-C0004\\&#8221; src=\\&#8221;https:\/\/jsc.mgid.com\/site\/960965.js\\&#8221; async>\\u003C\/script>\\n\\n\\n\\u003Cscript type=\\&#8221;text\/plain\\&#8221; class=\\&#8221;optanon-category-C0004\\&#8221;>\\n  (function () {\\n    if (document.location.pathname.indexOf(&#8222;https:\/\/adevarul.ro\/ghid-de-cumparaturi&#8221;) === 0) {\\n      return;\\n    }\\n\\n    const s = document.createElement(\\&#8221;script\\&#8221;);\\n    s.src = \\&#8221;https:\/\/srv.divee.ai\/storage\/v1\/object\/public\/sdk\/divee.sdk.latest.js\\&#8221;;\\n    s.setAttribute(\\&#8221;data-project-id\\&#8221;, \\&#8221;4428864e-2da6-4fef-a83c-c16c2dfe86d9\\&#8221;);\\n    s.async = true;\\n    document.head.appendChild(s);\\n  })();\\n\\u003C\/script>\\n\\n\\n\\n\\n\\n{{\/if}}\\n\\n\\u003Cscript>\\n  window.teads_analytics = window.teads_analytics || {};\\n  window.teads_analytics.analytics_tag_id = \\&#8221;PUB_26459\\&#8221;;\\n  window.teads_analytics.share = window.teads_analytics.share || function() {\\n    ;(window.teads_analytics.shared_data = window.teads_analytics.shared_data || []).push(arguments)\\n  };\\n\\u003C\/script>\\n\\u003Cscript type=\\&#8221;text\/plain\\&#8221; class=\\&#8221;optanon-category-C0004\\&#8221; src=\\&#8221;https:\/\/a.teads.tv\/analytics\/tag.js\\&#8221;>\\u003C\/script>\\n\\n\\n{{#unless context.features.nolivesupply}}\\n\\u003Cscript async data-cfasync=\\&#8221;false\\&#8221; type=\\&#8221;text\/plain\\&#8221; class=\\&#8221;optanon-category-C0004\\&#8221; src=\\&#8221;https:\/\/live.demand.supply\/up.js\\&#8221;>\\u003C\/script>\\n{{\/unless}}\\n\\n\\u003Cscript type=\\&#8221;text\/plain\\&#8221; class=\\&#8221;optanon-category-C0004\\&#8221; src=\\&#8221;https:\/\/pagead2.googlesyndication.com\/pagead\/js\/adsbygoogle.js?client=ca-pub-3345426167175409\\&#8221; crossorigin=\\&#8221;anonymous\\&#8221;>\\u003C\/script>\\n\\n \\u003Cscript type=\\&#8221;text\/plain\\&#8221; class=\\&#8221;optanon-category-C0004\\&#8221; src=\\&#8221;https:\/\/terrific.live\/terrific-sdk.js\\&#8221; storeid=\\&#8221;iN6X0VPTDIicsVPKX6p0\\&#8221;>\\u003C\/script>\\n\\n{{\/unless}}\\n\\n\\u003Cstyle>\\n.google-adposition > div {\\n  flex-grow: 1;\\n}\\n\\n.google-adposition:has(iframe) {\\n    background-image: none !important;\\n}\\n\\n.menu-fixed .menu .headContainer .google-auto-placed {\\n    display: none;\\n}\\n\\narticle header .title .google-auto-placed {\\n    display: none;\\n}\\n\\n#onetrust-banner-sdk #onetrust-accept-btn-handler {\\n        margin-bottom: 10px;\\n    }\\n\\n    #onetrust-banner-sdk #onetrust-reject-all-handler {\\n        visibility: hidden;\\n    }\\n\\n\\u003C\/style>\\n\\n \\u003C!&#8211; Facebook Pixel Code &#8211;>\\u003Cscript type=\\&#8221;text\/plain\\&#8221; class=\\&#8221;optanon-category-C0002\\&#8221;>!function(f,b,e,v,n,t,s){if(f.fbq)return;n=f.fbq=function(){n.callMethod?n.callMethod.apply(n,arguments):n.queue.push(arguments)};if(!f._fbq)f._fbq=n;n.push=n;n.loaded=!0;n.version=&#8217;2.0&#8242;;n.queue=[];t=b.createElement(e);t.async=!0;t.src=v;s=b.getElementsByTagName(e)[0];s.parentNode.insertBefore(t,s)}(window,document,&#8217;script&#8217;,&#8217;https:\/\/connect.facebook.net\/en_US\/fbevents.js&#8217;); fbq(&#8216;init&#8217;, &#8216;1346397800155390&#8217;); fbq(&#8216;track&#8217;, &#8216;PageView&#8217;);\\u003C\/script>\\u003Cnoscript> \\u003Cimg height=\\&#8221;1\\&#8221; width=\\&#8221;1\\&#8221; src=\\&#8221;https:\/\/www.facebook.com\/tr?id=1346397800155390&#038;ev=PageView&#038;noscript=1\\&#8221;\/>\\u003C\/noscript>\\u003C!&#8211; End Facebook Pixel Code &#8211;>\\n\\n\\u003C!&#8211; alternativeAds &#8211;>\\n&#8221;,&#8221;html_mobile&#8221;:&#8221;\\u003Cmeta name=\\&#8221;profitshareid\\&#8221; content=\\&#8221;934cd37887433d585a2a227ef0576fcc\\&#8221; \/>\\n\\n\\n{{#unless context.ads_disabled}}\\n\\n{{#if context.content}}\\n\\u003Cscript type=\\&#8221;text\/plain\\&#8221; class=\\&#8221;optanon-category-C0004\\&#8221; src=\\&#8221;https:\/\/jsc.mgid.com\/site\/960965.js\\&#8221; async>\\u003C\/script>\\n\\n\\u003Cscript type=\\&#8221;text\/plain\\&#8221; class=\\&#8221;optanon-category-C0004\\&#8221;>\\n  (function () {\\n    if (document.location.pathname.indexOf(&#8222;https:\/\/adevarul.ro\/ghid-de-cumparaturi&#8221;) === 0) {\\n      return;\\n    }\\n\\n    const s = document.createElement(\\&#8221;script\\&#8221;);\\n    s.src = \\&#8221;https:\/\/srv.divee.ai\/storage\/v1\/object\/public\/sdk\/divee.sdk.latest.js\\&#8221;;\\n    s.setAttribute(\\&#8221;data-project-id\\&#8221;, \\&#8221;4428864e-2da6-4fef-a83c-c16c2dfe86d9\\&#8221;);\\n    s.async = true;\\n    document.head.appendChild(s);\\n  })();\\n\\u003C\/script>\\n\\n{{\/if}}\\n\\n\\u003Cscript>\\n  window.teads_analytics = window.teads_analytics || {};\\n  window.teads_analytics.analytics_tag_id = \\&#8221;PUB_26459\\&#8221;;\\n  window.teads_analytics.share = window.teads_analytics.share || function() {\\n    ;(window.teads_analytics.shared_data = window.teads_analytics.shared_data || []).push(arguments)\\n  };\\n\\u003C\/script>\\n\\u003Cscript type=\\&#8221;text\/plain\\&#8221; class=\\&#8221;optanon-category-C0004\\&#8221; src=\\&#8221;https:\/\/a.teads.tv\/analytics\/tag.js\\&#8221;>\\u003C\/script>\\n\\n{{#unless context.features.nolivesupply}}\\n\\u003Cscript async data-cfasync=\\&#8221;false\\&#8221; type=\\&#8221;text\/plain\\&#8221; class=\\&#8221;optanon-category-C0004\\&#8221; src=\\&#8221;https:\/\/live.demand.supply\/up.js\\&#8221;>\\u003C\/script>\\n{{\/unless}}\\n\\n\\u003Cscript type=\\&#8221;text\/plain\\&#8221; class=\\&#8221;optanon-category-C0004\\&#8221; src=\\&#8221;https:\/\/terrific.live\/terrific-sdk.js\\&#8221; storeid=\\&#8221;iN6X0VPTDIicsVPKX6p0\\&#8221;>\\u003C\/script>\\n\\n{{\/unless}}\\n\\u003Cstyle>\\n\\n.google-adposition:has(iframe) {\\n    background-image: none !important;\\n}\\n\\n.menu-fixed .menu .headContainer .google-auto-placed {\\n    display: none;\\n}\\n\\narticle header .title .google-auto-placed {\\n    display: none;\\n}\\n\\n#onetrust-banner-sdk #onetrust-accept-btn-handler {\\n        margin-bottom: 10px;\\n    }\\n\\n    #onetrust-banner-sdk #onetrust-reject-all-handler {\\n        visibility: hidden;\\n    }\\n\\u003C\/style>\\n&#8221;},&#8221;updated_at&#8221;:&#8221;2026-07-22T15:44:05.196Z&#8221;}},&#8221;last_changed&#8221;:&#8221;2026-08-31T08:09:05.920Z&#8221;,&#8221;page&#8221;:{&#8222;created_at&#8221;:&#8221;2026-08-19T18:57:11.447Z&#8221;,&#8221;created_by&#8221;:1,&#8221;custom_fields&#8221;:{},&#8221;domain&#8221;:&#8221;adevarul.ro&#8221;,&#8221;id&#8221;:99,&#8221;last_published_at&#8221;:&#8221;2026-08-19T18:57:12.918Z&#8221;,&#8221;name&#8221;:&#8221;Content layout (article)&#8221;,&#8221;published&#8221;:1,&#8221;s3_hash&#8221;:&#8221;a5e0764cf3bce051367545eab1538b4619e8ecb9&#8243;,&#8221;slug&#8221;:null,&#8221;title&#8221;:&#8221;Content layout&#8221;,&#8221;type&#8221;:&#8221;layout&#8221;,&#8221;updated_at&#8221;:&#8221;2022-07-21T08:27:20.732Z&#8221;,&#8221;version_id&#8221;:271},&#8221;path&#8221;:&#8221;\/stil-de-viata\/magazin\/un-ceh-care-si-a-dorit-sa-fie-mecanic-de-2553069.html&#8221;,&#8221;pathArray&#8221;:[&#8222;&#8221;,&#8221;stil-de-viata&#8221;,&#8221;magazin&#8221;,&#8221;un-ceh-care-si-a-dorit-sa-fie-mecanic-de-2553069.html&#8221;],&#8221;type&#8221;:&#8221;content&#8221;,&#8221;url&#8221;:&#8221;https:\/\/adevarul.ro\/stil-de-viata\/magazin\/un-ceh-care-si-a-dorit-sa-fie-mecanic-de-2553069.html&#8221;,&#8221;features&#8221;:{},&#8221;query&#8221;:{},&#8221;domain_config&#8221;:{&#8222;MISC&#8221;:{&#8222;logo&#8221;:{&#8222;width&#8221;:320,&#8221;height&#8221;:50}},&#8221;SYSTEM_TAGS&#8221;:[&#8222;noads&#8221;,&#8221;nocomments&#8221;,&#8221;sex&#8221;,&#8221;advert&#8221;,&#8221;advertorial&#8221;,&#8221;video&#8221;,&#8221;galerie&#8221;,&#8221;live&#8221;,&#8221;foto&#8221;,&#8221;exclusiv&#8221;,&#8221;analiza&#8221;,&#8221;interviu&#8221;,&#8221;reportaj&#8221;,&#8221;breaking news&#8221;],&#8221;default&#8221;:{&#8222;lang&#8221;:&#8221;ro&#8221;,&#8221;domain&#8221;:&#8221;adevarul.ro&#8221;,&#8221;alternateDomain&#8221;:&#8221;adevarul-ro.adh.reperio.news&#8221;,&#8221;friendlyName&#8221;:&#8221;Adev\u0103rul&#8221;,&#8221;logoURL&#8221;:&#8221;https:\/\/adevarul.ro\/favicon-144-precomposed.png&#8221;}},&#8221;client&#8221;:{&#8222;is_mobile&#8221;:false}}<\/p>\n","protected":false},"excerpt":{"rendered":"\u00cen Cehia, o familie a transformat o parte din propria proprietate \u00eentr-o cale ferat\u0103 \u00een miniatur\u0103. Proiectul a&hellip;\n","protected":false},"author":2,"featured_media":281702,"comment_status":"","ping_status":"","sticky":false,"template":"","format":"standard","meta":{"footnotes":"","_share_on_mastodon":"0"},"categories":[12],"tags":[32,33,18247,77597,1756,31,36,37,27,74,34,35,27187,25,41,40,38,39,26,28,29,30,16720,81,71,72,73],"class_list":["post-281701","post","type-post","status-publish","format-standard","has-post-thumbnail","category-international","tag-breaking-news","tag-breakingnews","tag-cale-ferata","tag-cale-ferata-gradina","tag-cehia","tag-cele-mai-populare-subiecte","tag-featured-news","tag-featurednews","tag-headlines","tag-international","tag-latest-news","tag-latestnews","tag-locomotiva","tag-news","tag-ro","tag-romana","tag-romania","tag-romanian","tag-stiri","tag-titluri","tag-top-stories","tag-topstories","tag-trenuri","tag-video","tag-world","tag-world-news","tag-worldnews"],"share_on_mastodon":{"url":"https:\/\/pubeurope.com\/@ro\/117189335783796949","error":""},"_links":{"self":[{"href":"https:\/\/www.europesays.com\/ro\/wp-json\/wp\/v2\/posts\/281701","targetHints":{"allow":["GET"]}}],"collection":[{"href":"https:\/\/www.europesays.com\/ro\/wp-json\/wp\/v2\/posts"}],"about":[{"href":"https:\/\/www.europesays.com\/ro\/wp-json\/wp\/v2\/types\/post"}],"author":[{"embeddable":true,"href":"https:\/\/www.europesays.com\/ro\/wp-json\/wp\/v2\/users\/2"}],"replies":[{"embeddable":true,"href":"https:\/\/www.europesays.com\/ro\/wp-json\/wp\/v2\/comments?post=281701"}],"version-history":[{"count":0,"href":"https:\/\/www.europesays.com\/ro\/wp-json\/wp\/v2\/posts\/281701\/revisions"}],"wp:featuredmedia":[{"embeddable":true,"href":"https:\/\/www.europesays.com\/ro\/wp-json\/wp\/v2\/media\/281702"}],"wp:attachment":[{"href":"https:\/\/www.europesays.com\/ro\/wp-json\/wp\/v2\/media?parent=281701"}],"wp:term":[{"taxonomy":"category","embeddable":true,"href":"https:\/\/www.europesays.com\/ro\/wp-json\/wp\/v2\/categories?post=281701"},{"taxonomy":"post_tag","embeddable":true,"href":"https:\/\/www.europesays.com\/ro\/wp-json\/wp\/v2\/tags?post=281701"}],"curies":[{"name":"wp","href":"https:\/\/api.w.org\/{rel}","templated":true}]}}