{"id":281835,"date":"2026-08-31T11:25:09","date_gmt":"2026-08-31T11:25:09","guid":{"rendered":"https:\/\/www.europesays.com\/ro\/281835\/"},"modified":"2026-08-31T11:25:09","modified_gmt":"2026-08-31T11:25:09","slug":"ifa-2026-lg-vrea-sa-discuti-cu-un-agent-ai-despre-toate-setarile-casei-tale-smart","status":"publish","type":"post","link":"https:\/\/www.europesays.com\/ro\/281835\/","title":{"rendered":"IFA 2026: LG vrea sa discuti cu un agent AI despre toate set\u0103rile casei tale smart"},"content":{"rendered":"<p>LG Electronics aduce la <a href=\"https:\/\/www.mobilissimo.ro\/stiri-despre\/IFA+2026\" rel=\"nofollow noopener\" target=\"_blank\">IFA 2026<\/a> o nou\u0103 versiune a platformei sale AI Home, construit\u0103 \u00een jurul unui nou agent conversa\u021bional numit ThinQ Claw. Ideea companiei este ca locuin\u021ba inteligent\u0103 s\u0103 nu mai a\u0219tepte comenzi individuale pentru fiecare aparat, ci s\u0103 poat\u0103 anticipa anumite nevoi folosind programul utilizatorului, condi\u021biile din cas\u0103 \u0219i obiceiurile acestuia.<\/p>\n<p>ThinQ Claw este piesa central\u0103 a acestei strategii. Agentul AI func\u021bioneaz\u0103 prin conversa\u021bii text \u0219i este construit pornind de la conceptul OpenClaw, dar adaptat ecosistemului LG. \u00cen loc s\u0103 interpreteze fiecare mesaj drept o comand\u0103 izolat\u0103, Claw \u00eencearc\u0103 s\u0103 \u00een\u021beleag\u0103 inten\u021bia \u0219i contextul. Spre exemplu, dac\u0103 \u00eei spui c\u0103 urmeaz\u0103 s\u0103 vin\u0103 prieteni \u00een vizit\u0103, sistemul ar putea preg\u0103ti temperatura potrivit\u0103 \u00een camere \u0219i coordona electrocasnicele din buc\u0103t\u0103rie \u00eenainte de sosirea invita\u021bilor.<\/p>\n<p><a href=\"https:\/\/www.mobilissimo.ro\/articole-diverse\/o-setare-gresita-a-scos-agentul-ai-al-meta-din-laborator-muse-spark-1-1-a-compromis-infrastructura-unei-companii-reale\" rel=\"nofollow noopener\" target=\"_blank\">Agentul<\/a> poate fi conectat \u0219i la calendare sau alte servicii digitale, astfel \u00eenc\u00e2t automatiz\u0103rile s\u0103 nu mai trebuiasc\u0103 programate manual. LG spune c\u0103 ThinQ Claw va putea re\u021bine pe termen lung anumite preferin\u021be \u0219i obiceiuri, iar recomand\u0103rile ar trebui s\u0103 devin\u0103 mai relevante pe m\u0103sur\u0103 ce sistemul este folosit. Practic, compania \u00eencearc\u0103 s\u0103 transforme ThinQ dintr-o simpl\u0103 aplica\u021bie de control pentru electrocasnice \u00eentr-un fel de asistent central al locuin\u021bei.<\/p>\n<p>LG prezint\u0103 la IFA \u0219i un Home Energy Management System (HEMS), care poate conecta contorul inteligent, panourile solare, bateria locuin\u021bei, \u00eenc\u0103rc\u0103torul ma\u0219inii electrice \u0219i electrocasnicele. Sistemul decide \u00een timp real cum este produs\u0103, stocat\u0103 \u0219i consumat\u0103 energia \u0219i poate lua \u00een calcul inclusiv tarifele dinamice la electricitate, acolo unde acestea sunt disponibile.<\/p>\n","protected":false},"excerpt":{"rendered":"LG Electronics aduce la IFA 2026 o nou\u0103 versiune a platformei sale AI Home, construit\u0103 \u00een jurul unui&hellip;\n","protected":false},"author":2,"featured_media":281836,"comment_status":"","ping_status":"","sticky":false,"template":"","format":"standard","meta":{"footnotes":"","_share_on_mastodon":"0"},"categories":[16],"tags":[1129,51340,179,77637,3646,41,40,38,39,141,124,77636],"class_list":["post-281835","post","type-post","status-publish","format-standard","has-post-thumbnail","category-tehnologie","tag-ai","tag-ifa","tag-inteligenta-artificiala","tag-internet-of-things","tag-lg","tag-ro","tag-romana","tag-romania","tag-romanian","tag-technology","tag-tehnologie","tag-thinq-claw"],"share_on_mastodon":{"url":"https:\/\/pubeurope.com\/@ro\/117189877868521247","error":""},"_links":{"self":[{"href":"https:\/\/www.europesays.com\/ro\/wp-json\/wp\/v2\/posts\/281835","targetHints":{"allow":["GET"]}}],"collection":[{"href":"https:\/\/www.europesays.com\/ro\/wp-json\/wp\/v2\/posts"}],"about":[{"href":"https:\/\/www.europesays.com\/ro\/wp-json\/wp\/v2\/types\/post"}],"author":[{"embeddable":true,"href":"https:\/\/www.europesays.com\/ro\/wp-json\/wp\/v2\/users\/2"}],"replies":[{"embeddable":true,"href":"https:\/\/www.europesays.com\/ro\/wp-json\/wp\/v2\/comments?post=281835"}],"version-history":[{"count":0,"href":"https:\/\/www.europesays.com\/ro\/wp-json\/wp\/v2\/posts\/281835\/revisions"}],"wp:featuredmedia":[{"embeddable":true,"href":"https:\/\/www.europesays.com\/ro\/wp-json\/wp\/v2\/media\/281836"}],"wp:attachment":[{"href":"https:\/\/www.europesays.com\/ro\/wp-json\/wp\/v2\/media?parent=281835"}],"wp:term":[{"taxonomy":"category","embeddable":true,"href":"https:\/\/www.europesays.com\/ro\/wp-json\/wp\/v2\/categories?post=281835"},{"taxonomy":"post_tag","embeddable":true,"href":"https:\/\/www.europesays.com\/ro\/wp-json\/wp\/v2\/tags?post=281835"}],"curies":[{"name":"wp","href":"https:\/\/api.w.org\/{rel}","templated":true}]}}