{"id":281879,"date":"2026-08-31T11:58:13","date_gmt":"2026-08-31T11:58:13","guid":{"rendered":"https:\/\/www.europesays.com\/ro\/281879\/"},"modified":"2026-08-31T11:58:13","modified_gmt":"2026-08-31T11:58:13","slug":"marius-baciu-a-auzit-ultimatumul-lui-gigi-becali-la-fcsb-si-a-facut-anuntul","status":"publish","type":"post","link":"https:\/\/www.europesays.com\/ro\/281879\/","title":{"rendered":"Marius Baciu a auzit ultimatumul lui Gigi Becali la FCSB \u0219i a f\u0103cut anun\u021bul"},"content":{"rendered":"\n<ul class=\"bullets\">\n<li>\n<p>SuperLiga: Rapid &#8211; Universitatea Craiova, luni, 20:30, DGS 1<\/p>\n<\/li>\n<li>\n<p>La Liga: Barcelona &#8211; Rayo, luni, 22:30, DGS 1<\/p>\n<\/li>\n<\/ul>\n<p>Totu\u0219i, dac\u0103 situa\u021bia echipei nu se va schimba p\u00e2n\u0103 atunci, este foarte posibil ca patronul ro\u0219-alba\u0219trilor s\u0103 se r\u0103zg\u00e2ndeasc\u0103 \u0219i s\u0103 caute alt antrenor.<\/p>\n<p>Marius Baciu a vorbit despre ultimatumul lui Gigi Becali \u0219i a spus c\u0103 poate redresa situa\u021bia echipei: \u201dPot, pot, pot, v\u0103 spun eu c\u0103 pot\u201d<\/p>\n<p>La finalul partidei cu<a href=\"https:\/\/www.digisport.ro\/fotbal\/liga-1\/fcsb-uta-1-3-al-doilea-esec-la-rand-pentru-bucuresteni-prima-victorie-pentru-aradeni-in-noul-sezon-4457453\" target=\"_blank\" rel=\"noopener nofollow\" data-skip-linkfix=\"1\"> UTA, scor 1-3<\/a>, Marius Baciu a vorbit despre ultimatumul impus de Gigi Becali. Tehnicianul a spus c\u0103 nu se g\u00e2nde\u0219te la plecare \u0219i s-a ar\u0103tat convins c\u0103 poate redresa situa\u021bia clubului.<\/p>\n<p>  <img decoding=\"async\" data-skip-htmlfix=\"1\" src=\"https:\/\/www.europesays.com\/ro\/wp-content\/uploads\/2026\/08\/YmYzZDYxOTkyYWMwM2Q2ZDM4ZTQyMjljOWM=.thumb.jpg\" alt=\"\"\/>   Marius Baciu, la FCSB \/ Foto: Captur\u0103 Digi Sport  <\/p>\n<p>\u201dOrice zi e important\u0103 pentru mine. Eu nu o s\u0103 cedez nici \u00een a patra s\u0103pt\u0103m\u00e2n\u0103. Voi face tot ce \u021bine de mine. C\u00e2nd nu mai pot, nu mai pot. Dar fi\u021bi siguri c\u0103 dau sufletul din mine<\/p>\n<p>(n.r dac\u0103 poate s\u0103 schimbe situa\u021bia la FCSB) Pot, pot, pot, v\u0103 spun eu c\u0103 pot!\u201d, a declarat Marius Baciu la finalul partidei.<\/p>\n<p>Dup\u0103 e\u0219ecul cu CFR din urm\u0103 cu o etap\u0103, Gigi Becali spunea c\u0103 \u00eel va l\u0103sa antrenor pe Marius Baciu antrenor cel pu\u021bin p\u00e2n\u0103 \u00een iarn\u0103.<\/p>\n<p>&#8222;Nu pot s\u0103 \u00eemi bat joc de un om \u0219i s\u0103 \u00eel arunc ca pe o m\u0103sea stricat\u0103. Dac\u0103 fac asta, m\u0103 bate pe mine Dumnezeu. P\u00e2n\u0103 \u00een iarn\u0103 va r\u0103m\u00e2ne omul. S\u0103 vedem dac\u0103 avem rezultate&#8221;, a declarat Gigi Becali, la Fotbal Club.\u00a0<\/p>\n<p>Marius Baciu are contract cu FCSB p\u00e2n\u0103 la finalul sezonului actual. Echipa a preluat-o sezonul trecut, pe final de play-off, iar de atunci p\u00e2n\u0103 acum a preg\u0103tit-o \u00een 11 meciuri, cu cinci victorii, dou\u0103 remize \u0219i patru e\u0219ecuri.\u00a0<\/p>\n<p>Video rezumat FCSB &#8211; UTA 1-3VIDEO Rezumat FCSB &#8211; UTA Arad, scor 1-3, meci din etapa a 7-a a SuperLigiiClasamentul SuperLigii  <img decoding=\"async\" data-skip-htmlfix=\"1\" src=\"https:\/\/www.europesays.com\/ro\/wp-content\/uploads\/2026\/08\/1788177493_133_PWFhMmZiNmQ2MTkzYWJhMWY4M2NmNjg0MmY0NzNiN2Uy.thumb.jpg\" alt=\"Captur\u0103 de ecran 2026-08-30 225727\"\/>   Clasament SuperLig\u0103 \/ Foto: flashscore.ro  Rezultatele meciurilor jucate de FCSB cu Marius Baciu \u00een func\u021bia de antrenor principal\u00a0<\/p>\n<ul>\n<li>FCSB\u00a0&#8211; FC Boto\u0219ani 4-3\u00a0<\/li>\n<li>Dinamo &#8211;\u00a0FCSB\u00a01-2<\/li>\n<li>FCSB\u00a0&#8211; FC Arge\u0219 2-0\u00a0<\/li>\n<li>FCSB &#8211; Auda 2-3<\/li>\n<li>Csikszereda &#8211;\u00a0FCSB\u00a00-2\u00a0<\/li>\n<li>Auda &#8211; FCSB 4-1<\/li>\n<li>FCSB &#8211; Farul 2-2\u00a0<\/li>\n<li>Sepsi &#8211; FCSB 0-0\u00a0<\/li>\n<li>FCSB\u00a0&#8211; FC Boto\u0219ani 3-2<\/li>\n<li>CFR Cluj &#8211; FCSB 1-0<\/li>\n<li>FCSB &#8211; UTA Arad 1-3<\/li>\n<\/ul>\n<p>Marius Baciu, dup\u0103 1-3 cu UTA Arad: \u201dDeloc nu s-au respectat indica\u021biile\u201d<\/p>\n<p>&#8222;Fotbalul nu po\u021bi s\u0103-l joci 15 sau 16 minute. E greu s\u0103-mi explic ni\u0219te lucruri. Dar, dac\u0103 nu ai suflet \u0219i inim\u0103 s\u0103-\u021bi c\u00e2\u0219tigi dueluri&#8230; Am f\u0103cut pa\u0219i \u00eenapoi, inexplicabil. Am lucrat s\u0103 ias\u0103, s\u0103 fac\u0103 \u0219i lu\u0103m gol at\u00e2t de u\u0219or. Egal\u0103m \u0219i vine golul lor imediat. Ce s\u0103 zic?<\/p>\n<p>Deloc nu s-au respectat indica\u021biile. Sunt mul\u021bumit doar de primele 15 minute. Dup\u0103, am f\u0103cut pas \u00eenapoi \u0219i am pierdut duelurile. \u0218i eu am fost funda\u0219 central, doamne iart\u0103-m\u0103, \u0219i \u0219tiu despre ce e vorba.<\/p>\n<p>Nu au \u00eenchis spa\u021biile suficient. C\u00e2nd ai trei funda\u0219i centrali \u0219i prime\u0219ti gol de acolo, nu e \u00een regul\u0103! Vom vedea ce se va \u00eent\u00e2mpla. Bine\u00een\u021beles c\u0103 trebuie s\u0103 facem ceva&#8221;.\u00a0<\/p>\n<p>Marius Baciu a vorbit inclusiv despre cearta dintre Arnold Garita \u0219i Vali Cre\u021bu:\u00a0<\/p>\n<p>&#8222;A fost un conflict foarte minor. Orice juc\u0103tor va veni aici trebuie s\u0103 se respecte \u00een primul r\u00e2nd pe el. Dup\u0103 antrenament s-a \u00eent\u00e2mplat ce s-a \u00eent\u00e2mplat \u0219i asta chiar nu o discut\u0103m. Nu mi s-a p\u0103rut ceva foarte grav&#8221;.\u00a0<\/p>\n<p>  Etichete:  <a href=\"https:\/\/www.digisport.ro\/eticheta\/antrenor\" rel=\"nofollow noopener\" target=\"_blank\">antrenor<\/a> , <a href=\"https:\/\/www.digisport.ro\/eticheta\/gigi-becali\" rel=\"nofollow noopener\" target=\"_blank\">gigi becali<\/a> , <a href=\"https:\/\/www.digisport.ro\/eticheta\/superliga\" rel=\"nofollow noopener\" target=\"_blank\">superliga<\/a> , <a href=\"https:\/\/www.digisport.ro\/eticheta\/marius-baciu\" rel=\"nofollow noopener\" target=\"_blank\">marius baciu<\/a> , <a href=\"https:\/\/www.digisport.ro\/eticheta\/video-fcsb-uta-arad\" rel=\"nofollow noopener\" target=\"_blank\">video fcsb &#8211; uta arad<\/a>   <\/p>\n<p>Urm\u0103re\u0219te \u0219tirile digisport.ro \u0219i pe <a href=\"https:\/\/news.google.com\/publications\/CAAiENr1L9HFNMG5hpp5zTfVtpsqFAgKIhDa9S_RxTTBuYaaec031bab?ceid=RO:ro&amp;oc=3\" target=\"_blank\" rel=\"external nofollow noopener\">Google News<\/a><\/p>\n<p>   Noua Aplica\u0163ie Digi Sport poate fi desc\u0103rcat\u0103 din   <\/p>\n","protected":false},"excerpt":{"rendered":"SuperLiga: Rapid &#8211; Universitatea Craiova, luni, 20:30, DGS 1 La Liga: Barcelona &#8211; Rayo, luni, 22:30, DGS 1&hellip;\n","protected":false},"author":2,"featured_media":281880,"comment_status":"","ping_status":"","sticky":false,"template":"","format":"standard","meta":{"footnotes":"","_share_on_mastodon":"0"},"categories":[20],"tags":[351,196,909,41,40,38,39,185,184,55,77647],"class_list":["post-281879","post","type-post","status-publish","format-standard","has-post-thumbnail","category-sport","tag-antrenor","tag-gigi-becali","tag-marius-baciu","tag-ro","tag-romana","tag-romania","tag-romanian","tag-sport","tag-sports","tag-superliga","tag-video-fcsb-uta-arad"],"share_on_mastodon":{"url":"https:\/\/pubeurope.com\/@ro\/117190007719544899","error":""},"_links":{"self":[{"href":"https:\/\/www.europesays.com\/ro\/wp-json\/wp\/v2\/posts\/281879","targetHints":{"allow":["GET"]}}],"collection":[{"href":"https:\/\/www.europesays.com\/ro\/wp-json\/wp\/v2\/posts"}],"about":[{"href":"https:\/\/www.europesays.com\/ro\/wp-json\/wp\/v2\/types\/post"}],"author":[{"embeddable":true,"href":"https:\/\/www.europesays.com\/ro\/wp-json\/wp\/v2\/users\/2"}],"replies":[{"embeddable":true,"href":"https:\/\/www.europesays.com\/ro\/wp-json\/wp\/v2\/comments?post=281879"}],"version-history":[{"count":0,"href":"https:\/\/www.europesays.com\/ro\/wp-json\/wp\/v2\/posts\/281879\/revisions"}],"wp:featuredmedia":[{"embeddable":true,"href":"https:\/\/www.europesays.com\/ro\/wp-json\/wp\/v2\/media\/281880"}],"wp:attachment":[{"href":"https:\/\/www.europesays.com\/ro\/wp-json\/wp\/v2\/media?parent=281879"}],"wp:term":[{"taxonomy":"category","embeddable":true,"href":"https:\/\/www.europesays.com\/ro\/wp-json\/wp\/v2\/categories?post=281879"},{"taxonomy":"post_tag","embeddable":true,"href":"https:\/\/www.europesays.com\/ro\/wp-json\/wp\/v2\/tags?post=281879"}],"curies":[{"name":"wp","href":"https:\/\/api.w.org\/{rel}","templated":true}]}}