{"id":281955,"date":"2026-08-31T12:56:09","date_gmt":"2026-08-31T12:56:09","guid":{"rendered":"https:\/\/www.europesays.com\/ro\/281955\/"},"modified":"2026-08-31T12:56:09","modified_gmt":"2026-08-31T12:56:09","slug":"precomenzile-iphone-18-pro-si-pro-max-incep-pe-12-septembrie","status":"publish","type":"post","link":"https:\/\/www.europesays.com\/ro\/281955\/","title":{"rendered":"Precomenzile iPhone 18 Pro \u0219i Pro Max \u00eencep pe 12 septembrie"},"content":{"rendered":"<p>Lansarea noilor telefoane Apple are loc oficial pe 9 septembrie. Dar precomenzile pentru  iPhone 18 Pro \u0219i  iPhone 18 Pro Max \u00eencep pe 12 septembrie, s\u00e2mb\u0103t\u0103.<\/p>\n<p>Precomenzi pentru  iPhone 18 Pro \u0219i Pro Max<\/p>\n<p>Apple va dezv\u0103lui <a href=\"https:\/\/www.connect.ro\/2026\/08\/18\/apple-a20-pro-2nm\/\" target=\"_blank\" rel=\"nofollow noopener\">iPhone 18 Pro<\/a> \u0219i <a href=\"https:\/\/www.connect.ro\/2026\/08\/19\/doar-iphone-18-pro-max-va-primi-marele-upgrade-de-camera-din-toamna\/\" target=\"_blank\" rel=\"nofollow noopener\">iPhone 18 Pro Max<\/a>, \u00eempreun\u0103 cu <a href=\"https:\/\/www.connect.ro\/2026\/08\/14\/iphone-ultra-fold-lansare-amanata\/\" target=\"_blank\" rel=\"nofollow noopener\">iPhone Ultra<\/a>, pe 9 septembrie, miercuri. Conform calendarului Apple, compania va lansa precomenzile pentru noile iPhone-uri \u00een vinerea din s\u0103pt\u0103m\u00e2na \u00een care sunt anun\u021bate.<\/p>\n<p><a href=\"https:\/\/www.europesays.com\/ro\/wp-content\/uploads\/2026\/08\/3222711-0-96876900-1787920874-iPhone-18-Pro-colors-mockup-1.webp\"><img decoding=\"async\" src=\"https:\/\/www.europesays.com\/ro\/wp-content\/uploads\/2026\/08\/3222711-0-96876900-1787920874-iPhone-18-Pro-colors-mockup-1.webp\" alt=\"\" width=\"2048\" height=\"1365\" class=\"aligncenter size-full wp-image-462989\"   loading=\"lazy\"\/><\/a><\/p>\n<p>Totu\u0219i, anul acesta exist\u0103 o diferen\u021b\u0103. O surs\u0103 de \u00eencredere a declarat pentru <a href=\"https:\/\/www.macworld.com\/article\/3222711\/iphone-18-pro-pre-orders-later-than-usual.html\" target=\"_blank\" rel=\"nofollow noopener\">MacWorld<\/a> c\u0103 precomenzile din acest an nu vor \u00eencepe, ca de obicei, vinerea urm\u0103toare lans\u0103rii.<\/p>\n<p>Pentru c\u0103 imediat dup\u0103 eveniment vinerea este 11 septembrie \u0219i, din motive istorice evidente, av\u00e2nd \u00een vedere c\u0103 este o companie cu sediul \u00een SUA, se zvone\u0219te c\u0103 Apple \u00ee\u0219i va modifica planurile \u0219i va \u00eencepe efectiv s\u0103 preia precomenzi pentru noile iPhone-uri pe 12 septembrie, care este o s\u00e2mb\u0103t\u0103. Se zvone\u0219te, de asemenea, c\u0103 ora de \u00eencepere a precomenzilor se va schimba \u0219i va fi la miezul nop\u021bii.<\/p>\n<p>Aceast\u0103 situa\u021bie ar trebui s\u0103 se aplice \u0219i pentru Apple Watch Series 12 \u0219i pentru orice altceva Apple decide s\u0103 anun\u021be pe 9 septembrie. Cu toate acestea, mai multe rapoarte anterioare au sugerat c\u0103 iPhone Ultra va sosi mai t\u00e2rziu dec\u00e2t modelele Pro \u0219i Pro Max, chiar dac\u0103 ar putea fi dezv\u0103luit \u00een acela\u0219i timp. A\u0219adar, precomenzile sale ar putea \u00eencepe la o dat\u0103 ulterioar\u0103.<\/p>\n<p>Nu ar fi prima dat\u0103 c\u00e2nd Apple a mutat precomenzile de vineri \u00een s\u00e2mb\u0103ta urm\u0103toare: acum 11 ani, iPhone 6S \u0219i 6S Plus nu erau disponibile pentru precomand\u0103 p\u00e2n\u0103 s\u00e2mb\u0103t\u0103, 12 septembrie 2015, din acela\u0219i motiv.<\/p>\n<p>Aceast\u0103 precomand\u0103 ar trebui s\u0103 se aplice pentru iPhone 18 Pro, Apple Watch Series 12 \u0219i Ultra 4, precum \u0219i pentru orice alte surprize pe care Apple le are preg\u0103tite. Cu toate acestea, dac\u0103 dori\u021bi s\u0103 cump\u0103ra\u021bi unul dintre iPhone Ultra pliabile, rapoartele sus\u021bin c\u0103 precomenzile ar putea s\u0103 nu \u00eenceap\u0103 p\u00e2n\u0103 la sf\u00e2r\u0219itul lunii septembrie. O situa\u021bie similar\u0103 a avut loc \u00een 2020, c\u00e2nd iPhone 12 Mini \u0219i iPhone 12 Pro Max au fost lansate mai t\u00e2rziu dec\u00e2t iPhone 12 \u0219i iPhone 12 Pro din cauza pandemiei de coronavirus. Apple a am\u00e2nat, de asemenea, iPhone X \u00een 2017 din cauza unor probleme de produc\u021bie cu telefonul de genera\u021bie urm\u0103toare.<\/p>\n","protected":false},"excerpt":{"rendered":"Lansarea noilor telefoane Apple are loc oficial pe 9 septembrie. Dar precomenzile pentru iPhone 18 Pro \u0219i iPhone&hellip;\n","protected":false},"author":2,"featured_media":281956,"comment_status":"","ping_status":"","sticky":false,"template":"","format":"standard","meta":{"footnotes":"","_share_on_mastodon":"0"},"categories":[16],"tags":[83,30909,17335,520,77674,41,40,38,39,141,124],"class_list":["post-281955","post","type-post","status-publish","format-standard","has-post-thumbnail","category-tehnologie","tag-apple","tag-iphone-18-pro","tag-iphone-18-pro-max","tag-lansare","tag-precomenzi","tag-ro","tag-romana","tag-romania","tag-romanian","tag-technology","tag-tehnologie"],"share_on_mastodon":{"url":"https:\/\/pubeurope.com\/@ro\/117190236111786623","error":""},"_links":{"self":[{"href":"https:\/\/www.europesays.com\/ro\/wp-json\/wp\/v2\/posts\/281955","targetHints":{"allow":["GET"]}}],"collection":[{"href":"https:\/\/www.europesays.com\/ro\/wp-json\/wp\/v2\/posts"}],"about":[{"href":"https:\/\/www.europesays.com\/ro\/wp-json\/wp\/v2\/types\/post"}],"author":[{"embeddable":true,"href":"https:\/\/www.europesays.com\/ro\/wp-json\/wp\/v2\/users\/2"}],"replies":[{"embeddable":true,"href":"https:\/\/www.europesays.com\/ro\/wp-json\/wp\/v2\/comments?post=281955"}],"version-history":[{"count":0,"href":"https:\/\/www.europesays.com\/ro\/wp-json\/wp\/v2\/posts\/281955\/revisions"}],"wp:featuredmedia":[{"embeddable":true,"href":"https:\/\/www.europesays.com\/ro\/wp-json\/wp\/v2\/media\/281956"}],"wp:attachment":[{"href":"https:\/\/www.europesays.com\/ro\/wp-json\/wp\/v2\/media?parent=281955"}],"wp:term":[{"taxonomy":"category","embeddable":true,"href":"https:\/\/www.europesays.com\/ro\/wp-json\/wp\/v2\/categories?post=281955"},{"taxonomy":"post_tag","embeddable":true,"href":"https:\/\/www.europesays.com\/ro\/wp-json\/wp\/v2\/tags?post=281955"}],"curies":[{"name":"wp","href":"https:\/\/api.w.org\/{rel}","templated":true}]}}