{"id":282116,"date":"2026-08-31T15:40:14","date_gmt":"2026-08-31T15:40:14","guid":{"rendered":"https:\/\/www.europesays.com\/ro\/282116\/"},"modified":"2026-08-31T15:40:14","modified_gmt":"2026-08-31T15:40:14","slug":"7-momente-de-ipocrizie-cu-calin-georgescu-somer-de-2-ani-e-extaziat-de-munca-taranilor-suntem-sclavii-ue-newsweek-romania","status":"publish","type":"post","link":"https:\/\/www.europesays.com\/ro\/282116\/","title":{"rendered":"7 momente de ipocrizie cu C\u0103lin Georgescu. \u0218omer de 2 ani, e extaziat de munca \u021b\u0103ranilor. \u201eSuntem sclavii UE!\u201d \u2022 Newsweek Rom\u00e2nia"},"content":{"rendered":"<p>\n                    C\u0103lin Georgescu este \u0219omer de 2 ani, nu are niciun venit declarat. Cu toate astea, a elogiat munca \u021b\u0103ranului rom\u00e2n. Newsweek prezint\u0103 alte momente de ipocrizie cu Georgescu. printre care \u0219i cel de a se opera \u00een Germania, de\u0219i e na\u021bionalist-suveranist \u0219i nu crede \u00een doctori.\n                <\/p>\n<p>C\u0103lin Georgescu \u0219i-a continuat turneul electoral prin Rom\u00e2nia. Aflat la Cisn\u0103die, a l\u0103udat munca grea a \u021b\u0103ranilor \u0219i oierilor, de\u0219i lui nu-i place munca. C\u0103lin Georgescu e \u0219omer de 2 ani \u0219i nu declar\u0103 niciun venit.<\/p>\n<p>7 momente de ipocrizie cu C\u0103lin Georgescu. \u0218omer de 2 ani, e extaziat de munca \u021b\u0103ranilor. \u201eSuntem sclavii UE!\u201d<\/p>\n<p>\u201eAstea sunt palme b\u0103t\u0103torite. Uita\u021bi aici, o palm\u0103 b\u0103t\u0103torit\u0103. A\u0219a c\u0103 de la ei trebuie s\u0103 cump\u0103r\u0103m\u201d, a spus Georgescu \u00eenainte s\u0103 atace din nou UE.<\/p>\n<p>\u201eStatul s\u0103 fie scutul tuturor rom\u00e2nilor, inclusiv al ciobanilor no\u0219tri, nu s\u0103 fie argatul Bruxelles-ului&#8230; Asta avem de salvat: istoria noastr\u0103 milenar\u0103, miori\u021ba, Curtea de Arge\u0219, Baltagul, istoria \u0219i tradi\u021biile noastre\u201d, a spus Georgescu aflat \u00een vizit\u0103 la Cisn\u0103die, \u00een Sibiu.<\/p>\n<p>Flancat de g\u0103rzi de corp, cu ultima leaf\u0103 \u00eencasat\u0103 \u00een septembrie 2024 de la Universitatea Pite\u0219ti unde a fost lector, \u0219omerul C\u0103lin Georgescu a l\u0103udat munca grea a rom\u00e2nilor.<\/p>\n<p>Un moment de ipocrizie care nu este singular pentru C\u0103lin Georgescu.<\/p>\n<p>E un om din popor, dar se ap\u0103r\u0103 de el cu g\u0103rzi de corp<\/p>\n<p>C\u0103lin Georgescu a refuzat dezbaterile electorale \u0219i nu vorbe\u0219te cu presa. El a declarat c\u0103 aliatul s\u0103u este poporulu rom\u00e2n. Cu toate astea, Georgescu merge \u00een mijlocul poporului cu 5 g\u0103rzi de corp. Indiferent c\u0103 se duce la pia\u021b\u0103, s\u0103 voteze sau la tribunal.<\/p>\n<p>De cine s-o fi tem\u00e2nd?<\/p>\n<p>Cite\u0219te \u0219i: <a href=\"https:\/\/newsweek.ro\/politica\/calin-georgescu-somer-de-2-ani-cu-bodyguarzi-si-vila-de-500000eur-recunoaste-nu-fac-nimic-toata-ziua\" target=\"_blank\" rel=\"noopener nofollow\">C\u0103lin Georgescu, \u0219omer de 2 ani, cu bodyguarzi \u0219i vil\u0103 de 500.000\u20ac, recunoa\u0219te: \u201eNu fac nimic toat\u0103 ziua\u201d<\/a><\/p>\n<p>Nu crede \u00een doctori, e na\u021bionalist, dar se opereaz\u0103 \u00een Germania<\/p>\n<p>Georgescu nu crede \u00een doctori, spun\u00e2nd c\u0103 el \u00ee\u0219i cunoa\u0219te corpul mai bine ca oricare medic. Se declar\u0103 ultra na\u021bionalist, sus\u021bin\u00e2nd c\u0103 Rom\u00e2nia ar trebui s\u0103 ias\u0103 din UE, NATO \u0219i Schengen, \u0219i crede c\u0103 Rom\u00e2nia e poporul ales.<\/p>\n<p>C\u00e2nd s\u0103n\u0103tatea \u00eei este amenin\u021bat\u0103, alege s\u0103 se trateze \u00een afara \u021b\u0103rii. Georgescu s-a operat la picior \u00een Austria.<\/p>\n<p>Cite\u0219te \u0219i: <a href=\"https:\/\/newsweek.ro\/investigatii\/video-patriotul-calin-georgescu-care-nu-crede-in-medicina-fuge-la-tratament-in-strainatate-e-somer-de-2-ani\" target=\"_blank\" rel=\"noopener nofollow\">VIDEO \u201ePatriotul\u201d C\u0103lin Georgescu nu crede \u00een medicin\u0103, dar fuge la tratament \u00een str\u0103in\u0103tate. E \u0219omer de 2 ani<\/a><\/p>\n<p>St\u0103 \u00een vil\u0103 de burghez, de\u0219i pl\u00e2nge pe um\u0103rul \u021b\u0103ranului rom\u00e2n<\/p>\n<p>Toat\u0103 ziua pl\u00e2nge pe um\u0103rul \u021b\u0103ranului rom\u00e2n, dar el st\u0103 la vil\u0103 \u00een Mogo\u0219oaia, \u00een apropiere de Bucure\u0219ti. \u00cen livingul de unde \u00ee\u0219i \u00eenregistreaz\u0103 mesajele pentru popor, acum 30 de ani cre\u0219tea porumb.<\/p>\n<p>De\u0219i e \u0219omer de 2 ani, Georgescu \u0219i-a luat vil\u0103 de 400.000 de euro, \u00eentr-una din cele mai c\u0103utate zone ale \u021b\u0103rii.<\/p>\n<p>La C\u0103lin Georgescu, nici g\u0103rzile de corp nu sunt \u201eMade in Romania\u201d<\/p>\n<p>\u201eDoar cu Dumnezeu \u00eenainte, cu credin\u021b\u0103 nelimitat\u0103, cu Rom\u00e2nia \u00een inim\u0103, cump\u0103ra\u021bi rom\u00e2ne\u0219te ap\u0103ra\u021bi munca rom\u00e2neasc\u0103, ridica\u021bi \u021bara\u201d, a spus Georgescu la Cisn\u0103die.<\/p>\n<p>\u00cenainte s\u0103 devin\u0103 candidat la pre\u0219edin\u021bie, Georgescu a muncit la insititu\u021bia globalist\u0103 Na\u021biunile Unite. Nici prea credincios nu era, el declar\u00e2nd c\u0103 \u201enu am nicio treab\u0103 cu Biserica\u201d.<\/p>\n<p>Se declar\u0103 protectorul produselor rom\u00e2ne\u0219ti, dar umbl\u0103 cu ma\u0219ini str\u0103ine, g\u0103rzi de corp instruite \u00een Legiunea Str\u0103in\u0103 \u0219i se \u00eembrac\u0103 de la firme occidentale.<\/p>\n<p>Cite\u0219te \u0219i:\u00a0<a href=\"https:\/\/newsweek.ro\/politica\/cuplul-din-umbra-lui-georgescu-fac-tabere-paramilitare-elogiaza-extrema-dreapta-interbelica\" target=\"_blank\" rel=\"noopener nofollow\">Cuplul din \u201eumbra\u201d lui Georgescu: Fac tabere paramilitare, elogiaz\u0103 extrema dreapt\u0103 interbelic\u0103<\/a><\/p>\n<p>Anti-globalist, a economist 250.000 euro \u00een Austria<\/p>\n<p>C\u0103lin Georgescu a tr\u0103it mai mul\u021bi ani \u00een Austria \u00eenainte s\u0103 se repatrieze \u00een 2024. Acolo a str\u00e2ns o avere de 250.000 de euro (o sum\u0103 mult sub valoarea imobilului cump\u0103rat ulterior \u00een Rom\u00e2nia).<\/p>\n<p>\u00centrebat cum s-a transformat dintr-un globalist \u00eentr-un ultrana\u021bionalist, Georgescu a spus c\u0103 a avut o revela\u021bie \u0219i atunci a trecut de partea poporului rom\u00e2n. Dup\u0103 20 de ani de globalism.<\/p>\n<p>Cite\u0219te \u0219i: C<a href=\"https:\/\/newsweek.ro\/economie\/lui-calin-georgescu-ii-pute-trecerea-la-euro-moneda-folosita-in-21-state-ue-nu-vom-trada-leul\" target=\"_blank\" rel=\"noopener nofollow\">\u0103lin Georgescu are 240.000\u20ac \u00een banc\u0103, dar nu vrea s\u0103 trecem la moneda euro. \u201eNu ne aduce bun\u0103stare\u201d<\/a><\/p>\n<p>E antisistem, dar a lucrat \u00een guverne \u0219i ONG-uri<\/p>\n<p>E un candidat anti-sistem, dar a fost \u00een mai multe guverne \u0219i a beneficiat de finan\u021b\u0103ri prin ONG-uri din partea unor organisme interna\u021bionale \u0219i na\u021bionale.<\/p>\n<p>Newsweek a relatat despre aceste aspecte \u00een mai multe r\u00e2nduri.<\/p>\n<p>C\u0103lin Georgescu a fost Director executiv, administr\u00e2nd activitatea Centrului Na\u021bional pentru Dezvoltare Durabil\u0103 (CNDD) \u00eentre 2000 \u0219i 2011.\u00a0<\/p>\n<p>C\u0103lin Georgescu a fost, 10 ani, consultant pentru primari, prefec\u021bi \u0219i \u0219efi de consilii jude\u021bene pe probleme de dezvoltare durabil\u0103.<\/p>\n<p>Cite\u0219te \u0219i:\u00a0<a href=\"https:\/\/newsweek.ro\/international\/operatiunea-portal-kombat-declansata-de-caracatita-ruseasca-din-jurul-lui-calin-geogescu\" rel=\"nofollow noopener\" target=\"_blank\">\u201eOpera\u021biunea Portal Kombat\u201d declan\u0219at\u0103 de caracati\u021ba ruseasc\u0103 din jurul lui C\u0103lin Geogescu<\/a><\/p>\n<p>Planurile de dezvoltare durabil\u0103 \u00eentocmite pentru diverse prim\u0103rii din toat\u0103 \u021bara nu aveau, \u00eens\u0103, nicio valoare, fiind inutilizabile.<\/p>\n<p>Spre exemplu, C\u0103lin Georgescu, a \u00eentocmit \u00een 2006, un plan de dezvoltare durabil\u0103 a ora\u0219ului Constan\u021ba, condus atunci de primarul Radu Maz\u0103re.<\/p>\n<p>Georgescu a fost pl\u0103tit din fonduri ale Na\u021biunilor Unite \u0219i ale guvernului.<\/p>\n<p>Pe larg \u00een link-ul de mai jos:<\/p>\n<p>Cite\u0219te \u0219i: <a href=\"https:\/\/newsweek.ro\/investigatii\/calin-georgescu-radu-mazare-teodosie-parteneri-in-proiecte-de-1500000000eur-le-au-facut-praf\" target=\"_blank\" rel=\"noopener nofollow\">C\u0103lin Georgescu, Radu Maz\u0103re, Teodosie, parteneri \u00een proiecte de 1.500.000.000\u20ac. Le-au f\u0103cut praf<\/a><\/p>\n<p>\u00cen 1991 \u00eel g\u0103sim \u0219ef al Biroului Senatorial pentru Mediu, iar un an mai t\u00e2rziu, consilier al ministrului Mediului, Marcian Bleahu. C\u0103lin Georgescu bifeaz\u0103 doi premieri sub care a lucrat &#8211; Petre Roman \u0219i Theodor Stolojan.<\/p>\n<p>\u00centre 1997 \u0219i 1998 este secretar general la Ministerul Mediului. Mai bifeaz\u0103 dou\u0103 guverne \u00een care a fost membru &#8211; cel al lui Victor Ciorbea \u0219i al lui Radu Vasile.<\/p>\n<p>\u00centre 2004 \u0219i 2005 este angajat la Ministerul de Externe ca Director de Organiza\u021bii Economice Interna\u021bionale. Mai bifeaz\u0103 doi premieri &#8211; Adrian N\u0103stase \u0219i C\u0103lin Popescu T\u0103riceanu.<\/p>\n","protected":false},"excerpt":{"rendered":"C\u0103lin Georgescu este \u0219omer de 2 ani, nu are niciun venit declarat. Cu toate astea, a elogiat munca&hellip;\n","protected":false},"author":2,"featured_media":282117,"comment_status":"","ping_status":"","sticky":false,"template":"","format":"standard","meta":{"footnotes":"","_share_on_mastodon":"0"},"categories":[10],"tags":[36779,32,33,317,31,23469,36,37,570,27,34,35,77718,25,41,40,38,39,26,77717,28,29,30],"class_list":["post-282116","post","type-post","status-publish","format-standard","has-post-thumbnail","category-romania","tag-adevarul-h","tag-breaking-news","tag-breakingnews","tag-calin-georgescu","tag-cele-mai-populare-subiecte","tag-eveniment","tag-featured-news","tag-featurednews","tag-georgescu","tag-headlines","tag-latest-news","tag-latestnews","tag-miorita","tag-news","tag-ro","tag-romana","tag-romania","tag-romanian","tag-stiri","tag-taran","tag-titluri","tag-top-stories","tag-topstories"],"share_on_mastodon":{"url":"https:\/\/pubeurope.com\/@ro\/117190880523256832","error":""},"_links":{"self":[{"href":"https:\/\/www.europesays.com\/ro\/wp-json\/wp\/v2\/posts\/282116","targetHints":{"allow":["GET"]}}],"collection":[{"href":"https:\/\/www.europesays.com\/ro\/wp-json\/wp\/v2\/posts"}],"about":[{"href":"https:\/\/www.europesays.com\/ro\/wp-json\/wp\/v2\/types\/post"}],"author":[{"embeddable":true,"href":"https:\/\/www.europesays.com\/ro\/wp-json\/wp\/v2\/users\/2"}],"replies":[{"embeddable":true,"href":"https:\/\/www.europesays.com\/ro\/wp-json\/wp\/v2\/comments?post=282116"}],"version-history":[{"count":0,"href":"https:\/\/www.europesays.com\/ro\/wp-json\/wp\/v2\/posts\/282116\/revisions"}],"wp:featuredmedia":[{"embeddable":true,"href":"https:\/\/www.europesays.com\/ro\/wp-json\/wp\/v2\/media\/282117"}],"wp:attachment":[{"href":"https:\/\/www.europesays.com\/ro\/wp-json\/wp\/v2\/media?parent=282116"}],"wp:term":[{"taxonomy":"category","embeddable":true,"href":"https:\/\/www.europesays.com\/ro\/wp-json\/wp\/v2\/categories?post=282116"},{"taxonomy":"post_tag","embeddable":true,"href":"https:\/\/www.europesays.com\/ro\/wp-json\/wp\/v2\/tags?post=282116"}],"curies":[{"name":"wp","href":"https:\/\/api.w.org\/{rel}","templated":true}]}}