{"id":282158,"date":"2026-08-31T16:10:13","date_gmt":"2026-08-31T16:10:13","guid":{"rendered":"https:\/\/www.europesays.com\/ro\/282158\/"},"modified":"2026-08-31T16:10:13","modified_gmt":"2026-08-31T16:10:13","slug":"sumudica-i-a-zis-o-direct-lui-gigi-becali-dupa-ce-i-a-vandut-pe-olaru-birligea-si-tanase","status":"publish","type":"post","link":"https:\/\/www.europesays.com\/ro\/282158\/","title":{"rendered":"\u0218umudic\u0103 i-a zis-o direct lui Gigi Becali dup\u0103 ce i-a v\u00e2ndut pe Olaru, B\u00eerligea \u0219i T\u0103nase!"},"content":{"rendered":"<p>\t    <img loading=\"lazy\" decoding=\"async\" class=\"mg-x-auto\" width=\"30\" height=\"30\" src=\"https:\/\/www.europesays.com\/ro\/wp-content\/uploads\/2026\/08\/1788192611_120_google-g.png\" alt=\"\"\/><\/p>\n<p id=\"p-0\">Marius \u0218umudic\u0103, antrenorul de la CFR Cluj \u0219i, totodat\u0103, bun prieten cu Gigi Becali, a tras concluzia dup\u0103 v\u00e2nz\u0103rile lui Olaru, B\u00eerligea \u0219i T\u0103nase.<\/p>\n<p id=\"p-1\">Tehnicianul ardelenilor i-a spus-o direct magnatului c\u0103 rivala din campionat a pierdut enorm dup\u0103 dispari\u021bia celor trei din echip\u0103, iar acum \u00een vestiar nu ma9i exist\u0103 un adev\u0103rat lider.<\/p>\n<p>Reac\u021bia dur\u0103 a lui \u0218umudic\u0103 dup\u0103 ce Gigi Becali i-a cedat pe Olaru, B\u00eerligea \u0219i T\u0103nase!<\/p>\n<p id=\"p-2\">Gigi Becali i-a v\u00e2ndut \u00een aceast\u0103 var\u0103 Olaru, B\u00eerligea \u0219i T\u0103nase, trei dintre liderii echipei, iar asta se vede c\u00e2t se poate de clar \u00een evolu\u021biile jenante ale echipei din acest \u00eenceput de sezon.<\/p>\n<p id=\"p-3\">Marius \u0218umudic\u0103, bun prieten cu latifundiarul din Pipera, i-a acestuia c\u0103 <a style=\"color: #0000ff;\" href=\"https:\/\/www.prosport.ro\/fotbal-intern\/superliga\/mihai-stoica-scandal-tanase-cretu-fcsb-20514752\" rel=\"nofollow noopener\" target=\"_blank\">pierderile celor trei sunt \u201eenorme\u201d<\/a>, la care s-ar putea ad\u0103uga \u0219i cea a lui Cre\u021bu, scos din lot la partida cu UTA din motive de indisciplin\u0103. Veteranul ar putea fi iertat p\u00e2n\u0103 la urm\u0103 \u0219i reprimit \u00een lot.<\/p>\n<p>                <a href=\"https:\/\/www.prosport.ro\/poze\/marius-sumudica-gigi-becali-olaru-birligea-tanase-vanzari-20514793\" rel=\"nofollow noopener\" target=\"_blank\">&#13;<br \/>\n                                            <img decoding=\"async\" loading=\"lazy\" fetchpriority=\"low\" src=\"https:\/\/www.europesays.com\/ro\/wp-content\/uploads\/2026\/08\/https:\/\/www.prosport.ro\/wp-content\/uploads\/2025\/11\/Reactia-FCSB-dupa-ce-Tanase-si-Olaru-au-fost-marg.jpeg\" width=\"458\" height=\"305\"\/>&#13;<br \/>\n                                    <\/a><\/p>\n<p>                <a href=\"https:\/\/www.prosport.ro\/poze\/marius-sumudica-gigi-becali-olaru-birligea-tanase-vanzari-20514793\" rel=\"nofollow noopener\" target=\"_blank\">&#13;<br \/>\n                                            <img decoding=\"async\" loading=\"lazy\" fetchpriority=\"low\" src=\"https:\/\/www.europesays.com\/ro\/wp-content\/uploads\/2026\/08\/https:\/\/www.prosport.ro\/wp-content\/uploads\/2026\/08\/incredibil-ce-anunt-a-facut-acum-gigi-becali-ordi.jpeg\" width=\"227\" height=\"151\"\/>&#13;<br \/>\n                                    <\/a><\/p>\n<p id=\"p-4\">Pe l\u00e2ng\u0103 cei enumera\u021bi mai sus, FCSB i-a mai cedat \u00een ultimele luni \u0219i pe Chiriche\u0219, \u0218ut \u0219i Lixandru, al\u021bi juc\u0103tori din lot cu mare experien\u021b\u0103.<\/p>\n<p id=\"p-5\">\u201eEchipa asta s\u0103 se piard\u0103 a\u0219a de la un an jumate c\u00e2nd f\u0103cea rezultatele acelea \u00een Europa (\u2026) S\u0103 pierzi un Olaru, s\u0103 pierzi B\u00eerligea, s\u0103 pierzi T\u0103nase \u00een momentul de fa\u021b\u0103, Cre\u021bu, care pentru mine f\u0103cea banda foarte bine la FCSB, sunt 4 juc\u0103tori foarte, foarte, foarte importan\u021bi. Plus schimbarea sistemului, plus tot. O s\u0103 le fie greu.<\/p>\n<p id=\"p-6\">Florin T\u0103nase a fost c\u0103pitanul celor de la FCSB \u00een ultimele sezoane, \u00een timp ce Vali Cre\u021bu, care joac\u0103 la ro\u0219-alba\u0219tri din 2019, a fost \u0219i el o voce puternic\u0103 \u00een vestiar.<\/p>\n<p id=\"p-7\">\u201eConsider c\u0103 FCSB-ul va sl\u0103bi foarte mult prin plec\u0103rile lui T\u0103nase \u0219i Cre\u021bu. Asta este p\u0103rerea mea, \u00een contextul \u00een care i-au mai pierdut, v-am spus, pe Olaru \u0219i pe B\u00eerligea.<\/p>\n<p id=\"p-8\">Din punctul meu de vedere sunt pierderi, pierderi enorme, fiindc\u0103 FCSB-ul nu mai are lider. G\u00e2ndi\u021bi-v\u0103 c\u0103 a pierdut \u0218ut \u0219i Lixandru, uitasem. Deci FCSB-ul \u00een momentul de fa\u021b\u0103 este o echip\u0103 f\u0103r\u0103 un lider \u00een teren\u201d, a spus \u0218umudic\u0103, la <a style=\"color: #000000;\" href=\"https:\/\/www.fanatik.ro\/pierderi-enorme-gigi-becali-avertizat-de-rivalul-din-superliga-dupa-ce-tanase-si-cretu-au-plecat-de-la-fcsb-nu-mai-au-lider-21533645?fbclid=IwY2xjawUCee1wZG9mBWV4dG4DYWVtAjEwAGJyaWQRMGV6cVhLSDQ0Wnh5VHM1anFzcnRjBmFwcF9pZBAyMjIwMzkxNzg4MjAwODkyAAEeGTiOm0tSkHJ0kNjCDbgNdxTqbezLwpwPEZFn78uvDB8EWWebbMKrTwVLFSk_aem_w23OuDz8HFZWPxCCrdw6mQ\" rel=\"nofollow noopener\" target=\"_blank\">Fanatik<\/a>.<\/p>\n<p><img aria-describedby=\"caption-attachment-20509717\" class=\"size-full wp-image-20509717\" src=\"https:\/\/www.europesays.com\/ro\/wp-content\/uploads\/2026\/08\/https:\/\/www.prosport.ro\/wp-content\/uploads\/2026\/08\/gigi-becali-regreta-ca-nu-l-a-cumparat-pe-macalou.webp\" alt=\"\" width=\"900\" height=\"507\" loading=\"lazy\" decoding=\"async\" \/><\/p>\n<p id=\"caption-attachment-20509717\" class=\"wp-caption-text\">Foto: Mediafax Foto<\/p>\n<p>C\u00e2\u021bi bani a \u00eencasat latifundiarul din Piper\u0103 pe cei juc\u0103tori<\/p>\n<p id=\"p-9\">Dac\u0103 pentru Darius Olaru, Gigi Becali a \u00eencasat 3.000.000 de euro, pe Daniel B\u00eerligea va primi, \u00eeni\u021bial, 1,5 milioane de euro, plus alte 3,5 milioane <a style=\"color: #0000ff;\" href=\"https:\/\/www.prosport.ro\/fotbal-intern\/superliga\/daniel-birligea-transfer-frosinone-gigi-becali-2-20511632\" rel=\"nofollow noopener\" target=\"_blank\">\u00een cazul \u00een care Frosinone se salveaz\u0103 de la retrogradare<\/a> \u00een acest sezon din Serie A.<\/p>\n<p id=\"p-10\">Florin T\u0103nase va pleca \u00een schimb gratis, \u00een urma \u00een\u021belegerii verbale dintre juc\u0103tor \u0219i Gigi Becali. Fotbalistul va \u00eencasa la Omonia Nicosia un salariu lunar de 60.000 de euro, dublu c\u00e2t avea la FCSB.<\/p>\n<p id=\"p-11\">\u00a0<\/p>\n","protected":false},"excerpt":{"rendered":"Marius \u0218umudic\u0103, antrenorul de la CFR Cluj \u0219i, totodat\u0103, bun prieten cu Gigi Becali, a tras concluzia dup\u0103&hellip;\n","protected":false},"author":2,"featured_media":282159,"comment_status":"","ping_status":"","sticky":false,"template":"","format":"standard","meta":{"footnotes":"","_share_on_mastodon":"0"},"categories":[20],"tags":[1581,6529,4340,77745,48549,41,40,38,39,185,184],"class_list":["post-282158","post","type-post","status-publish","format-standard","has-post-thumbnail","category-sport","tag-daniel-birligea","tag-darius-olaru","tag-florin-tanase","tag-gigi-becali-jucatori","tag-marius-sumudica-fcsb","tag-ro","tag-romana","tag-romania","tag-romanian","tag-sport","tag-sports"],"share_on_mastodon":{"url":"https:\/\/pubeurope.com\/@ro\/117190999058703247","error":""},"_links":{"self":[{"href":"https:\/\/www.europesays.com\/ro\/wp-json\/wp\/v2\/posts\/282158","targetHints":{"allow":["GET"]}}],"collection":[{"href":"https:\/\/www.europesays.com\/ro\/wp-json\/wp\/v2\/posts"}],"about":[{"href":"https:\/\/www.europesays.com\/ro\/wp-json\/wp\/v2\/types\/post"}],"author":[{"embeddable":true,"href":"https:\/\/www.europesays.com\/ro\/wp-json\/wp\/v2\/users\/2"}],"replies":[{"embeddable":true,"href":"https:\/\/www.europesays.com\/ro\/wp-json\/wp\/v2\/comments?post=282158"}],"version-history":[{"count":0,"href":"https:\/\/www.europesays.com\/ro\/wp-json\/wp\/v2\/posts\/282158\/revisions"}],"wp:featuredmedia":[{"embeddable":true,"href":"https:\/\/www.europesays.com\/ro\/wp-json\/wp\/v2\/media\/282159"}],"wp:attachment":[{"href":"https:\/\/www.europesays.com\/ro\/wp-json\/wp\/v2\/media?parent=282158"}],"wp:term":[{"taxonomy":"category","embeddable":true,"href":"https:\/\/www.europesays.com\/ro\/wp-json\/wp\/v2\/categories?post=282158"},{"taxonomy":"post_tag","embeddable":true,"href":"https:\/\/www.europesays.com\/ro\/wp-json\/wp\/v2\/tags?post=282158"}],"curies":[{"name":"wp","href":"https:\/\/api.w.org\/{rel}","templated":true}]}}