{"id":282284,"date":"2026-08-31T17:54:14","date_gmt":"2026-08-31T17:54:14","guid":{"rendered":"https:\/\/www.europesays.com\/ro\/282284\/"},"modified":"2026-08-31T17:54:14","modified_gmt":"2026-08-31T17:54:14","slug":"veste-buna-pentru-pensionari-cand-se-vor-mari-pensiile-cu-7-ce-bani-se-vor-primi-in-plus-newsweek-romania","status":"publish","type":"post","link":"https:\/\/www.europesays.com\/ro\/282284\/","title":{"rendered":"Veste bun\u0103 pentru pensionari. C\u00e2nd se vor m\u0103ri pensiile cu 7%? Ce bani se vor primi \u00een plus? \u2022 Newsweek Rom\u00e2nia"},"content":{"rendered":"<p>\n                    Veste bun\u0103 pentru pensionari. Se face \u00eenc\u0103 un pas spre indexarea pensiilor la 1 ianuarie 2027. \u0218tim \u00een propor\u021bie de 90% numele ministrului care va conduce Ministerul Muncii. El a anun\u021bat deja c\u0103 pensiile vor cre\u0219te \/ indexate la 1 ianuarie 2027.\n                <\/p>\n<p>Momente importante pentru pensionari. E foarte posibil s\u0103 avem un nou premier desemnat p\u00e2n\u0103 la finalul acestei s\u0103pt\u0103m\u00e2ni.<\/p>\n<p>Surse politice spun c\u0103 Nicu\u0219or Dan va nominaliza un premier independent. Deocamdat\u0103 sunt 2 nume vehiculate &#8211; ministrul de Finan\u021be Alexandru Nazare sau consilierul pre\u0219edintelui &#8211; Eugen Tomac.\u00a0<\/p>\n<p>Cite\u0219te \u0219i:\u00a0<a href=\"https:\/\/newsweek.ro\/social\/surpriza-neplacuta-pentru-un-pensionar-cu-4000-lei-pensie-de-ce-nu-i-au-luat-in-calcul-9-ani-de-grupa-a-ii-a\" target=\"_blank\" rel=\"noopener nofollow\">Surpriz\u0103 nepl\u0103cut\u0103 pentru o pensionar\u0103 cu 4.000 lei pensie. Nu i-au luat \u00een calcul 17 ani de grupa a II-a<\/a><\/p>\n<p>Veste bun\u0103 pentru pensionari. Cine va m\u0103ri pensiile cu 7% \u0219i c\u00e2nd? Ce bani se vor primi \u00een plus?<\/p>\n<p>Cite\u0219te \u0219i:\u00a0<a href=\"https:\/\/newsweek.ro\/social\/ministerul-muncii-a-13-a-pensie-pensionarii-afla-cand-s-ar-putea-da\" target=\"_blank\" rel=\"noopener nofollow\">Anun\u021b oficial de la Ministerul Muncii despre a 13-a pensie. C\u00e2nd s-ar putea da?<\/a><\/p>\n<p>PSD va sus\u021bine noul guvern \u0219i va nominaliza ministrul Muncii, cel care se va ocupa cu pensiile. Surse politice spun c\u0103 mare favorit pentru preluarea acestei func\u021bii este Florin Manole.<\/p>\n<p>Acesta a anun\u021bat \u00een repetate r\u00e2nduri c\u0103 pensiile vor fi indexate la 1 ianuarie 2027, ceea ce reprezint\u0103 o veste bun\u0103 pentru pensionari.<\/p>\n<p><img decoding=\"async\" src=\"https:\/\/www.europesays.com\/ro\/wp-content\/uploads\/2026\/08\/aHR0cHM6Ly9uZXdzd2Vlay5yby9zdG9yYWdlL211bHRpbWVkaWEvMjAyNi8wOC91YTdvRUV0WHI3dWlyUE1WZDZUZlV1YkpDazQ5.webp\" alt=\"Pensionari la pensie - Foto: Magnific\"\/>&#13;<br \/>\nPensionari la pensie &#8211; Foto: Magnific&#13;<\/p>\n<p>\u201eLa 1 ianuarie 2027 indexarea nu va mai putea fi am\u00e2nat\u0103, indiferent cine va fi la guvernare, la Ministerul Muncii\u201d, a spus \u00een martie 2026 ministrul Florin Manole.<\/p>\n<p>El a plecat din guvern dup\u0103 ce PSD a ie\u0219it de la guvernare.<\/p>\n<p>Florin Manole ar putea reveni ministru al Muncii \u00een jurul datei de 20 septembrie.<\/p>\n<p>Newsweek a atras aten\u021bia c\u0103 pensiile nu vor putea fi indexate cu procentul prev\u0103zut de lege. Este vorba de valoarea infla\u021biei plus jum\u0103tate din procentul de cre\u0219tere al salariului mediu brut.<\/p>\n<p>Indexarea ar trebui s\u0103 fie de 12% la 1 ianuarie 2027.<\/p>\n<p>Cu ce sume vor fi indexate pensiile?<\/p>\n<p>E aproape imposibil\u0103 o asemenea cre\u0219tere a spus \u0219i ministrul de Finan\u021be, Alexandru Nazare. Foarte probabil vom avea o cre\u0219tere de pensie de 7-8% la 1 ianuarie 2027.\u00a0<\/p>\n<p>\u00cen acest moment, pensia medie este de 2.821 de lei. Aceasta ar urma s\u0103 creasc\u0103 dup\u0103 toate probabilit\u0103\u021bile la 3.021 de lei, o cre\u0219tere de 200 de lei.<\/p>\n","protected":false},"excerpt":{"rendered":"Veste bun\u0103 pentru pensionari. Se face \u00eenc\u0103 un pas spre indexarea pensiilor la 1 ianuarie 2027. \u0218tim \u00een&hellip;\n","protected":false},"author":2,"featured_media":282285,"comment_status":"","ping_status":"","sticky":false,"template":"","format":"standard","meta":{"footnotes":"","_share_on_mastodon":"0"},"categories":[5],"tags":[36650,32,33,23468,31,23470,23469,36,37,27,29907,34,35,25,904,1378,16520,2732,41,40,38,39,26,28,29,30],"class_list":["post-282284","post","type-post","status-publish","format-standard","has-post-thumbnail","category-titluri","tag-adevarul-a","tag-breaking-news","tag-breakingnews","tag-casa-de-pensii","tag-cele-mai-populare-subiecte","tag-digi24a","tag-eveniment","tag-featured-news","tag-featurednews","tag-headlines","tag-indexare-pensii","tag-latest-news","tag-latestnews","tag-news","tag-pensie","tag-pensii","tag-pensionar","tag-pensionari","tag-ro","tag-romana","tag-romania","tag-romanian","tag-stiri","tag-titluri","tag-top-stories","tag-topstories"],"share_on_mastodon":{"url":"https:\/\/pubeurope.com\/@ro\/117191407967414964","error":""},"_links":{"self":[{"href":"https:\/\/www.europesays.com\/ro\/wp-json\/wp\/v2\/posts\/282284","targetHints":{"allow":["GET"]}}],"collection":[{"href":"https:\/\/www.europesays.com\/ro\/wp-json\/wp\/v2\/posts"}],"about":[{"href":"https:\/\/www.europesays.com\/ro\/wp-json\/wp\/v2\/types\/post"}],"author":[{"embeddable":true,"href":"https:\/\/www.europesays.com\/ro\/wp-json\/wp\/v2\/users\/2"}],"replies":[{"embeddable":true,"href":"https:\/\/www.europesays.com\/ro\/wp-json\/wp\/v2\/comments?post=282284"}],"version-history":[{"count":0,"href":"https:\/\/www.europesays.com\/ro\/wp-json\/wp\/v2\/posts\/282284\/revisions"}],"wp:featuredmedia":[{"embeddable":true,"href":"https:\/\/www.europesays.com\/ro\/wp-json\/wp\/v2\/media\/282285"}],"wp:attachment":[{"href":"https:\/\/www.europesays.com\/ro\/wp-json\/wp\/v2\/media?parent=282284"}],"wp:term":[{"taxonomy":"category","embeddable":true,"href":"https:\/\/www.europesays.com\/ro\/wp-json\/wp\/v2\/categories?post=282284"},{"taxonomy":"post_tag","embeddable":true,"href":"https:\/\/www.europesays.com\/ro\/wp-json\/wp\/v2\/tags?post=282284"}],"curies":[{"name":"wp","href":"https:\/\/api.w.org\/{rel}","templated":true}]}}