{"id":282376,"date":"2026-08-31T19:42:10","date_gmt":"2026-08-31T19:42:10","guid":{"rendered":"https:\/\/www.europesays.com\/ro\/282376\/"},"modified":"2026-08-31T19:42:10","modified_gmt":"2026-08-31T19:42:10","slug":"nvidia-si-mediatek-merg-all-in-pe-rtx-spark-vor-exista-mai-multe-generatii-de-cipuri-pentru-pc-uri-windows","status":"publish","type":"post","link":"https:\/\/www.europesays.com\/ro\/282376\/","title":{"rendered":"NVIDIA \u0219i MediaTek merg all-in pe RTX Spark: vor exista mai multe genera\u021bii de cipuri pentru PC-uri Windows"},"content":{"rendered":"<p>NVIDIA \u0219i MediaTek transform\u0103 RTX Spark \u00eentr-o familie de cipuri pe mai multe genera\u021bii, nu \u00eentr-un experiment izolat pentru primele PC-uri cu Windows. Extinderea parteneriatului, prezentat\u0103 de <a href=\"https:\/\/www.neowin.net\/news\/nvidia-and-mediatek-expand-partnership-to-build-rtx-spark-chips-for-windows-pcs\/\" rel=\"nofollow noopener noreferrer\" target=\"_blank\">Neowin<\/a> \u0219i confirmat\u0103 prin <a href=\"https:\/\/nvidianews.nvidia.com\/news\/nvidia-and-mediatek-deepen-long-standing-partnership-to-build-ai-edge-to-cloud-computing-platforms\" rel=\"nofollow noopener noreferrer\" target=\"_blank\">anun\u021bul NVIDIA<\/a>, acoper\u0103 PC-uri, infrastructur\u0103 AI \u0219i industria auto.<\/p>\n<p>Pentru utilizatorii de PC-uri, detaliul important este formularea NVIDIA: cele dou\u0103 companii vor colabora la mai multe genera\u021bii de cipuri RTX Spark \u0219i DGX Spark. MediaTek contribuie cu experien\u021ba sa \u00een SoC-uri ARM, conectivitate, consum \u0219i integrarea cipurilor, \u00een timp ce NVIDIA aduce GPU-urile, grafica RTX, accelerarea AI \u0219i ecosistemul software.<\/p>\n<p>RTX Spark a fost prezentat la Computex 2026 drept intrarea serioas\u0103 a NVIDIA pe pia\u021ba procesoarelor complete pentru PC. Primele sisteme combin\u0103 un CPU Grace cu 20 de nuclee \u0219i un GPU Blackwell, folosind p\u00e2n\u0103 la 128 GB de memorie unificat\u0103. Mobilissimo a prezentat deja <a href=\"https:\/\/www.mobilissimo.ro\/stiri-diverse\/asus-are-rivali-de-macbook-pro-noile-laptop-uri-proart-p14-si-p16-vin-cu-nvidia-rtx-spark-20-core-cpu-nvidia-rtx\" rel=\"nofollow noopener\" target=\"_blank\">primele laptopuri ASUS ProArt P14 \u0219i P16 cu RTX Spark<\/a>, unde platforma promite p\u00e2n\u0103 la 1 petaflop \u00een sarcini AI.<\/p>\n<p>De la DGX Spark la laptopul cu Windows<\/p>\n<p>Parteneriatul NVIDIA-MediaTek nu \u00eencepe aici. MediaTek a lucrat deja la GB10 Grace Blackwell Superchip, componenta central\u0103 din <a href=\"https:\/\/www.mobilissimo.ro\/stiri-diverse\/nvidia-dezvaluie-dgx-spark-si-dgx-station-supercomputere-ai\" rel=\"nofollow noopener\" target=\"_blank\">DGX Spark<\/a>, sistemul compact destinat dezvoltatorilor care vor s\u0103 ruleze modele AI local. RTX Spark ia o parte din aceast\u0103 filozofie \u0219i o mut\u0103 spre PC-uri de consum \u0219i workstation-uri cu Windows.<\/p>\n<p>Asta face anun\u021bul mai important dec\u00e2t simpla apari\u021bie a unui cip nou. NVIDIA confirm\u0103 practic c\u0103 vede platforma ARM pentru Windows drept un proiect pe termen mai lung. Qualcomm nu va mai fi singurul nume mare care \u00eencearc\u0103 s\u0103 \u00eemping\u0103 Windows pe ARM, iar Apple \u0219i AMD primesc un rival cu o arm\u0103 destul de evident\u0103: grafica RTX \u0219i ecosistemul CUDA deja instalat \u00een zona profesional\u0103.<\/p>\n<p>Totu\u0219i, primele RTX Spark sunt produse orientate spre utilizatori care chiar pot exploata 128 GB de memorie unificat\u0103, modele AI locale \u0219i sarcini creative grele. Cu alte cuvinte, nu avem \u00eenc\u0103 procesorul care s\u0103 ajung\u0103 m\u00e2ine \u00eentr-un laptop de 3.000 de lei. Miza este mai degrab\u0103 dac\u0103 aceast\u0103 tehnologie va cobor\u00ee \u00een genera\u021biile urm\u0103toare spre segmente mai accesibile.<\/p>\n<p>NVIDIA pune \u0219i 3,5 miliarde de dolari pe mas\u0103<\/p>\n<p>Parteneriatul merge mult dincolo de laptopuri. NVIDIA investe\u0219te 3,5 miliarde de dolari \u00een obliga\u021biuni convertibile emise de MediaTek, o sum\u0103 care arat\u0103 c\u00e2t de strategic\u0103 a devenit colaborarea. MediaTek va adopta \u0219i platforma NVLink Fusion, prin care clien\u021bii pot dezvolta acceleratoare AI personalizate conectate direct la infrastructura NVIDIA de mari dimensiuni.<\/p>\n<p>Cele dou\u0103 companii continu\u0103 colaborarea \u0219i \u00een industria auto, unde platformele MediaTek Dimensity Auto integreaz\u0103 tehnologii NVIDIA pentru grafic\u0103, AI \u0219i ma\u0219ini definite prin software. RTX Spark este deci doar partea cea mai vizibil\u0103 pentru noi dintr-un parteneriat care se \u00eentinde acum de la laptop p\u00e2n\u0103 la centre de date \u0219i automobile.<\/p>\n","protected":false},"excerpt":{"rendered":"NVIDIA \u0219i MediaTek transform\u0103 RTX Spark \u00eentr-o familie de cipuri pe mai multe genera\u021bii, nu \u00eentr-un experiment izolat&hellip;\n","protected":false},"author":2,"featured_media":282377,"comment_status":"","ping_status":"","sticky":false,"template":"","format":"standard","meta":{"footnotes":"","_share_on_mastodon":"0"},"categories":[16],"tags":[77791,75321,13960,179,1239,126,77792,77793,41,40,38,39,55219,141,124,1281,54849],"class_list":["post-282376","post","type-post","status-publish","format-standard","has-post-thumbnail","category-tehnologie","tag-dgx-spark","tag-grace-blackwell","tag-industria-auto","tag-inteligenta-artificiala","tag-mediatek","tag-nvidia","tag-nvlink-fusion","tag-pc-uri","tag-ro","tag-romana","tag-romania","tag-romanian","tag-rtx-spark","tag-technology","tag-tehnologie","tag-windows","tag-windows-on-arm"],"share_on_mastodon":{"url":"https:\/\/pubeurope.com\/@ro\/117191831905332033","error":""},"_links":{"self":[{"href":"https:\/\/www.europesays.com\/ro\/wp-json\/wp\/v2\/posts\/282376","targetHints":{"allow":["GET"]}}],"collection":[{"href":"https:\/\/www.europesays.com\/ro\/wp-json\/wp\/v2\/posts"}],"about":[{"href":"https:\/\/www.europesays.com\/ro\/wp-json\/wp\/v2\/types\/post"}],"author":[{"embeddable":true,"href":"https:\/\/www.europesays.com\/ro\/wp-json\/wp\/v2\/users\/2"}],"replies":[{"embeddable":true,"href":"https:\/\/www.europesays.com\/ro\/wp-json\/wp\/v2\/comments?post=282376"}],"version-history":[{"count":0,"href":"https:\/\/www.europesays.com\/ro\/wp-json\/wp\/v2\/posts\/282376\/revisions"}],"wp:featuredmedia":[{"embeddable":true,"href":"https:\/\/www.europesays.com\/ro\/wp-json\/wp\/v2\/media\/282377"}],"wp:attachment":[{"href":"https:\/\/www.europesays.com\/ro\/wp-json\/wp\/v2\/media?parent=282376"}],"wp:term":[{"taxonomy":"category","embeddable":true,"href":"https:\/\/www.europesays.com\/ro\/wp-json\/wp\/v2\/categories?post=282376"},{"taxonomy":"post_tag","embeddable":true,"href":"https:\/\/www.europesays.com\/ro\/wp-json\/wp\/v2\/tags?post=282376"}],"curies":[{"name":"wp","href":"https:\/\/api.w.org\/{rel}","templated":true}]}}