{"id":282380,"date":"2026-08-31T19:45:15","date_gmt":"2026-08-31T19:45:15","guid":{"rendered":"https:\/\/www.europesays.com\/ro\/282380\/"},"modified":"2026-08-31T19:45:15","modified_gmt":"2026-08-31T19:45:15","slug":"festival-de-memeuri-despre-printesa-dunarii-si-armada-aur","status":"publish","type":"post","link":"https:\/\/www.europesays.com\/ro\/282380\/","title":{"rendered":"Festival de memeuri despre \u201ePrin\u021besa Dun\u0103rii\u201d \u0219i \u201dArmada AUR\u201d"},"content":{"rendered":"<p>                        <img loading=\"lazy\" decoding=\"async\" width=\"30\" height=\"30\" src=\"https:\/\/www.europesays.com\/ro\/wp-content\/uploads\/2026\/08\/1788205514_731_google-g.png\" alt=\"Google Split\"\/>    <\/p>\n<p id=\"p-0\">Liderii AUR, \u00een frunte cu George Simion \u0219i Dan Dungaciu, au convocat la o \u00eent\u00e2lnire informal\u0103 reprezentan\u021bi ai partidului din diaspora.\u00a0 Reuniunea a avut loc \u00een Cazanele Dun\u0103rii \u0219i s-a terminat cu o plimbare cu vaporul pe lacul de acumulare de la Por\u021bile de Fier 1. \u00cenarma\u021bi cu steaguri ale Rom\u00e2niei \u0219i ale partidului, participan\u021bii s-au urcat la bordul vasului \u201ePrin\u021besa Dun\u0103rii\u201d pentru a crea, sperau ei, imagini \u201einstagramabile\u201d despre partidul AUR. A ie\u0219it, \u00eens\u0103, altceva. Iar de vin\u0103 a fost\u2026 numele vasului.<\/p>\n<p>                <a href=\"https:\/\/www.g4media.ro\/poze\/video-galerie-foto-unele-glume-se-scriu-singure-festival-de-memeuri-pe-retele-sociale-dupa-ce-armada-aur-s-a-plimbat-cu-printesa-dunarii-pe-lac.html\" rel=\"nofollow noopener\" target=\"_blank\">&#13;<br \/>\n                                            <img decoding=\"async\" loading=\"lazy\" fetchpriority=\"low\" src=\"https:\/\/www.europesays.com\/ro\/wp-content\/uploads\/2026\/08\/https:\/\/www.g4media.ro\/\/wp-content\/uploads\/2026\/08\/meme-irina-stancu.jpg\" width=\"458\" height=\"305\"\/>&#13;<br \/>\n                                    <\/a><\/p>\n<p>                <a href=\"https:\/\/www.g4media.ro\/poze\/video-galerie-foto-unele-glume-se-scriu-singure-festival-de-memeuri-pe-retele-sociale-dupa-ce-armada-aur-s-a-plimbat-cu-printesa-dunarii-pe-lac.html\" rel=\"nofollow noopener\" target=\"_blank\">&#13;<br \/>\n                                            <img decoding=\"async\" loading=\"lazy\" fetchpriority=\"low\" src=\"https:\/\/www.europesays.com\/ro\/wp-content\/uploads\/2026\/08\/https:\/\/www.g4media.ro\/\/wp-content\/uploads\/2026\/08\/silviu-barsan.jpg\" width=\"227\" height=\"151\"\/>&#13;<br \/>\n                                    <\/a><\/p>\n<p>&#8211; articolul continu\u0103 mai jos &#8211;<\/p>\n<p id=\"p-1\">\u00a0<\/p>\n","protected":false},"excerpt":{"rendered":"Liderii AUR, \u00een frunte cu George Simion \u0219i Dan Dungaciu, au convocat la o \u00eent\u00e2lnire informal\u0103 reprezentan\u021bi ai&hellip;\n","protected":false},"author":2,"featured_media":282381,"comment_status":"","ping_status":"","sticky":false,"template":"","format":"standard","meta":{"footnotes":"","_share_on_mastodon":"0"},"categories":[10],"tags":[32,33,31,21295,36,37,356,27,34,35,25,77272,77797,41,40,38,39,26,28,29,30],"class_list":["post-282380","post","type-post","status-publish","format-standard","has-post-thumbnail","category-romania","tag-breaking-news","tag-breakingnews","tag-cele-mai-populare-subiecte","tag-dan-dungaciu","tag-featured-news","tag-featurednews","tag-george-simion","tag-headlines","tag-latest-news","tag-latestnews","tag-news","tag-printesa-dunarii","tag-printesa-dunarii-aur","tag-ro","tag-romana","tag-romania","tag-romanian","tag-stiri","tag-titluri","tag-top-stories","tag-topstories"],"share_on_mastodon":{"url":"https:\/\/pubeurope.com\/@ro\/117191844333613610","error":""},"_links":{"self":[{"href":"https:\/\/www.europesays.com\/ro\/wp-json\/wp\/v2\/posts\/282380","targetHints":{"allow":["GET"]}}],"collection":[{"href":"https:\/\/www.europesays.com\/ro\/wp-json\/wp\/v2\/posts"}],"about":[{"href":"https:\/\/www.europesays.com\/ro\/wp-json\/wp\/v2\/types\/post"}],"author":[{"embeddable":true,"href":"https:\/\/www.europesays.com\/ro\/wp-json\/wp\/v2\/users\/2"}],"replies":[{"embeddable":true,"href":"https:\/\/www.europesays.com\/ro\/wp-json\/wp\/v2\/comments?post=282380"}],"version-history":[{"count":0,"href":"https:\/\/www.europesays.com\/ro\/wp-json\/wp\/v2\/posts\/282380\/revisions"}],"wp:featuredmedia":[{"embeddable":true,"href":"https:\/\/www.europesays.com\/ro\/wp-json\/wp\/v2\/media\/282381"}],"wp:attachment":[{"href":"https:\/\/www.europesays.com\/ro\/wp-json\/wp\/v2\/media?parent=282380"}],"wp:term":[{"taxonomy":"category","embeddable":true,"href":"https:\/\/www.europesays.com\/ro\/wp-json\/wp\/v2\/categories?post=282380"},{"taxonomy":"post_tag","embeddable":true,"href":"https:\/\/www.europesays.com\/ro\/wp-json\/wp\/v2\/tags?post=282380"}],"curies":[{"name":"wp","href":"https:\/\/api.w.org\/{rel}","templated":true}]}}