{"id":282458,"date":"2026-08-31T21:11:18","date_gmt":"2026-08-31T21:11:18","guid":{"rendered":"https:\/\/www.europesays.com\/ro\/282458\/"},"modified":"2026-08-31T21:11:18","modified_gmt":"2026-08-31T21:11:18","slug":"a-analizat-noul-transfer-al-lui-dinamo-un-mare-avantaj-si-problema-nu-vad-sa-aiba-asta","status":"publish","type":"post","link":"https:\/\/www.europesays.com\/ro\/282458\/","title":{"rendered":"A analizat noul transfer al lui Dinamo \u00bb Un \u201emare avantaj\u201d \u0219i problema: \u201eNu v\u0103d s\u0103 aib\u0103 asta\u201d"},"content":{"rendered":"<p>\n            Articol de <a rel=\"author nofollow noopener\" href=\"https:\/\/www.gsp.ro\/autor\/daniel-grigore-3879.html\" target=\"_blank\">Daniel Grigore<\/a>            &#8211; Publicat luni, 31 august 2026 14:16            \/ Actualizat luni, 31 august 2026 17:19                    <\/p>\n<p>Fost director sportiv la <a target=\"_blank\" class=\"editor-link autolink-enabled\" href=\"https:\/\/www.gsp.ro\/rezultate-live\/echipa-teamname-586\" data-resource-id=\"586\" data-resource-type=\"team\" data-sport=\"football\" rel=\"nofollow noopener\">Dinamo<\/a>, specialist \u00een zona de recrutare, Gabriel Gl\u0103van l-a urm\u0103rit la treab\u0103 pe <a target=\"_blank\" class=\"editor-link\" href=\"https:\/\/www.gsp.ro\/fotbal\/liga-1\/a-marcat-o-dubla-apoi-si-a-anuntat-transferul-la-dinamo-daca-merge-bine-semnez-cand-vine-la-bucuresti-974999.html\" rel=\"nofollow noopener\">atacantul care urmeaz\u0103 s\u0103 li se al\u0103ture<\/a> \u201ec\u00e2inilor ro\u0219ii\u201d, Dean Zandbergen (24 de ani), \u0219i explic\u0103 la ce ar trebui s\u0103 se a\u0219tepte fanii alb-ro\u0219ii.<\/p>\n<p class=\"do-not-hide\">Liderul Superligii a mai perfectat un transfer: sub comanda lui Nuno Campos va ajunge atacantul olandez Dean Zandbergen, juc\u0103tor cu 21 de goluri \u00een 47 de meciuri pentru VVV-Venlo \u00een a doua lig\u0103 olandez\u0103.<\/p>\n<p class=\"do-not-hide\">La ce ar trebui s\u0103 se a\u0219tepte fanii lui Dinamo de la noul v\u00e2rf al echipei? A dezv\u0103luit un specialist care l-a urm\u0103rit atent, Gabriel Gl\u0103van. <\/p>\n<p>Gabriel Gl\u0103van, despre Dean Zandbergen: \u201eAvantajul mare este c\u0103 vine dintr-un sistem cu 2 atacan\u021bi\u201d<\/p>\n<p>\u201eE un juc\u0103tor interesant. Avantajul mare este c\u0103 vine dintr-un sistem cu 2 atacan\u021bi, Dinamo s-a uitat s\u0103 aduc\u0103 un atacant care \u00een\u021belege foarte bine mi\u0219c\u0103rile \u00een 2.<\/p>\n<p>E un juc\u0103tor care nu particip\u0103 foarte mult la faza de construc\u021bie, finalizeaz\u0103 foarte bine din careu, un juc\u0103tor care are nevoie de mingi ca s\u0103 poat\u0103 finaliza.<\/p>\n<p>Golurile lui, \u00een majoritate, sunt marcate din centrul careului sau din preajma careului de 6 metri. Dinamo duce mingea acolo \u0219i \u00ee\u0219i creeaz\u0103 ocazii de gol, ar avea nevoie de un om acolo. Nu e un juc\u0103tor neap\u0103rat de duel, de\u0219i e implicat destul de mult \u0219i pe faza defensiv\u0103.<\/p>\n<p>A\u0219 spune c\u0103 e un profil similar cu Hintsa, dar mai bun calitativ. Pu\u021bin mai lent dec\u00e2t Hintsa, dar are capacitatea s\u0103 atace foarte bine spa\u021biul, o tehnic\u0103 foarte bun\u0103 de lovire. E un juc\u0103tor care joac\u0103 foarte bine \u00een sistem de 2, numai c\u0103 m-am uitat la el destul de mult \u0219i e ceva care&#8230; Nu \u0219tiu, e un Factor X pe care nu v\u0103d s\u0103-l aib\u0103\u201d, a afirmat Gl\u0103van \u00een prima faz\u0103 la GSP Live.<\/p>\n<p>                        <img loading=\"lazy\" decoding=\"async\" alt=\"\" src=\"https:\/\/www.europesays.com\/ro\/wp-content\/uploads\/2026\/08\/1788210677_635_blank.gif\" width=\"728\" height=\"405\"\/><br \/>\n\u201eDar nu are acea sclipire a unui poten\u021bial golgheter\u201d<\/p>\n<p>Totu\u0219i, Gl\u0103van simte c\u0103 lui Zandbergen \u00eei lipsesc anumite tr\u0103s\u0103turi necesare pentru a deveni un veritabil marcator la Dinamo. \u00cen cuvintele lui, \u201eFactorul X\u201d.<\/p>\n<p>\u201eNu \u0219tiu dac\u0103 va marca. \u00cen liga a doua din Olanda se marcheaz\u0103 foarte mult. Un atacant care a venit din liga a doua olandez\u0103 \u0219i a avut influen\u021b\u0103 asupra campionatului nostru este Luckassen, \u00een rest nu \u0219tiu dac\u0103 au fost \u0219i al\u021bii.<\/p>\n<p>Nu e un juc\u0103tor puternic, ci unul care poate veni la combina\u021bii \u0219i atac\u0103 bine spa\u021biul. Are calit\u0103\u021bi, dar e ceva acolo care-mi spune c\u0103 nu \u0219tiu dac\u0103 este extraordinar de bun. Nu are acea sclipire a unui atacant, unui num\u0103r 9 care s\u0103 poat\u0103 fi golgheter\u201d, a \u00eencheiat fostul director sportiv al lui Dinamo.<\/p>\n<p><img decoding=\"async\" src=\"https:\/\/www.europesays.com\/ro\/wp-content\/uploads\/2026\/08\/93ef17f3-8669-43ad-b2d1-d1680188437b.jpg\" loading=\"lazy\" title=\"Dean Zandbergen \/\/ Foto: Instagram\" alt=\"A analizat noul transfer al lui Dinamo \u00bb Un \u201emare avantaj\u201d \u0219i problema: \u201eNu v\u0103d s\u0103 aib\u0103 asta\u201d\" width=\"738\" height=\"502\"\/><\/p>\n<p>Dean Zandbergen \/\/ Foto: Instagram<\/p>\n<p>Dean Zandbergen: \u201eO provocare extraordinar\u0103 pentru mine\u201d<\/p>\n<p>Dean Zandbergen s-a desp\u0103r\u021bit de Venlo cu o \u201edubl\u0103\u201d \u00een victoria de duminic\u0103 seara, 4-0 cu Emmen.<\/p>\n<p>\u201eDac\u0103 totul decurge bine, voi merge la Dinamo Bucure\u0219ti. Este o aventur\u0103 frumoas\u0103 pentru mine. Nu am copii \u0219i \u00eenc\u0103 sunt la v\u00e2rsta la care m\u0103 pot dedica \u00een totalitate unei astfel de aventuri.<\/p>\n<p>Ne vom lupta pentru a termina \u00een partea de sus a clasamentului \u0219i sper\u0103m s\u0103 juc\u0103m \u00een cupele europene. Este o provocare extraordinar\u0103 pentru mine\u201d, a comentat el despre viitoarea aventur\u0103.<\/p>\n","protected":false},"excerpt":{"rendered":"Articol de Daniel Grigore &#8211; Publicat luni, 31 august 2026 14:16 \/ Actualizat luni, 31 august 2026 17:19&hellip;\n","protected":false},"author":2,"featured_media":282459,"comment_status":"","ping_status":"","sticky":false,"template":"","format":"standard","meta":{"footnotes":"","_share_on_mastodon":"0"},"categories":[20],"tags":[77500,49,17323,1109,41,40,38,39,185,184,55],"class_list":["post-282458","post","type-post","status-publish","format-standard","has-post-thumbnail","category-sport","tag-dean-zandbergen","tag-dinamo","tag-gabriel-glavan","tag-gsp-live","tag-ro","tag-romana","tag-romania","tag-romanian","tag-sport","tag-sports","tag-superliga"],"share_on_mastodon":{"url":"https:\/\/pubeurope.com\/@ro\/117192182182605513","error":""},"_links":{"self":[{"href":"https:\/\/www.europesays.com\/ro\/wp-json\/wp\/v2\/posts\/282458","targetHints":{"allow":["GET"]}}],"collection":[{"href":"https:\/\/www.europesays.com\/ro\/wp-json\/wp\/v2\/posts"}],"about":[{"href":"https:\/\/www.europesays.com\/ro\/wp-json\/wp\/v2\/types\/post"}],"author":[{"embeddable":true,"href":"https:\/\/www.europesays.com\/ro\/wp-json\/wp\/v2\/users\/2"}],"replies":[{"embeddable":true,"href":"https:\/\/www.europesays.com\/ro\/wp-json\/wp\/v2\/comments?post=282458"}],"version-history":[{"count":0,"href":"https:\/\/www.europesays.com\/ro\/wp-json\/wp\/v2\/posts\/282458\/revisions"}],"wp:featuredmedia":[{"embeddable":true,"href":"https:\/\/www.europesays.com\/ro\/wp-json\/wp\/v2\/media\/282459"}],"wp:attachment":[{"href":"https:\/\/www.europesays.com\/ro\/wp-json\/wp\/v2\/media?parent=282458"}],"wp:term":[{"taxonomy":"category","embeddable":true,"href":"https:\/\/www.europesays.com\/ro\/wp-json\/wp\/v2\/categories?post=282458"},{"taxonomy":"post_tag","embeddable":true,"href":"https:\/\/www.europesays.com\/ro\/wp-json\/wp\/v2\/tags?post=282458"}],"curies":[{"name":"wp","href":"https:\/\/api.w.org\/{rel}","templated":true}]}}