{"id":282464,"date":"2026-08-31T21:20:10","date_gmt":"2026-08-31T21:20:10","guid":{"rendered":"https:\/\/www.europesays.com\/ro\/282464\/"},"modified":"2026-08-31T21:20:10","modified_gmt":"2026-08-31T21:20:10","slug":"huawei-ar-putea-avea-un-one-more-thing-la-munchen-harmonyos-pregateste-iesirea-din-china","status":"publish","type":"post","link":"https:\/\/www.europesays.com\/ro\/282464\/","title":{"rendered":"Huawei ar putea avea un \u201eone more thing\u201d la M\u00fcnchen: HarmonyOS preg\u0103te\u0219te ie\u0219irea din China"},"content":{"rendered":"<p>Huawei are pe 2 septembrie, la M\u00fcnchen, unul dintre evenimentele sale importante pentru Europa, cu Watch 6, Watch GT 7 \u0219i Watch D3 deja asociate lans\u0103rii. <a href=\"https:\/\/www.mobilissimo.ro\/stiri-ceasuri-inteligente\/huawei-watch-6-debuteaza-pe-2-septembrie-in-europa-x-tap-ramane-dar-senzorul-arata-diferit\" rel=\"nofollow noopener\" target=\"_blank\">Mobilissimo a scris despre produsele confirmate pentru eveniment<\/a>, dar cu doar c\u00e2teva zile \u00eenainte apare o informa\u021bie care las\u0103 loc unui posibil \u201eone more thing\u201d: Huawei preg\u0103te\u0219te ie\u0219irea HarmonyOS din China, relateaz\u0103 <a href=\"https:\/\/www.androidheadlines.com\/2026\/08\/huawei-take-harmonyos-global-pilot-markets.html\" rel=\"nofollow noopener noreferrer\" target=\"_blank\">Android Headlines<\/a>.<\/p>\n<p>Informa\u021bia vine dintr-o declara\u021bie f\u0103cut\u0103 de Xu Zhijun, vicepre\u0219edinte \u0219i pre\u0219edinte rotativ Huawei, la HarmonyOS Ecosystem Conference 2026, organizat\u0103 pe 28 august la Shenzhen. <a href=\"https:\/\/www.cls.cn\/detail\/2467222\" rel=\"nofollow noopener noreferrer\" target=\"_blank\">STAR Market Daily a publicat declara\u021bia direct de la conferin\u021b\u0103<\/a>: Huawei vrea s\u0103 lucreze cu OpenHarmony, GIIC, dezvoltatori \u0219i parteneri externi pentru a testa ecosistemul \u00een \u021b\u0103ri \u0219i regiuni \u201eunde exist\u0103 condi\u021biile necesare\u201d, apoi s\u0103 foloseasc\u0103 rezultatele pentru o extindere la scar\u0103 global\u0103.<\/p>\n<blockquote>\n<p>\u201eVom \u00eencepe prin teste \u00een \u021b\u0103rile \u0219i regiunile unde exist\u0103 condi\u021biile necesare, iar dup\u0103 validarea modelului \u0219i acumularea celor mai bune practici vrem s\u0103 dezvolt\u0103m ecosistemul HarmonyOS la scar\u0103 global\u0103.\u201d<\/p>\n<\/blockquote>\n<p>Ar putea M\u00fcnchen s\u0103 fie scena primului pas european?<\/p>\n<p>Huawei nu a spus c\u0103 acest anun\u021b va fi f\u0103cut pe 2 septembrie \u0219i nici nu a dezv\u0103luit pie\u021bele-pilot. Leg\u0103tura cu M\u00fcnchen este, a\u0219adar, o posibilitate, nu o informa\u021bie confirmat\u0103. Totu\u0219i, momentul este greu de ignorat: compania vorbe\u0219te public despre globalizarea HarmonyOS cu c\u00e2teva zile \u00eenaintea unui eveniment european major.<\/p>\n<p>Nu ar fi nici prima dat\u0103 c\u00e2nd Huawei discut\u0103 aceast\u0103 ambi\u021bie. \u00cen 2024 scriam c\u0103 <a href=\"https:\/\/www.mobilissimo.ro\/stiri-telefoane\/huawei-vrea-sa-aduca-harmonyos-next-pe-piata-globala-harmonyos-e-deja-peste-ios-in-china\" rel=\"nofollow noopener\" target=\"_blank\">Huawei vrea s\u0103 duc\u0103 HarmonyOS NEXT pe pia\u021ba global\u0103<\/a>. Diferen\u021ba este c\u0103 ecosistemul are acum alt\u0103 greutate: Xu spune c\u0103 HarmonyOS 6 dep\u0103\u0219ise 80 de milioane de dispozitive la 20 august \u0219i ar trebui s\u0103 treac\u0103 de 100 de milioane \u00een trimestrul al patrulea. Num\u0103rul aplica\u021biilor native a dep\u0103\u0219it 100.000.<\/p>\n<p>Pentru Europa, testul real nu va fi interfa\u021ba, ci aplica\u021biile locale: banking, streaming, transport \u0219i serviciile pe care utilizatorii le consider\u0103 obligatorii. Tocmai de aceea Huawei vorbe\u0219te despre pie\u021be-pilot, nu despre o activare global\u0103 peste noapte. Dac\u0103 M\u00fcnchen va aduce \u00eentr-adev\u0103r acel \u201eone more thing\u201d, cel mai realist scenariu ar fi anun\u021barea primelor regiuni \u0219i a partenerilor cu care HarmonyOS \u00eencepe drumul \u00een afara Chinei.<\/p>\n","protected":false},"excerpt":{"rendered":"Huawei are pe 2 septembrie, la M\u00fcnchen, unul dintre evenimentele sale importante pentru Europa, cu Watch 6, Watch&hellip;\n","protected":false},"author":2,"featured_media":282465,"comment_status":"","ping_status":"","sticky":false,"template":"","format":"standard","meta":{"footnotes":"","_share_on_mastodon":"0"},"categories":[16],"tags":[13686,19962,156,76758,61650,61649,179,77820,41,40,38,39,141,124],"class_list":["post-282464","post","type-post","status-publish","format-standard","has-post-thumbnail","category-tehnologie","tag-harmonyos","tag-harmonyos-6","tag-huawei","tag-huawei-watch-6","tag-huawei-watch-d3","tag-huawei-watch-gt-7","tag-inteligenta-artificiala","tag-openharmony","tag-ro","tag-romana","tag-romania","tag-romanian","tag-technology","tag-tehnologie"],"share_on_mastodon":{"url":"https:\/\/pubeurope.com\/@ro\/117192217501454961","error":""},"_links":{"self":[{"href":"https:\/\/www.europesays.com\/ro\/wp-json\/wp\/v2\/posts\/282464","targetHints":{"allow":["GET"]}}],"collection":[{"href":"https:\/\/www.europesays.com\/ro\/wp-json\/wp\/v2\/posts"}],"about":[{"href":"https:\/\/www.europesays.com\/ro\/wp-json\/wp\/v2\/types\/post"}],"author":[{"embeddable":true,"href":"https:\/\/www.europesays.com\/ro\/wp-json\/wp\/v2\/users\/2"}],"replies":[{"embeddable":true,"href":"https:\/\/www.europesays.com\/ro\/wp-json\/wp\/v2\/comments?post=282464"}],"version-history":[{"count":0,"href":"https:\/\/www.europesays.com\/ro\/wp-json\/wp\/v2\/posts\/282464\/revisions"}],"wp:featuredmedia":[{"embeddable":true,"href":"https:\/\/www.europesays.com\/ro\/wp-json\/wp\/v2\/media\/282465"}],"wp:attachment":[{"href":"https:\/\/www.europesays.com\/ro\/wp-json\/wp\/v2\/media?parent=282464"}],"wp:term":[{"taxonomy":"category","embeddable":true,"href":"https:\/\/www.europesays.com\/ro\/wp-json\/wp\/v2\/categories?post=282464"},{"taxonomy":"post_tag","embeddable":true,"href":"https:\/\/www.europesays.com\/ro\/wp-json\/wp\/v2\/tags?post=282464"}],"curies":[{"name":"wp","href":"https:\/\/api.w.org\/{rel}","templated":true}]}}