{"id":282496,"date":"2026-08-31T22:01:13","date_gmt":"2026-08-31T22:01:13","guid":{"rendered":"https:\/\/www.europesays.com\/ro\/282496\/"},"modified":"2026-08-31T22:01:13","modified_gmt":"2026-08-31T22:01:13","slug":"a-murit-anca-pandrea-actrita-a-lasat-in-urma-o-cariera-de-exceptie-si-o-poveste-de-dragoste-nemuritoare-cea-cu-iurie-darie","status":"publish","type":"post","link":"https:\/\/www.europesays.com\/ro\/282496\/","title":{"rendered":"A murit Anca Pandrea. Actri\u021ba a l\u0103sat \u00een urm\u0103 o carier\u0103 de excep\u021bie \u0219i o poveste de dragoste nemuritoare, cea cu Iurie Darie"},"content":{"rendered":"<p>Luni, 31 August 2026, ora 22:52<\/p>\n<p>3203 citiri<\/p>\n<p><a class=\"news__image\" data-href=\"https:\/\/s2.ziareromania.ro\/?mmid=073a256b29f3087c37\" data-size=\"1024x750\" title=\"A murit Anca Pandrea. Actri\u021ba a l\u0103sat \u00een urm\u0103 o carier\u0103 de excep\u021bie \u0219i o poveste de dragoste nemuritoare, cea cu Iurie Darie\"><img decoding=\"async\" src=\"https:\/\/www.europesays.com\/ro\/wp-content\/uploads\/2026\/08\/A-murit-Anca-Pandrea--Actri--a-a-l--sat---n-urm---o-carier---de-excep--ie---i-o-poveste-de-dragoste-.jpeg\" alt=\"A murit Anca Pandrea. Actri\u021ba a l\u0103sat \u00een urm\u0103 o carier\u0103 de excep\u021bie \u0219i o poveste de dragoste nemuritoare, cea cu Iurie Darie\" title=\"A murit Anca Pandrea. Actri\u021ba a l\u0103sat \u00een urm\u0103 o carier\u0103 de excep\u021bie \u0219i o poveste de dragoste nemuritoare, cea cu Iurie Darie\" class=\"img-responsive\"\/><\/a><\/p>\n<p>Anca Pandrea FOTO Facebook\/ Sorina Luca<\/p>\n<p>Actri\u021ba Anca Pandrea, o figur\u0103 emblematic\u0103 a teatrului \u0219i cinematografiei na\u021bionale, a murit \u00een cursul serii de luni, 31 august, l\u0103s\u00e2nd un gol imens \u00een lumea artistic\u0103 din Rom\u00e2nia. Anun\u021bul tragic privind decesul cunoscutei artiste a fost f\u0103cut public prin intermediul unui necrolog tulbur\u0103tor.<\/p>\n<p>Dispari\u021bia sa marcheaz\u0103 sf\u00e2r\u0219itul unei epoci pentru scena rom\u00e2neasc\u0103, pe care marea actri\u021b\u0103 a luminat-o timp de decenii prin talentul, rafinamentul \u0219i sensibilitatea sa interpretativ\u0103 unic\u0103.<\/p>\n<p>O via\u021b\u0103 dedicat\u0103 scenei \u0219i o carier\u0103 de excep\u021bie<\/p>\n<p>N\u0103scut\u0103 la data de 16 februarie 1946 \u00een localitatea F\u0103g\u0103ra\u0219, Anca Pandrea a demonstrat de-a lungul \u00eentregii sale activit\u0103\u021bi o pasiune \u0219i un devotament total pentru arta dramatic\u0103. Pe parcursul unei cariere impresionante, aceasta a reu\u0219it s\u0103 dea via\u021b\u0103 multor personaje memorabile, interpret\u0103rile sale profunde r\u0103m\u00e2n\u00e2nd tip\u0103rite definitiv \u00een memoria colectiv\u0103 a publicului spectator.<\/p>\n<p>\u201eCu profund\u0103 durere \u00een suflet, anun\u021b\u0103m trecerea \u00een nefiin\u021b\u0103 a celei care a fost Anca Pandrea, actri\u021b\u0103 emblematic\u0103 a teatrului \u0219i cinematografiei rom\u00e2ne\u0219ti\u201d, s-a ar\u0103tat \u00een deschiderea mesajului transmis pe <a href=\"https:\/\/ziare.com\/facebook\/\" title=\"Facebook\" rel=\"nofollow noopener\" target=\"_blank\">Facebook<\/a> de Ingrid Lalique.<\/p>\n<p>Povestea de dragoste dincolo de lumina reflectoarelor<\/p>\n<p>\u00cen afara activit\u0103\u021bii sale profesionale remarcabile din teatru \u0219i film, Anca Pandrea a r\u0103mas un simbol public al loialit\u0103\u021bii \u0219i al iubirii necondi\u021bionate. Aceasta a tr\u0103it o poveste de dragoste unic\u0103 \u0219i profund\u0103 al\u0103turi de partenerul ei de via\u021b\u0103, regretatul actor <a href=\"https:\/\/ziare.com\/iurie-darie\/\" title=\"Iurie Darie\" rel=\"nofollow noopener\" target=\"_blank\">Iurie Darie<\/a>, cel care s-a stins din via\u021b\u0103 \u00een urm\u0103 cu 14 ani. Cei doi mari arti\u0219ti au \u00eemp\u0103rt\u0103\u0219it peste dou\u0103 decenii de existen\u021b\u0103 comun\u0103, fiind recunoscu\u021bi pentru ata\u0219amentul lor profund \u0219i dincolo de grani\u021bele scenei.<\/p>\n<p>\u201eN\u0103scut\u0103 pe 16 februarie 1946 la F\u0103g\u0103ra\u0219, Anca Pandrea a luminat scena cultural\u0103 rom\u00e2neasc\u0103 prin talent, rafinament \u0219i sensibilitate artistic\u0103. De-a lungul unei cariere impresionante, a dat via\u021b\u0103 unor personaje memorabile, r\u0103m\u00e2n\u00e2nd \u00een amintirea publicului prin devotamentul \u0219i pasiunea sa pentru art\u0103\u201d, au transmis apropia\u021bii acesteia.<\/p>\n<p>Mesajul de adio \u0219i apelul la discre\u021bie<\/p>\n<p>Rudele \u0219i cei apropia\u021bi au \u021binut s\u0103 \u00ee\u0219i exprime recuno\u0219tin\u021ba pentru tot ceea ce a reprezentat marea artist\u0103 pentru cultura na\u021bional\u0103, subliniind c\u0103 amintirea ei va r\u0103m\u00e2ne vie \u00een inimile tuturor celor care au cunoscut-o, au admirat-o \u0219i au iubit-o de-a lungul timpului. Slujba de \u00eenmorm\u00e2ntare \u0219i restul detaliilor logistice legate de funeralii urmeaz\u0103 s\u0103 fie aduse la cuno\u0219tin\u021ba publicului \u00een cursul zilei de mar\u021bi, 1 septembrie.<\/p>\n<p>\u201eFamilia roag\u0103 presa \u0219i publicul s\u0103 respecte intimitatea acestor momente grele\u201d, a fost apelul ferm lansat la finalul textului de c\u0103tre organizatorii ceremoniei, care au solicitat decen\u021b\u0103 din partea reprezentan\u021bilor mass-media pe parcursul zilelor urm\u0103toare.<\/p>\n<p>\u021ai-a pl\u0103cut articolul?<\/p>\n<p> Vrem s\u0103 producem mai multe, \u00eens\u0103 avem nevoie de sus\u021binerea ta. Orice dona\u021bie conteaz\u0103 pentru jurnalismul independent <\/p>\n","protected":false},"excerpt":{"rendered":"Luni, 31 August 2026, ora 22:52 3203 citiri Anca Pandrea FOTO Facebook\/ Sorina Luca Actri\u021ba Anca Pandrea, o&hellip;\n","protected":false},"author":2,"featured_media":282497,"comment_status":"","ping_status":"","sticky":false,"template":"","format":"standard","meta":{"footnotes":"","_share_on_mastodon":"0"},"categories":[18],"tags":[1990,77805,362,171,170,77831,41,40,38,39],"class_list":["post-282496","post","type-post","status-publish","format-standard","has-post-thumbnail","category-divertisment","tag-actrita","tag-anca-pandrea","tag-deces","tag-divertisment","tag-entertainment","tag-iurie-darie","tag-ro","tag-romana","tag-romania","tag-romanian"],"share_on_mastodon":{"url":"https:\/\/pubeurope.com\/@ro\/117192379054365295","error":""},"_links":{"self":[{"href":"https:\/\/www.europesays.com\/ro\/wp-json\/wp\/v2\/posts\/282496","targetHints":{"allow":["GET"]}}],"collection":[{"href":"https:\/\/www.europesays.com\/ro\/wp-json\/wp\/v2\/posts"}],"about":[{"href":"https:\/\/www.europesays.com\/ro\/wp-json\/wp\/v2\/types\/post"}],"author":[{"embeddable":true,"href":"https:\/\/www.europesays.com\/ro\/wp-json\/wp\/v2\/users\/2"}],"replies":[{"embeddable":true,"href":"https:\/\/www.europesays.com\/ro\/wp-json\/wp\/v2\/comments?post=282496"}],"version-history":[{"count":0,"href":"https:\/\/www.europesays.com\/ro\/wp-json\/wp\/v2\/posts\/282496\/revisions"}],"wp:featuredmedia":[{"embeddable":true,"href":"https:\/\/www.europesays.com\/ro\/wp-json\/wp\/v2\/media\/282497"}],"wp:attachment":[{"href":"https:\/\/www.europesays.com\/ro\/wp-json\/wp\/v2\/media?parent=282496"}],"wp:term":[{"taxonomy":"category","embeddable":true,"href":"https:\/\/www.europesays.com\/ro\/wp-json\/wp\/v2\/categories?post=282496"},{"taxonomy":"post_tag","embeddable":true,"href":"https:\/\/www.europesays.com\/ro\/wp-json\/wp\/v2\/tags?post=282496"}],"curies":[{"name":"wp","href":"https:\/\/api.w.org\/{rel}","templated":true}]}}