{"id":282572,"date":"2026-08-31T23:59:15","date_gmt":"2026-08-31T23:59:15","guid":{"rendered":"https:\/\/www.europesays.com\/ro\/282572\/"},"modified":"2026-08-31T23:59:15","modified_gmt":"2026-08-31T23:59:15","slug":"fotbalistul-supraponderal-care-e-considerat-de-gigi-becali-o-teapa-istorica-e-la-un-pas-sa-semneze-cu-cfr-cluj-haideti-ma-terminati","status":"publish","type":"post","link":"https:\/\/www.europesays.com\/ro\/282572\/","title":{"rendered":"Fotbalistul supraponderal care e considerat de Gigi Becali o \u201e\u021beap\u0103\u201d istoric\u0103 e la un pas s\u0103 semneze cu CFR Cluj: \u201eHaide\u021bi, m\u0103! Termina\u021bi!\u201d"},"content":{"rendered":"<p>\t    <img loading=\"lazy\" decoding=\"async\" class=\"mg-x-auto\" width=\"30\" height=\"30\" src=\"https:\/\/www.europesays.com\/ro\/wp-content\/uploads\/2026\/08\/1788220753_613_google-g.png\" alt=\"\"\/><\/p>\n<p id=\"p-0\">Transferul pe care CFR Cluj e pe cale s\u0103-l fac\u0103 pentru compartimentul ofensiv a st\u00e2rnit o ampl\u0103 dezbatere \u00een spa\u021biul public. Unele voci nu au ezitat s\u0103-l critice.<\/p>\n<p id=\"p-1\">Considerat de Gigi Becali o \u201e\u021beap\u0103\u201d istoric\u0103, Billel Omrani (33 de ani) <a style=\"color: #0000ff;\" href=\"https:\/\/www.prosport.ro\/fotbal-intern\/billel-omrani-cfr-cluj-nelu-varga-20498630\" rel=\"nofollow noopener\" target=\"_blank\">se antreneaz\u0103 de ceva timp cu ardelenii<\/a> \u0219i a\u0219teapt\u0103 s\u0103-\u0219i pun\u0103 semn\u0103tura pe contract. Se va \u00eent\u00e2mpla acest lucru dup\u0103 ridicarea interdic\u021biei dictate de FIFA.<\/p>\n<p id=\"p-2\">\u00cen ultimii ani, algerianul a schimbat mai multe echipe, at\u00e2t din Rom\u00e2nia, c\u00e2t \u0219i de peste hotare, dar a dezam\u0103git crunt. Cea mai recent\u0103 experien\u021b\u0103 a fost la Concordia Chiajna.<\/p>\n<p>                <a href=\"https:\/\/www.prosport.ro\/poze\/billel-omrani-transfer-cfr-cluj-20514465\" rel=\"nofollow noopener\" target=\"_blank\">&#13;<br \/>\n                                            <img decoding=\"async\" loading=\"lazy\" fetchpriority=\"low\" src=\"https:\/\/www.europesays.com\/ro\/wp-content\/uploads\/2026\/08\/https:\/\/www.prosport.ro\/wp-content\/uploads\/2026\/08\/fotbalistul-supraponderal-care-e-considerat-de-gi.jpeg\" width=\"458\" height=\"305\"\/>&#13;<br \/>\n                                    <\/a><\/p>\n<p>                <a href=\"https:\/\/www.prosport.ro\/poze\/billel-omrani-transfer-cfr-cluj-20514465\" rel=\"nofollow noopener\" target=\"_blank\">&#13;<br \/>\n                                            <img decoding=\"async\" loading=\"lazy\" fetchpriority=\"low\" src=\"https:\/\/www.europesays.com\/ro\/wp-content\/uploads\/2026\/08\/https:\/\/www.prosport.ro\/wp-content\/uploads\/2026\/08\/fotbalistul-supraponderal-care-e-considerat-de-gi.jpeg\" width=\"227\" height=\"151\"\/>&#13;<br \/>\n                                    <\/a><\/p>\n<p>Billel Omrani, aproape de CFR Cluj. Ionel D\u0103nciulescu nu a avut mil\u0103<\/p>\n<p id=\"p-3\">C\u00e2nd a aflat cu cine sper\u0103 Marius \u0218umudic\u0103 \u0219i patronul Nelu Varga s\u0103 \u00eent\u0103reasc\u0103 atacul forma\u021biei din Gruia, Ionel D\u0103nciulescu a oferit o reac\u021bie extrem de dur\u0103. Din punctul s\u0103u de vedere, Omrani nu mai face fa\u021b\u0103 nici m\u0103car la nivelul celui de-al doilea e\u0219alon.<\/p>\n<p id=\"p-4\">\u201eHaide, m\u0103! Ce mai faci cu Omrani? Termina\u021bi, m\u0103! Tot respectul, c\u00e2nd a fost \u00eentr-o form\u0103 fizic\u0103 bun\u0103, a fost un juc\u0103tor important la CFR. Dar de patru, cinci ani nu mai joac\u0103\u2026<\/p>\n<p id=\"p-5\">Nu mai poate nici la Liga 2, crede-m\u0103! Eu spun c\u0103 nu poate s\u0103 fie util, n-are cum!\u201d, a declarat fostul mare atacant al lui Dinamo, la <a style=\"color: #000000;\" href=\"https:\/\/www.digisport.ro\/fotbal\/liga-1\/e-asteptat-sa-semneze-cu-cfr-si-a-starnit-contre-in-direct-haide-ma-ce-mai-faci-cu-el-daca-slabeste-poate-fi-util-4458155?fbclid=IwY2xjawUCBmZwZG9mBWV4dG4DYWVtAjEwAGJyaWQRMXRWMU9JOWV1bVhZVXNaWmJzcnRjBmFwcF9pZBAyMjIwMzkxNzg4MjAwODkyAAEe4KxDbig0ao5pCx_OzYfGyJWsMd3who3pXqhgt1YEqgS_rHPObdf0eDMsgoY_aem_sIvP4SZIjj0mcbDRoOUjsA\" target=\"_blank\" rel=\"noopener nofollow\">Digi Sport<\/a>.<\/p>\n<p>Andrei Cristea: \u201ePoate fi un juc\u0103tor util pentru CFR\u201d<\/p>\n<p id=\"p-6\">\u00cen schimb, Andrei Cristea, cel care l-a avut sub comand\u0103 pe Billel Omrani la Concordia Chiajna, nu a \u00eemp\u0103rt\u0103\u0219it aceast\u0103 opinie. Ba chiar s-a ar\u0103tat optimist cu privire la \u0219ansele ca mutarea s\u0103 se dovedeasc\u0103 a fi util\u0103 pentru CFR Cluj, dac\u0103 juc\u0103torul <a style=\"color: #0000ff;\" href=\"https:\/\/www.prosport.ro\/fotbal-intern\/a-luat-de-5-ori-titlul-cu-cfr-cluj-dar-nu-mai-poate-sa-dea-kilogramele-jos-incheie-contractul-20482266\" rel=\"nofollow noopener\" target=\"_blank\">va sc\u0103pa de kilogramele \u00een plus<\/a>.<\/p>\n<p id=\"p-7\">\u201e\u00cen ultima zi de mercato, l-am luat pe Omrani pentru c\u0103 nu aveam alte variante. Dar am avut o discu\u021bie cu el \u0219i b\u0103iatul a \u00een\u021beles foarte clar. I-am explicat c\u0103 poate fi ultima lui \u0219ans\u0103, important e ce a f\u0103cut \u00een cariera lui \u0219i nu se poate face de r\u00e2s. A tras de el, n-am ce s\u0103-i repro\u0219ez, a fost un profesionist.<\/p>\n<p id=\"p-8\">Singura lui problem\u0103 e greutatea, dar la nivel de liga a doua sim\u021beam c\u0103 poate s\u0103 fac\u0103 diferen\u021ba. Cum \u00eel introduceam eu, \u00een minutul 60, proasp\u0103t, pe fondul lor de oboseal\u0103, m-a ajutat \u00een unele meciuri.<\/p>\n<p id=\"p-9\">Dup\u0103 aia s-a schimbat staff-ul, a venit un antrenor care nu l-a mai dorit. Poate fi un juc\u0103tor util pentru CFR, \u00een ultimele 20-30 de minute. Dac\u0103 se pune pe picioare \u0219i sl\u0103be\u0219te\u201d, a spus Cristea.<\/p>\n","protected":false},"excerpt":{"rendered":"Transferul pe care CFR Cluj e pe cale s\u0103-l fac\u0103 pentru compartimentul ofensiv a st\u00e2rnit o ampl\u0103 dezbatere&hellip;\n","protected":false},"author":2,"featured_media":282573,"comment_status":"","ping_status":"","sticky":false,"template":"","format":"standard","meta":{"footnotes":"","_share_on_mastodon":"0"},"categories":[20],"tags":[2701,28909,15135,41,40,38,39,185,184,2395],"class_list":["post-282572","post","type-post","status-publish","format-standard","has-post-thumbnail","category-sport","tag-andrei-cristea","tag-billel-omrani","tag-ionel-danciulescu","tag-ro","tag-romana","tag-romania","tag-romanian","tag-sport","tag-sports","tag-transfer-cfr-cluj"],"share_on_mastodon":{"url":"https:\/\/pubeurope.com\/@ro\/117192843112098202","error":""},"_links":{"self":[{"href":"https:\/\/www.europesays.com\/ro\/wp-json\/wp\/v2\/posts\/282572","targetHints":{"allow":["GET"]}}],"collection":[{"href":"https:\/\/www.europesays.com\/ro\/wp-json\/wp\/v2\/posts"}],"about":[{"href":"https:\/\/www.europesays.com\/ro\/wp-json\/wp\/v2\/types\/post"}],"author":[{"embeddable":true,"href":"https:\/\/www.europesays.com\/ro\/wp-json\/wp\/v2\/users\/2"}],"replies":[{"embeddable":true,"href":"https:\/\/www.europesays.com\/ro\/wp-json\/wp\/v2\/comments?post=282572"}],"version-history":[{"count":0,"href":"https:\/\/www.europesays.com\/ro\/wp-json\/wp\/v2\/posts\/282572\/revisions"}],"wp:featuredmedia":[{"embeddable":true,"href":"https:\/\/www.europesays.com\/ro\/wp-json\/wp\/v2\/media\/282573"}],"wp:attachment":[{"href":"https:\/\/www.europesays.com\/ro\/wp-json\/wp\/v2\/media?parent=282572"}],"wp:term":[{"taxonomy":"category","embeddable":true,"href":"https:\/\/www.europesays.com\/ro\/wp-json\/wp\/v2\/categories?post=282572"},{"taxonomy":"post_tag","embeddable":true,"href":"https:\/\/www.europesays.com\/ro\/wp-json\/wp\/v2\/tags?post=282572"}],"curies":[{"name":"wp","href":"https:\/\/api.w.org\/{rel}","templated":true}]}}