{"id":282664,"date":"2026-09-01T05:32:13","date_gmt":"2026-09-01T05:32:13","guid":{"rendered":"https:\/\/www.europesays.com\/ro\/282664\/"},"modified":"2026-09-01T05:32:13","modified_gmt":"2026-09-01T05:32:13","slug":"un-moment-periculos-pentru-germania-daca-un-reprezentant-al-ultra-dreptei-afd-ar-deveni-cancelar-22-dintre-germani-ar-pleca-din-tara","status":"publish","type":"post","link":"https:\/\/www.europesays.com\/ro\/282664\/","title":{"rendered":"Un moment periculos pentru Germania. Dac\u0103 un reprezentant al ultra-dreptei AfD ar deveni cancelar, 22% dintre germani ar pleca din \u021bar\u0103"},"content":{"rendered":"<p>Pe 6 septembrie, landul german Saxonia-Anhalt organizeaz\u0103 alegeri \u00een care 1,7 milioane de aleg\u0103tori vor decide dac\u0103 partidul de extrem\u0103 dreapta \u201eAlternativa pentru Germania&#8221; (AfD) va ob\u021bine, pentru prima dat\u0103, func\u021bia de premier al unui land. Sondajele arat\u0103 c\u0103 AfD se apropie de majoritatea absolut\u0103, dep\u0103\u0219ind cre\u0219tin-democra\u021bii de la CDU cu aproape 20 de puncte procentuale. Un nou sondaj realizat de institutul INSA pentru publica\u021bia Bild arat\u0103, \u00eentre timp, cum prive\u0219te \u00eentreaga Germanie fenomenul AfD.<\/p>\n<p> <img decoding=\"async\" src=\"https:\/\/www.europesays.com\/ro\/wp-content\/uploads\/2026\/09\/1788240733_286_index.jpeg\" alt=\" Ulrich Siegmund, lider AfD\" width=\"908\" height=\"750\" loading=\"eager\" fetchpriority=\"high\" class=\"svelte-1kfbksm\"\/> <\/p>\n<p> Ulrich Siegmund, lider AfD\/FOTO:Facebook <\/p>\n<p>publicitate&#8221;); background-position: center center; background-repeat: no-repeat;&#8221;&gt;<\/p>\n<p>Astfel, mai mult de unul din cinci responden\u021bi, 22% , a declarat c\u0103 ar p\u0103r\u0103si \u021bara dac\u0103 AfD nu doar c\u00e2\u0219tig\u0103 \u00een Saxonia-Anhalt, ci ajunge, la un moment dat, s\u0103 dea \u0219i cancelarul federal al Germaniei. Al\u021bi 47% consider\u0103 c\u0103 un guvern federal condus de partidul de extrem\u0103 dreapta ar d\u0103una \u021b\u0103rii, \u00een timp ce 36% nu sunt de acord cu aceast\u0103 afirma\u021bie.<\/p>\n<p>Potrivit sondajului, 41% dintre responden\u021bi ar accepta un guvern AfD \u00een Saxonia-Anhalt, fa\u021b\u0103 de 46% care se opun. \u00cen acela\u0219i timp, 44% consider\u0103 c\u0103 partidul ar trebui s\u0103 primeasc\u0103 \u0219ansa de a-\u0219i demonstra capacitatea de guvernare, \u00een timp ce 42% resping aceast\u0103 idee. De asemenea, 29% nu au nimic \u00eempotriva unei victorii a AfD, dar nu vor ca reprezentan\u021bii partidului s\u0103 ajung\u0103 \u00een guvern. O parte important\u0103 dintre responden\u021bi \u2014 48% \u2014 consider\u0103 c\u0103 o majoritate absolut\u0103 a AfD ar avea impact \u0219i la nivel federal, \u00een timp ce 29% au o opinie contrar\u0103.<\/p>\n<p>Mul\u021bi cet\u0103\u021beni consider\u0103, de asemenea, c\u0103 strategia adoptat\u0103 p\u00e2n\u0103 acum de celelalte partide a fost gre\u0219it\u0103. Astfel, 43% sunt convin\u0219i c\u0103 o alian\u021b\u0103 a tuturor partidelor \u00eempotriva AfD nu ar face dec\u00e2t s\u0103 \u00eent\u0103reasc\u0103 partidul, \u00een timp ce 32% resping aceast\u0103 idee. Totu\u0219i, 52% prefer\u0103 o coali\u021bie care s\u0103 func\u021bioneze ca o \u201ebarier\u0103 de protec\u021bie&#8221; \u00een locul unei majorit\u0103\u021bi absolute a AfD.<\/p>\n<p>Opiniile responden\u021bilor sunt \u00eemp\u0103r\u021bite \u00een privin\u021ba \u00eentreb\u0103rii dac\u0103 liderul AfD, Ulrich Siegmund, ar putea pierde din sus\u021binere ca premier \u00een cazul unei victorii electorale: 37% cred c\u0103 da, 35% cred c\u0103 nu.<\/p>\n<p> Un moment periculos pentru Germania <\/p>\n<p>Majoritatea partidelor populiste de dreapta din Europa \u0219i-au temperat, cel pu\u021bin la nivel de retoric\u0103, pozi\u021bia fa\u021b\u0103 de Rusia dup\u0103 2022. AfD r\u0103m\u00e2ne \u00eens\u0103 o excep\u021bie notabil\u0103. Ce se \u00eent\u00e2mpl\u0103 atunci c\u00e2nd o for\u021b\u0103 politic\u0103 ce sus\u021bine deschis apropierea de Rusia ajunge, \u00eentr-o bun\u0103 zi, s\u0103 influen\u021beze cursul celei mai mari economii a Europei? Nu mai este o \u00eentrebare teoretic\u0103.<\/p>\n<p>publicitate&#8221;); background-position: center center; background-repeat: no-repeat;&#8221;&gt;<\/p>\n<p>La Saxonia-Anhalt, AfD este creditat\u0103 cu 42% \u00een sondaje, aproape dublu fa\u021b\u0103 de sus\u021binerea de care se bucur\u0103 Uniunea Cre\u0219tin-Democrat\u0103 (CDU) a cancelarului Friedrich Merz. Pe locul trei se situeaz\u0103 Die Linke, un alt partid \u201einsurgent&#8221;, \u00een timp ce partenerii de coali\u021bie ai lui Merz, social-democra\u021bii (SPD), abia dep\u0103\u0219esc pragul de 5% \u2014 prag g\u00e2ndit ini\u021bial tocmai pentru a \u021bine extremi\u0219tii \u00een afara parlamentului \u2014 iar verzii se afl\u0103 la limita acestui prag, scrie Politico.<\/p>\n<p>Calculele sunt complicate, dar esen\u021biale. Dac\u0103 SPD \u0219i verzii trec pragul electoral, partidele mainstream ar putea reuni suficiente mandate pentru a guverna landul. Dac\u0103 nu, AfD ar putea guverna singur\u0103 sau, eventual, cu sprijinul forma\u021biunii de st\u00e2nga na\u021bional-conservatoare Alian\u021ba Sahra Wagenknecht, aflat\u0103 \u0219i ea \u00een jurul pragului de 5%.<\/p>\n<p>Acest din urm\u0103 scenariu ar declan\u0219a o criz\u0103 politic\u0103 de o amploare nemaiv\u0103zut\u0103 \u00een Germania de zeci de ani. \u0218i nu se opre\u0219te aici: la dou\u0103 s\u0103pt\u0103m\u00e2ni dup\u0103 Saxonia-Anhalt, aleg\u0103torii vor merge la vot \u0219i \u00een landul estic Mecklenburg-Pomerania Inferioar\u0103, precum \u0219i \u00een Berlin \u2014 ora\u0219-land c\u00e2ndva solid de st\u00e2nga, unde AfD \u00eenregistreaz\u0103, de asemenea, o sus\u021binere puternic\u0103.<\/p>\n<p>Practic, \u00een s\u0103pt\u0103m\u00e2nile sau lunile urm\u0103toare, Germania s-ar putea confrunta cu pr\u0103bu\u0219irea unui guvern \u0219i chiar cu \u00eenlocuirea lui Merz \u2014 un scenariu aproape f\u0103r\u0103 precedent \u00een istoria recent\u0103 a \u021b\u0103rii. Iar pe fondul unei economii deja \u0219ov\u0103ielnice, \u021bara care pre\u021buie\u0219te mai presus de orice stabilitatea se preg\u0103te\u0219te s\u0103 intre \u00een panic\u0103.<\/p>\n<p> <a class=\"related-inline svelte-78g0vl\" data-gtrack=\"{&quot;event&quot;:&quot;utm_click&quot;,&quot;data&quot;:{&quot;event_category&quot;:&quot;article_related&quot;}}\" href=\"https:\/\/adevarul.ro\/stiri-externe\/europa\/uniunea-crestin-democrata-isi-formeaza-o-echipa-de-2547915.html\" title=\"Alt articol de interes pentru tine\" rel=\"nofollow noopener\" target=\"_blank\"> Uniunea Cre\u0219tin-Democrat\u0103 \u00ee\u0219i formeaz\u0103 o echip\u0103 de exper\u021bi pentru a contracara ascensiunea partidului de extrem\u0103 dreapta AfD \u00eenaintea alegerilor regionale din Germania <\/a>Doi lideri urm\u0103resc situa\u021bia cu mare interes <\/p>\n<p>Pre\u0219edintele rus Vladimir Putin \u0219i pre\u0219edintele american Donald Trump urm\u0103resc \u00eendeaproape aceste evolu\u021bii. Rela\u021biile dintre Germania \u0219i Rusia s-au deteriorat puternic dup\u0103 invazia rus\u0103 la scar\u0103 larg\u0103 din Ucraina, \u00een 2022, iar descoperirea recent\u0103 a unei drone \u00eenc\u0103rcate cu explozibil la aeroportul din Leipzig a alimentat \u0219i mai mult ostilitatea. Cu toate acestea, de\u0219i v\u00e2rful guvernului german este de acord c\u0103 Kremlinul duce o campanie mai ampl\u0103 de r\u0103zboi hibrid \u00een \u00eentreaga Europ\u0103 \u2014 \u0219i \u00een ciuda a patru decenii petrecute sub domina\u021bie sovietic\u0103 \u2014 mul\u021bi aleg\u0103tori din fosta Republic\u0103 Democrat\u0103 German\u0103 p\u0103streaz\u0103 o afec\u021biune puternic\u0103 fa\u021b\u0103 de Rusia.<\/p>\n<p>publicitate&#8221;); background-position: center center; background-repeat: no-repeat;&#8221;&gt;<\/p>\n<p>AfD mizeaz\u0103 intens pe acest sentiment. De\u0219i politica extern\u0103 \u021bine de competen\u021ba guvernului federal, Siegmund cere \u00een mod repetat ridicarea sanc\u021biunilor \u00eempotriva Rusiei. El vrea, de asemenea, reintroducerea orelor de limb\u0103 rus\u0103 \u00een \u0219coli \u0219i revenirea elevilor ru\u0219i \u00een Germania prin programe de schimb. \u00cen privin\u021ba ucrainenilor, dore\u0219te ca ace\u0219tia s\u0103 fie considera\u021bi migran\u021bi ilegali, nu refugia\u021bi de r\u0103zboi.<\/p>\n<p>\u00centre timp, Trump, care a criticat dur Europa de Vest pentru ceea ce el consider\u0103 derapaje sociale, nu \u0219i-a ascuns sprijinul pentru ceea ce documentul s\u0103u de strategie de securitate na\u021bional\u0103 nume\u0219te \u201efor\u021be patriotice&#8221;. Administra\u021bia sa a cultivat rela\u021bii \u0219i contacte cu AfD, ca parte a unui sprijin mai larg acordat partidelor europene apropiate de mi\u0219carea MAGA.<\/p>\n<p>Ambii lideri au un interes direct \u00een succesul partidului, pe care \u00eel privesc, al\u0103turi de alte forma\u021biuni ultraconservatoare din Europa, drept un \u201ecap de pod&#8221;. Iar Siegmund se potrive\u0219te perfect acestui rol.<\/p>\n<p>Una dintre stelele \u00een ascensiune ale partidului, fost agent de v\u00e2nz\u0103ri \u00een v\u00e2rst\u0103 de 35 de ani, \u00ee\u0219i cultiv\u0103 atent imaginea public\u0103 \u2014 apare pe motociclete Simson, fabricate \u00een fosta Germanie de Est, pentru a atrage tinerii, \u00een timp ce le promite aleg\u0103torilor \u00een v\u00e2rst\u0103 c\u0103 le va aduce \u00eenapoi \u201evechea, buna \u0219i sigura Germanie&#8221;. Are, totodat\u0103, cel mai mare num\u0103r de urm\u0103ritori pe TikTok dintre to\u021bi politicienii germani.<\/p>\n<p>Nici programul de guvernare al partidului pentru Saxonia-Anhalt, care se \u00eentinde pe 150 de pagini, nu duce lips\u0103 de ambi\u021bie. \u00cen el, Siegmund cere deport\u0103ri \u00een mas\u0103 ale solicitan\u021bilor de azil, dup\u0103 modelul promovat de Trump \u2014 de\u0219i Saxonia-Anhalt este una dintre cele mai omogene regiuni ale Germaniei din punct de vedere etnic, doar unul din 13 locuitori av\u00e2nd origini migratorii.<\/p>\n<p> <a class=\"related-inline svelte-78g0vl\" data-gtrack=\"{&quot;event&quot;:&quot;utm_click&quot;,&quot;data&quot;:{&quot;event_category&quot;:&quot;article_related&quot;}}\" href=\"https:\/\/adevarul.ro\/stiri-externe\/europa\/val-de-nostalgie-in-germania-fata-de-rdg-2549679.html\" title=\"Alt articol de interes pentru tine\" rel=\"nofollow noopener\" target=\"_blank\"> Val de nostalgie \u00een Germania fa\u021b\u0103 de RDG: \u201eDemocra\u021bia este contestat\u0103 tot mai frecvent\u201d <\/a><\/p>\n<p>El promite s\u0103 retrag\u0103 finan\u021barea posturilor publice de radio \u0219i televiziune considerate ostile \u0219i \u201enepatriotice&#8221;, s\u0103 interzic\u0103 \u00een \u0219coli toate simbolurile asociate culturii \u201ewoke&#8221; \u2014 inclusiv steagurile curcubeu \u2014 \u0219i, ca parte a luptei sale \u00eempotriva \u201edispari\u021biei poporului german&#8221;, propune reduceri fiscale pentru familiile compuse din \u201eun tat\u0103, o mam\u0103 \u0219i c\u00e2t mai mul\u021bi copii&#8221;.<\/p>\n<p>\u00centr-un ecou al anilor 1930, programul critic\u0103 inclusiv mi\u0219carea artistic\u0103 Bauhaus, cu r\u0103d\u0103cini puternice \u00een regiune, ca parte a unor planuri mai ample de promovare a \u201eartei germane&#8221;.<\/p>\n<p>publicitate&#8221;); background-position: center center; background-repeat: no-repeat;&#8221;&gt;<\/p>\n<p>Toate acestea sunt domenii aflate \u00een responsabilitatea landurilor germane \u2014 educa\u021bie, cultur\u0103, anumite aspecte ale poli\u021biei \u0219i justi\u021biei penale. Dar concentrarea exclusiv\u0103 asupra acestor competen\u021be formale ar \u00eensemna s\u0103 pierdem esen\u021bialul. Ca \u00een multe alte \u021b\u0103ri, atrac\u021bia extremei drepte cre\u0219te \u0219i \u00een Germania, otr\u0103vind \u0219i, adesea, paraliz\u00e2nd partidele \u0219i politica mainstream ale \u021b\u0103rii.<\/p>\n<p>Germania postbelic\u0103 a trecut \u0219i a dep\u0103\u0219it o serie de provoc\u0103ri dificile \u00een timpul R\u0103zboiului Rece \u0219i dup\u0103 c\u0103derea Zidului Berlinului. Constitu\u021bia sa este riguroas\u0103, iar angajamentul fa\u021b\u0103 de valorile democratice, inclusiv sprijinul neclintit pentru Ucraina, r\u0103m\u00e2ne unul remarcabil. Dar nu ar fi o exagerare s\u0103 spunem c\u0103 \u021bara este pe cale s\u0103 intre \u00eentr-unul dintre cele mai periculoase momente ale sale de p\u00e2n\u0103 acum, conchide Politico.<\/p>\n<p> \\n  const _iprc = performance.now();\\n\\u003C\/script>\\n\\n\\u003Cscript class=\\&#8221;optanon-category-C0004\\&#8221; type=\\&#8221;text\/plain\\&#8221;>\\nconsole.log(\\&#8221;*** cookieconsent done:\\&#8221;, Math.round(performance.now() &#8211; _iprc) \/ 1000);\\n  gtag(&#8216;event&#8217;, &#8216;cookieconsent&#8217;, {\\n    name: &#8216;load&#8217;,\\n    value: Math.round(performance.now() &#8211; _iprc) \/ 1000\\n  });\\n\\u003C\/script>\\n\\u003C!&#8211; END PERFORMANCE COOKIE PRO &#8211;>\\n\\n{{#unless context.ads_disabled}}\\n\\n\\u003Cscript class=\\&#8221;optanon-category-C0004\\&#8221; type=\\&#8221;text\/plain\\&#8221; src=\\&#8221;\/\/a.teads.tv\/page\/99553\/tag\\&#8221; async=\\&#8221;true\\&#8221;>\\u003C\/script>\\n{{\/unless}}\\n\\n\\u003Cdiv data-ad=\\&#8221;adevarul.ro_728x90_sticky_display_bottom_adevarul_bottom_center_leaderboard\\&#8221; data-devices=\\&#8221;m:0,t:1,d:1\\&#8221;   class=\\&#8221;demand-supply\\&#8221;>\\u003C\/div>\\n\\n{{#if context.content}}\\n\\n{{#unless context.ads_disabled}}\\n\\u003Cscript class=\\&#8221;optanon-category-C0004\\&#8221; type=\\&#8221;text\/plain\\&#8221; src=\\&#8221;https:\/\/cnt.trvdp.com\/js\/1544\/6545.js\\&#8221;>\\u003C\/script>\\n{{\/unless}}\\n\\n\\n{{\/if}}\\n\\n\\n&#8221;,&#8221;html_mobile&#8221;:&#8221;\\n\\n\\n\\u003C!&#8211; CHECK PERFORMANCE COOKIE PRO &#8211;>\\n\\u003Cscript>\\n  const _iprc = performance.now();\\n\\u003C\/script>\\n\\n\\u003Cscript class=\\&#8221;optanon-category-C0004\\&#8221; type=\\&#8221;text\/plain\\&#8221;>\\nconsole.log(\\&#8221;*** cookieconsent done:\\&#8221;, Math.round(performance.now() &#8211; _iprc) \/ 1000);\\n  gtag(&#8216;event&#8217;, &#8216;cookieconsent&#8217;, {\\n    name: &#8216;load&#8217;,\\n    value: Math.round(performance.now() &#8211; _iprc) \/ 1000\\n  });\\n\\u003C\/script>\\n\\u003C!&#8211; END PERFORMANCE COOKIE PRO &#8211;>\\n\\n{{#unless context.ads_disabled}}\\n\\n\\n\\u003Cscript\\n  class=\\&#8221;optanon-category-C0004\\&#8221;\\n  type=\\&#8221;text\/plain\\&#8221;\\n  src=\\&#8221;\/\/a.teads.tv\/page\/99553\/tag\\&#8221;\\n  async=\\&#8221;true\\&#8221;\\n>\\u003C\/script>\\n\\n{{\/unless}} \\n\\n\\u003Cdiv\\n  data-ad=\\&#8221;adevarul.ro_sticky_mobile_bottom\\&#8221;\\n  data-devices=\\&#8221;m:1,t:0,d:0\\&#8221;\\n  class=\\&#8221;demand-supply\\&#8221;\\n>\\u003C\/div>\\n\\n{{#if context.content}} \\n\\n\\n{{#unless context.ads_disabled}}\\n\\u003Cscript class=\\&#8221;optanon-category-C0004\\&#8221; type=\\&#8221;text\/plain\\&#8221; src=\\&#8221;https:\/\/cnt.trvdp.com\/js\/1544\/6545.js\\&#8221;>\\u003C\/script>\\n{{\/unless}}\\n\\n{{\/if}}\\n\\n&#8221;},&#8221;updated_at&#8221;:&#8221;2025-11-01T11:31:21.462Z&#8221;},&#8221;AdPosition_head&#8221;:{&#8222;data&#8221;:{&#8222;custom_fields&#8221;:{},&#8221;for_desktop&#8221;:true,&#8221;for_mobile&#8221;:true,&#8221;html_desktop&#8221;:&#8221;\\u003Cmeta name=\\&#8221;profitshareid\\&#8221; content=\\&#8221;934cd37887433d585a2a227ef0576fcc\\&#8221; \/>\\n\\n\\n\\n{{#unless context.ads_disabled}}\\n\\n\\n{{#if context.content}}\\n\\u003Cscript type=\\&#8221;text\/plain\\&#8221; class=\\&#8221;optanon-category-C0004\\&#8221; src=\\&#8221;https:\/\/jsc.mgid.com\/site\/960965.js\\&#8221; async>\\u003C\/script>\\n\\n\\n\\u003Cscript type=\\&#8221;text\/plain\\&#8221; class=\\&#8221;optanon-category-C0004\\&#8221;>\\n  (function () {\\n    if (document.location.pathname.indexOf(&#8222;https:\/\/adevarul.ro\/ghid-de-cumparaturi&#8221;) === 0) {\\n      return;\\n    }\\n\\n    const s = document.createElement(\\&#8221;script\\&#8221;);\\n    s.src = \\&#8221;https:\/\/srv.divee.ai\/storage\/v1\/object\/public\/sdk\/divee.sdk.latest.js\\&#8221;;\\n    s.setAttribute(\\&#8221;data-project-id\\&#8221;, \\&#8221;4428864e-2da6-4fef-a83c-c16c2dfe86d9\\&#8221;);\\n    s.async = true;\\n    document.head.appendChild(s);\\n  })();\\n\\u003C\/script>\\n\\n\\n\\n\\n\\n{{\/if}}\\n\\n\\u003Cscript>\\n  window.teads_analytics = window.teads_analytics || {};\\n  window.teads_analytics.analytics_tag_id = \\&#8221;PUB_26459\\&#8221;;\\n  window.teads_analytics.share = window.teads_analytics.share || function() {\\n    ;(window.teads_analytics.shared_data = window.teads_analytics.shared_data || []).push(arguments)\\n  };\\n\\u003C\/script>\\n\\u003Cscript type=\\&#8221;text\/plain\\&#8221; class=\\&#8221;optanon-category-C0004\\&#8221; src=\\&#8221;https:\/\/a.teads.tv\/analytics\/tag.js\\&#8221;>\\u003C\/script>\\n\\n\\n{{#unless context.features.nolivesupply}}\\n\\u003Cscript async data-cfasync=\\&#8221;false\\&#8221; type=\\&#8221;text\/plain\\&#8221; class=\\&#8221;optanon-category-C0004\\&#8221; src=\\&#8221;https:\/\/live.demand.supply\/up.js\\&#8221;>\\u003C\/script>\\n{{\/unless}}\\n\\n\\u003Cscript type=\\&#8221;text\/plain\\&#8221; class=\\&#8221;optanon-category-C0004\\&#8221; src=\\&#8221;https:\/\/pagead2.googlesyndication.com\/pagead\/js\/adsbygoogle.js?client=ca-pub-3345426167175409\\&#8221; crossorigin=\\&#8221;anonymous\\&#8221;>\\u003C\/script>\\n\\n \\u003Cscript type=\\&#8221;text\/plain\\&#8221; class=\\&#8221;optanon-category-C0004\\&#8221; src=\\&#8221;https:\/\/terrific.live\/terrific-sdk.js\\&#8221; storeid=\\&#8221;iN6X0VPTDIicsVPKX6p0\\&#8221;>\\u003C\/script>\\n\\n{{\/unless}}\\n\\n\\u003Cstyle>\\n.google-adposition > div {\\n  flex-grow: 1;\\n}\\n\\n.google-adposition:has(iframe) {\\n    background-image: none !important;\\n}\\n\\n.menu-fixed .menu .headContainer .google-auto-placed {\\n    display: none;\\n}\\n\\narticle header .title .google-auto-placed {\\n    display: none;\\n}\\n\\n#onetrust-banner-sdk #onetrust-accept-btn-handler {\\n        margin-bottom: 10px;\\n    }\\n\\n    #onetrust-banner-sdk #onetrust-reject-all-handler {\\n        visibility: hidden;\\n    }\\n\\n\\u003C\/style>\\n\\n \\u003C!&#8211; Facebook Pixel Code &#8211;>\\u003Cscript type=\\&#8221;text\/plain\\&#8221; class=\\&#8221;optanon-category-C0002\\&#8221;>!function(f,b,e,v,n,t,s){if(f.fbq)return;n=f.fbq=function(){n.callMethod?n.callMethod.apply(n,arguments):n.queue.push(arguments)};if(!f._fbq)f._fbq=n;n.push=n;n.loaded=!0;n.version=&#8217;2.0&#8242;;n.queue=[];t=b.createElement(e);t.async=!0;t.src=v;s=b.getElementsByTagName(e)[0];s.parentNode.insertBefore(t,s)}(window,document,&#8217;script&#8217;,&#8217;https:\/\/connect.facebook.net\/en_US\/fbevents.js&#8217;); fbq(&#8216;init&#8217;, &#8216;1346397800155390&#8217;); fbq(&#8216;track&#8217;, &#8216;PageView&#8217;);\\u003C\/script>\\u003Cnoscript> \\u003Cimg height=\\&#8221;1\\&#8221; width=\\&#8221;1\\&#8221; src=\\&#8221;https:\/\/www.facebook.com\/tr?id=1346397800155390&#038;ev=PageView&#038;noscript=1\\&#8221;\/>\\u003C\/noscript>\\u003C!&#8211; End Facebook Pixel Code &#8211;>\\n\\n\\u003C!&#8211; alternativeAds &#8211;>\\n&#8221;,&#8221;html_mobile&#8221;:&#8221;\\u003Cmeta name=\\&#8221;profitshareid\\&#8221; content=\\&#8221;934cd37887433d585a2a227ef0576fcc\\&#8221; \/>\\n\\n\\n{{#unless context.ads_disabled}}\\n\\n{{#if context.content}}\\n\\u003Cscript type=\\&#8221;text\/plain\\&#8221; class=\\&#8221;optanon-category-C0004\\&#8221; src=\\&#8221;https:\/\/jsc.mgid.com\/site\/960965.js\\&#8221; async>\\u003C\/script>\\n\\n\\u003Cscript type=\\&#8221;text\/plain\\&#8221; class=\\&#8221;optanon-category-C0004\\&#8221;>\\n  (function () {\\n    if (document.location.pathname.indexOf(&#8222;https:\/\/adevarul.ro\/ghid-de-cumparaturi&#8221;) === 0) {\\n      return;\\n    }\\n\\n    const s = document.createElement(\\&#8221;script\\&#8221;);\\n    s.src = \\&#8221;https:\/\/srv.divee.ai\/storage\/v1\/object\/public\/sdk\/divee.sdk.latest.js\\&#8221;;\\n    s.setAttribute(\\&#8221;data-project-id\\&#8221;, \\&#8221;4428864e-2da6-4fef-a83c-c16c2dfe86d9\\&#8221;);\\n    s.async = true;\\n    document.head.appendChild(s);\\n  })();\\n\\u003C\/script>\\n\\n{{\/if}}\\n\\n\\u003Cscript>\\n  window.teads_analytics = window.teads_analytics || {};\\n  window.teads_analytics.analytics_tag_id = \\&#8221;PUB_26459\\&#8221;;\\n  window.teads_analytics.share = window.teads_analytics.share || function() {\\n    ;(window.teads_analytics.shared_data = window.teads_analytics.shared_data || []).push(arguments)\\n  };\\n\\u003C\/script>\\n\\u003Cscript type=\\&#8221;text\/plain\\&#8221; class=\\&#8221;optanon-category-C0004\\&#8221; src=\\&#8221;https:\/\/a.teads.tv\/analytics\/tag.js\\&#8221;>\\u003C\/script>\\n\\n{{#unless context.features.nolivesupply}}\\n\\u003Cscript async data-cfasync=\\&#8221;false\\&#8221; type=\\&#8221;text\/plain\\&#8221; class=\\&#8221;optanon-category-C0004\\&#8221; src=\\&#8221;https:\/\/live.demand.supply\/up.js\\&#8221;>\\u003C\/script>\\n{{\/unless}}\\n\\n\\u003Cscript type=\\&#8221;text\/plain\\&#8221; class=\\&#8221;optanon-category-C0004\\&#8221; src=\\&#8221;https:\/\/terrific.live\/terrific-sdk.js\\&#8221; storeid=\\&#8221;iN6X0VPTDIicsVPKX6p0\\&#8221;>\\u003C\/script>\\n\\n{{\/unless}}\\n\\u003Cstyle>\\n\\n.google-adposition:has(iframe) {\\n    background-image: none !important;\\n}\\n\\n.menu-fixed .menu .headContainer .google-auto-placed {\\n    display: none;\\n}\\n\\narticle header .title .google-auto-placed {\\n    display: none;\\n}\\n\\n#onetrust-banner-sdk #onetrust-accept-btn-handler {\\n        margin-bottom: 10px;\\n    }\\n\\n    #onetrust-banner-sdk #onetrust-reject-all-handler {\\n        visibility: hidden;\\n    }\\n\\u003C\/style>\\n&#8221;},&#8221;updated_at&#8221;:&#8221;2026-07-22T15:44:05.196Z&#8221;}},&#8221;last_changed&#8221;:&#8221;2026-09-01T04:04:07.987Z&#8221;,&#8221;page&#8221;:{&#8222;created_at&#8221;:&#8221;2026-08-19T18:57:11.447Z&#8221;,&#8221;created_by&#8221;:1,&#8221;custom_fields&#8221;:{},&#8221;domain&#8221;:&#8221;adevarul.ro&#8221;,&#8221;id&#8221;:99,&#8221;last_published_at&#8221;:&#8221;2026-08-19T18:57:12.918Z&#8221;,&#8221;name&#8221;:&#8221;Content layout (article)&#8221;,&#8221;published&#8221;:1,&#8221;s3_hash&#8221;:&#8221;a5e0764cf3bce051367545eab1538b4619e8ecb9&#8243;,&#8221;slug&#8221;:null,&#8221;title&#8221;:&#8221;Content layout&#8221;,&#8221;type&#8221;:&#8221;layout&#8221;,&#8221;updated_at&#8221;:&#8221;2022-07-21T08:27:20.732Z&#8221;,&#8221;version_id&#8221;:271},&#8221;path&#8221;:&#8221;\/stiri-externe\/europa\/un-moment-periculos-pentru-germania-daca-un-2553201.html&#8221;,&#8221;pathArray&#8221;:[&#8222;&#8221;,&#8221;stiri-externe&#8221;,&#8221;europa&#8221;,&#8221;un-moment-periculos-pentru-germania-daca-un-2553201.html&#8221;],&#8221;type&#8221;:&#8221;content&#8221;,&#8221;url&#8221;:&#8221;https:\/\/adevarul.ro\/stiri-externe\/europa\/un-moment-periculos-pentru-germania-daca-un-2553201.html&#8221;,&#8221;features&#8221;:{},&#8221;query&#8221;:{},&#8221;domain_config&#8221;:{&#8222;MISC&#8221;:{&#8222;logo&#8221;:{&#8222;width&#8221;:320,&#8221;height&#8221;:50}},&#8221;SYSTEM_TAGS&#8221;:[&#8222;noads&#8221;,&#8221;nocomments&#8221;,&#8221;sex&#8221;,&#8221;advert&#8221;,&#8221;advertorial&#8221;,&#8221;video&#8221;,&#8221;galerie&#8221;,&#8221;live&#8221;,&#8221;foto&#8221;,&#8221;exclusiv&#8221;,&#8221;analiza&#8221;,&#8221;interviu&#8221;,&#8221;reportaj&#8221;,&#8221;breaking news&#8221;],&#8221;default&#8221;:{&#8222;lang&#8221;:&#8221;ro&#8221;,&#8221;domain&#8221;:&#8221;adevarul.ro&#8221;,&#8221;alternateDomain&#8221;:&#8221;adevarul-ro.adh.reperio.news&#8221;,&#8221;friendlyName&#8221;:&#8221;Adev\u0103rul&#8221;,&#8221;logoURL&#8221;:&#8221;https:\/\/adevarul.ro\/favicon-144-precomposed.png&#8221;}},&#8221;client&#8221;:{&#8222;is_mobile&#8221;:false}}<\/p>\n","protected":false},"excerpt":{"rendered":"Pe 6 septembrie, landul german Saxonia-Anhalt organizeaz\u0103 alegeri \u00een care 1,7 milioane de aleg\u0103tori vor decide dac\u0103 partidul&hellip;\n","protected":false},"author":2,"featured_media":282665,"comment_status":"","ping_status":"","sticky":false,"template":"","format":"standard","meta":{"footnotes":"","_share_on_mastodon":"0"},"categories":[12],"tags":[46352,77876,32,33,31,2383,2728,36,37,102,27,74,34,35,77877,25,41,40,38,39,45,72294,26,28,29,30,71,72,73],"class_list":["post-282664","post","type-post","status-publish","format-standard","has-post-thumbnail","category-international","tag-afd","tag-alergari-regionale-germania","tag-breaking-news","tag-breakingnews","tag-cele-mai-populare-subiecte","tag-extrema-dreapta","tag-extremism","tag-featured-news","tag-featurednews","tag-germania","tag-headlines","tag-international","tag-latest-news","tag-latestnews","tag-migratie-germania","tag-news","tag-ro","tag-romana","tag-romania","tag-romanian","tag-rusia","tag-saxonia-anhalt","tag-stiri","tag-titluri","tag-top-stories","tag-topstories","tag-world","tag-world-news","tag-worldnews"],"share_on_mastodon":{"url":"","error":"Validation failed: Text character limit of 500 exceeded"},"_links":{"self":[{"href":"https:\/\/www.europesays.com\/ro\/wp-json\/wp\/v2\/posts\/282664","targetHints":{"allow":["GET"]}}],"collection":[{"href":"https:\/\/www.europesays.com\/ro\/wp-json\/wp\/v2\/posts"}],"about":[{"href":"https:\/\/www.europesays.com\/ro\/wp-json\/wp\/v2\/types\/post"}],"author":[{"embeddable":true,"href":"https:\/\/www.europesays.com\/ro\/wp-json\/wp\/v2\/users\/2"}],"replies":[{"embeddable":true,"href":"https:\/\/www.europesays.com\/ro\/wp-json\/wp\/v2\/comments?post=282664"}],"version-history":[{"count":0,"href":"https:\/\/www.europesays.com\/ro\/wp-json\/wp\/v2\/posts\/282664\/revisions"}],"wp:featuredmedia":[{"embeddable":true,"href":"https:\/\/www.europesays.com\/ro\/wp-json\/wp\/v2\/media\/282665"}],"wp:attachment":[{"href":"https:\/\/www.europesays.com\/ro\/wp-json\/wp\/v2\/media?parent=282664"}],"wp:term":[{"taxonomy":"category","embeddable":true,"href":"https:\/\/www.europesays.com\/ro\/wp-json\/wp\/v2\/categories?post=282664"},{"taxonomy":"post_tag","embeddable":true,"href":"https:\/\/www.europesays.com\/ro\/wp-json\/wp\/v2\/tags?post=282664"}],"curies":[{"name":"wp","href":"https:\/\/api.w.org\/{rel}","templated":true}]}}