{"id":282690,"date":"2026-09-01T05:57:17","date_gmt":"2026-09-01T05:57:17","guid":{"rendered":"https:\/\/www.europesays.com\/ro\/282690\/"},"modified":"2026-09-01T05:57:17","modified_gmt":"2026-09-01T05:57:17","slug":"certat-de-suporteri-antrenorul-fcsb-ului-a-rabufnit-hai-sa-jucati-voi-tu-nu-stii-nimic","status":"publish","type":"post","link":"https:\/\/www.europesays.com\/ro\/282690\/","title":{"rendered":"Certat de suporteri, antrenorul FCSB-ului a r\u0103bufnit: \u201dHai s\u0103 juca\u021bi voi! Tu nu \u0219tii nimic&#8230;\u201d"},"content":{"rendered":"<p>Luni, 31 August 2026, ora 09:38<\/p>\n<p>1323 citiri<\/p>\n<p><a class=\"news__image\" data-href=\"https:\/\/s1.ziareromania.ro\/?mmid=df88756b14640f3412\" data-size=\"455x271\" title=\"Certat de suporteri, antrenorul FCSB-ului a r\u0103bufnit: \u201dHai s\u0103 juca\u021bi voi! Tu nu \u0219tii nimic...\u201d\"><img decoding=\"async\" src=\"https:\/\/www.europesays.com\/ro\/wp-content\/uploads\/2026\/09\/Certat-de-suporteri--antrenorul-FCSB-ului-a-r--bufnit-----Hai-s---juca--i-voi--Tu-nu---tii-nimic----.jpeg\" alt=\"Certat de suporteri, antrenorul FCSB-ului a r\u0103bufnit: \u201dHai s\u0103 juca\u021bi voi! Tu nu \u0219tii nimic...\u201d\" title=\"Certat de suporteri, antrenorul FCSB-ului a r\u0103bufnit: \u201dHai s\u0103 juca\u021bi voi! Tu nu \u0219tii nimic...\u201d\" class=\"img-responsive\"\/><\/a><\/p>\n<p>Marius Baciu FOTO Captura FB orangesport<\/p>\n<p><a href=\"https:\/\/ziare.com\/fcsb\/\" title=\"FCSB\" rel=\"nofollow noopener\" target=\"_blank\">FCSB<\/a> a fost \u00eenvins\u0103 de UTA Arad cu scorul de 3-1 (1-0), duminic\u0103 seara, pe teren propriu, la T\u00e2rgovi\u0219te, \u00eentr-un meci din <a href=\"https:\/\/ziare.com\/fotbal\/etapa\/\" title=\"etapa\" rel=\"nofollow noopener\" target=\"_blank\">etapa<\/a> a \u0219aptea a Superligii de fotbal.<\/p>\n<p>UTA a deschis scorul prin Marius Coman (26), lansat de Jayson Papeau, dar <a href=\"https:\/\/ziare.com\/fotbal\/fcsb\/\" title=\"FCSB\" rel=\"nofollow noopener\" target=\"_blank\">FCSB<\/a> a egalat \u00een debutul reprizei secunde prin Alexandru Stoian (49), juc\u0103tor intrat la pauz\u0103.<\/p>\n<p>Ar\u0103denii au preluat conducerea prin reu\u0219ita lui Hakim Abdallah (54), cu un \u0219ut cu efect la col\u021bul lung, iar Coman a realizat dubla din pasa lui Alin Roman (78). UTA a ob\u021binut prima sa victorie \u00een acest sezon.<\/p>\n<p>\u201eDemisia, demisia!\u201d au fost cuvintele auzite de antrenorul Marius Baciu la ie\u0219irea de la vestiare.<\/p>\n<p>\u201dHai s\u0103 juca\u021bi voi!\u201d, a r\u0103spuns acesta, extrem de nervos.<\/p>\n<p>\u201dSuporterii adev\u0103ra\u021bi \u0219tiu ce \u00eenseamn\u0103 \u00eenceputurile. Tu nu \u0219tii nimic! \u021ai-a\u0219 spune mai multe, dac\u0103 ai vorbi frumos!\u201d, a mai spus Baciu \u00een drum spre autocar.<\/p>\n<p>\u021ai-a pl\u0103cut articolul?<\/p>\n<p> Vrem s\u0103 producem mai multe, \u00eens\u0103 avem nevoie de sus\u021binerea ta. Orice dona\u021bie conteaz\u0103 pentru jurnalismul independent <\/p>\n","protected":false},"excerpt":{"rendered":"Luni, 31 August 2026, ora 09:38 1323 citiri Marius Baciu FOTO Captura FB orangesport FCSB a fost \u00eenvins\u0103&hellip;\n","protected":false},"author":2,"featured_media":282691,"comment_status":"","ping_status":"","sticky":false,"template":"","format":"standard","meta":{"footnotes":"","_share_on_mastodon":"0"},"categories":[20],"tags":[351,269,909,2171,41,40,38,39,185,184,398],"class_list":["post-282690","post","type-post","status-publish","format-standard","has-post-thumbnail","category-sport","tag-antrenor","tag-fcsb","tag-marius-baciu","tag-reactie","tag-ro","tag-romana","tag-romania","tag-romanian","tag-sport","tag-sports","tag-suporteri"],"share_on_mastodon":{"url":"https:\/\/pubeurope.com\/@ro\/117194250828525439","error":""},"_links":{"self":[{"href":"https:\/\/www.europesays.com\/ro\/wp-json\/wp\/v2\/posts\/282690","targetHints":{"allow":["GET"]}}],"collection":[{"href":"https:\/\/www.europesays.com\/ro\/wp-json\/wp\/v2\/posts"}],"about":[{"href":"https:\/\/www.europesays.com\/ro\/wp-json\/wp\/v2\/types\/post"}],"author":[{"embeddable":true,"href":"https:\/\/www.europesays.com\/ro\/wp-json\/wp\/v2\/users\/2"}],"replies":[{"embeddable":true,"href":"https:\/\/www.europesays.com\/ro\/wp-json\/wp\/v2\/comments?post=282690"}],"version-history":[{"count":0,"href":"https:\/\/www.europesays.com\/ro\/wp-json\/wp\/v2\/posts\/282690\/revisions"}],"wp:featuredmedia":[{"embeddable":true,"href":"https:\/\/www.europesays.com\/ro\/wp-json\/wp\/v2\/media\/282691"}],"wp:attachment":[{"href":"https:\/\/www.europesays.com\/ro\/wp-json\/wp\/v2\/media?parent=282690"}],"wp:term":[{"taxonomy":"category","embeddable":true,"href":"https:\/\/www.europesays.com\/ro\/wp-json\/wp\/v2\/categories?post=282690"},{"taxonomy":"post_tag","embeddable":true,"href":"https:\/\/www.europesays.com\/ro\/wp-json\/wp\/v2\/tags?post=282690"}],"curies":[{"name":"wp","href":"https:\/\/api.w.org\/{rel}","templated":true}]}}