{"id":282798,"date":"2026-09-01T07:37:17","date_gmt":"2026-09-01T07:37:17","guid":{"rendered":"https:\/\/www.europesays.com\/ro\/282798\/"},"modified":"2026-09-01T07:37:17","modified_gmt":"2026-09-01T07:37:17","slug":"one-ui-9-beta-se-pregateste-pentru-inca-18-telefoane-samsung-accesul-la-program-ramane-in-continuare-indisponibil-pentru-utilizatorii-din-romania","status":"publish","type":"post","link":"https:\/\/www.europesays.com\/ro\/282798\/","title":{"rendered":"One UI 9 Beta se preg\u0103te\u0219te pentru \u00eenc\u0103 18 telefoane Samsung; Accesul la program r\u0103m\u00e2ne \u00een continuare indisponibil pentru utilizatorii din Rom\u00e2nia"},"content":{"rendered":"<p>One UI 9 Beta pare gata s\u0103 ias\u0103 din exclusivitatea seriei Galaxy S26. Build-uri de test pentru Android 17 au ap\u0103rut pe serverele Samsung pentru \u00eenc\u0103 18 telefoane, iar <a href=\"https:\/\/www.gizmochina.com\/2026\/08\/29\/galaxy-devices-eligible-to-receive-one-ui-9-beta-update\/\" rel=\"nofollow noopener noreferrer\" target=\"_blank\">lista centralizat\u0103 de GizmoChina<\/a> include nu doar flagship-uri vechi, ci \u0219i o por\u021bie s\u0103n\u0103toas\u0103 din seria Galaxy A. Important \u00eens\u0103: apari\u021bia unui firmware beta intern nu garanteaz\u0103 automat accesul la programul public.<\/p>\n<p>Samsung testeaz\u0103 One UI 9 public pe <a href=\"https:\/\/www.mobilissimo.ro\/stiri-telefoane\/one-ui-9-beta-debuteaza-pe-galaxy-s26\" rel=\"nofollow noopener\" target=\"_blank\">Galaxy S26, S26+ \u0219i S26 Ultra \u00eenc\u0103 din luna mai<\/a>, iar seria tocmai a ajuns la a \u0219aptea versiune beta. \u00centre timp au ap\u0103rut sec\u021biuni dedicate programului One UI Beta \u00een Samsung Community pentru Galaxy S25, Z Fold 7 \u0219i Z Flip 7, iar firmware-uri de test au fost observate \u0219i pentru genera\u021biile S24, S23 \u0219i mai multe modele Galaxy A. Cu alte cuvinte, u\u0219a se deschide; nu \u0219tim \u00eenc\u0103 pentru c\u00e2te dintre ele va r\u0103m\u00e2ne efectiv deschis\u0103 publicului.<\/p>\n<p>Ce telefoane apar \u00een noile teste One UI 9 Beta<\/p>\n<p>Surpriza listei este seria Galaxy A. Samsung a tratat tradi\u021bional programul beta ca pe un club \u00een care flagship-urile intr\u0103 primele, dar pentru A57 \u0219i A56 au ap\u0103rut deja indicii suplimentare \u00een forumurile Community \u0219i pe serverele interne. A35 \u0219i A36 sunt de asemenea prinse \u00een testare. Asta nu \u00eenseamn\u0103 c\u0103 toate cele 18 modele vor primi simultan butonul de \u00eenscriere \u00een Samsung Members, dar arat\u0103 c\u0103 dezvoltarea nu mai este concentrat\u0103 doar pe Galaxy S.<\/p>\n<p>\u0218i software-ul a evoluat destul de mult fa\u021b\u0103 de <a href=\"https:\/\/www.mobilissimo.ro\/stiri-telefoane\/ce-aduce-nou-one-ui-9-beta-1-pe-galaxy-s26\" rel=\"nofollow noopener\" target=\"_blank\">prima versiune One UI 9 pe care am detaliat-o \u00een mai<\/a>. Cel mai recent update pentru S26 aduce My FanCam, care urm\u0103re\u0219te o persoan\u0103 \u00eentr-o filmare \u0219i recadreaz\u0103 automat clipul, plus \u00eembun\u0103t\u0103\u021biri pentru Now Brief \u0219i Now Nudge. Samsung a lucrat \u00eentre timp \u0219i la stabilitate, dup\u0103 \u0219apte build-uri succesive.<\/p>\n<p>\u00cen Rom\u00e2nia nu putem testa oficial One UI 9 Beta<\/p>\n<p>Aici vine partea mai pu\u021bin pl\u0103cut\u0103 pentru posesorii Galaxy de la noi. Rom\u00e2nia nu face parte \u00een acest moment din programul oficial One UI 9 Beta. Chiar Samsung Rom\u00e2nia enumer\u0103 pie\u021bele acceptate: Germania, India, Coreea de Sud, Polonia, Regatul Unit \u0219i Statele Unite. \u00censcrierea se face prin Samsung Members \u0219i depinde inclusiv de regiunea dispozitivului, deci simplul fapt c\u0103 ai un Galaxy S26 compatibil nu este suficient pentru acces oficial din Rom\u00e2nia.<\/p>\n<p>Situa\u021bia poate fi reevaluat\u0103 c\u00e2nd beta-ul se extinde la alte genera\u021bii, dar Samsung nu a anun\u021bat p\u00e2n\u0103 acum includerea Rom\u00e2niei. Exist\u0103 metode neoficiale vehiculate prin comunit\u0103\u021bi, \u00eens\u0103 nu fac parte din programul Samsung \u0219i nu schimb\u0103 situa\u021bia oficial\u0103.<\/p>\n<p>Mai apare \u0219i o ironie de calendar: \u00een timp ce S23, S24 \u0219i S25 abia se preg\u0103tesc pentru One UI 9 Beta, <a href=\"https:\/\/www.mobilissimo.ro\/stiri-telefoane\/one-ui-9-5-apare-in-primele-capturi-samsung-testeaza-app-lock-si-o-interfata-cu-mai-multa-sticla\" rel=\"nofollow noopener\" target=\"_blank\">One UI 9.5 ruleaz\u0103 deja \u00een build-uri interne pe Galaxy S26<\/a>. Am v\u0103zut acolo indicii despre App Lock, anima\u021bii schimbate \u0219i o interfa\u021b\u0103 cu mai multe transparen\u021be. Samsung are, a\u0219adar, trei viteze simultan: utilizatori care a\u0219teapt\u0103 One UI 9 stabil, telefoane care se preg\u0103tesc s\u0103 intre \u00een beta \u0219i ingineri care lucreaz\u0103 deja la 9.5.<\/p>\n","protected":false},"excerpt":{"rendered":"One UI 9 Beta pare gata s\u0103 ias\u0103 din exclusivitatea seriei Galaxy S26. Build-uri de test pentru Android&hellip;\n","protected":false},"author":2,"featured_media":282799,"comment_status":"","ping_status":"","sticky":false,"template":"","format":"standard","meta":{"footnotes":"","_share_on_mastodon":"0"},"categories":[16],"tags":[32469,77905,77904,3158,14866,68778,1176,33136,77903,15411,35995,41,40,38,39,163,141,124],"class_list":["post-282798","post","type-post","status-publish","format-standard","has-post-thumbnail","category-tehnologie","tag-android-17","tag-galaxy-a54","tag-galaxy-a55","tag-galaxy-a56","tag-galaxy-a57","tag-galaxy-s23","tag-galaxy-s24","tag-galaxy-s25","tag-galaxy-z-flip-7","tag-galaxy-z-fold-7","tag-one-ui-9","tag-ro","tag-romana","tag-romania","tag-romanian","tag-samsung","tag-technology","tag-tehnologie"],"share_on_mastodon":{"url":"https:\/\/pubeurope.com\/@ro\/117194643389939783","error":""},"_links":{"self":[{"href":"https:\/\/www.europesays.com\/ro\/wp-json\/wp\/v2\/posts\/282798","targetHints":{"allow":["GET"]}}],"collection":[{"href":"https:\/\/www.europesays.com\/ro\/wp-json\/wp\/v2\/posts"}],"about":[{"href":"https:\/\/www.europesays.com\/ro\/wp-json\/wp\/v2\/types\/post"}],"author":[{"embeddable":true,"href":"https:\/\/www.europesays.com\/ro\/wp-json\/wp\/v2\/users\/2"}],"replies":[{"embeddable":true,"href":"https:\/\/www.europesays.com\/ro\/wp-json\/wp\/v2\/comments?post=282798"}],"version-history":[{"count":0,"href":"https:\/\/www.europesays.com\/ro\/wp-json\/wp\/v2\/posts\/282798\/revisions"}],"wp:featuredmedia":[{"embeddable":true,"href":"https:\/\/www.europesays.com\/ro\/wp-json\/wp\/v2\/media\/282799"}],"wp:attachment":[{"href":"https:\/\/www.europesays.com\/ro\/wp-json\/wp\/v2\/media?parent=282798"}],"wp:term":[{"taxonomy":"category","embeddable":true,"href":"https:\/\/www.europesays.com\/ro\/wp-json\/wp\/v2\/categories?post=282798"},{"taxonomy":"post_tag","embeddable":true,"href":"https:\/\/www.europesays.com\/ro\/wp-json\/wp\/v2\/tags?post=282798"}],"curies":[{"name":"wp","href":"https:\/\/api.w.org\/{rel}","templated":true}]}}