{"id":282876,"date":"2026-09-01T08:52:14","date_gmt":"2026-09-01T08:52:14","guid":{"rendered":"https:\/\/www.europesays.com\/ro\/282876\/"},"modified":"2026-09-01T08:52:14","modified_gmt":"2026-09-01T08:52:14","slug":"florin-tanase-a-plecat-in-cipru-si-a-facut-lumina-in-conflictul-cu-fcsb-nimeni-din-club-nu-a-clarificat-situatia","status":"publish","type":"post","link":"https:\/\/www.europesays.com\/ro\/282876\/","title":{"rendered":"Florin T\u0103nase a plecat \u00een Cipru \u0219i a f\u0103cut lumin\u0103 \u00een conflictul cu FCSB: \u201eNimeni din club nu a clarificat situa\u021bia!\u201d"},"content":{"rendered":"<p>Florin T\u0103nase (31 de ani) a p\u0103r\u0103sit \u00een aceast\u0103 diminea\u021b\u0103 Rom\u00e2nia \u0219i\u00a0<a href=\"https:\/\/adevarul.ro\/sport\/scandal-urias-la-fcsb-tanase-si-cretu-dati-afara-2553008.html\" rel=\"nofollow noopener\" target=\"_blank\">a plecat spre Cipru, dup\u0103 ce a ajuns la un acord cu Omonia Nicosia<\/a>. Fostul c\u0103pitan al FCSB va efectua vizita medical\u0103 la forma\u021bia din prima lig\u0103 cipriot\u0103, iar dac\u0103 totul decurge conform planului, urmeaz\u0103 s\u0103 fie prezentat oficial \u0219i s\u0103 \u00eenceap\u0103 antrenamentele al\u0103turi de noii colegi.<\/p>\n<p> <img decoding=\"async\" src=\"https:\/\/www.europesays.com\/ro\/wp-content\/uploads\/2026\/09\/1788252734_604_index.png\" alt=\"Florin T\u0103nase a plecat \u00een Cipru\" width=\"1241\" height=\"750\" loading=\"eager\" fetchpriority=\"high\" class=\"svelte-1kfbksm\"\/> <\/p>\n<p>Florin T\u0103nase a plecat \u00een Cipru Foto: Youtube @gsp<\/p>\n<p>publicitate&#8221;); background-position: center center; background-repeat: no-repeat;&#8221;&gt;<\/p>\n<p>Fotbalistul a ajuns la aeroport \u00een aceast\u0103 diminea\u021b\u0103, fiind \u00eenso\u021bit de so\u021bia sa \u0219i de impresarul Florin Vulturar. Destina\u021bia final\u0103 este Larnaca, unde sunt programate testele medicale.<\/p>\n<p><a href=\"https:\/\/adevarul.ro\/sport\/gazdele-in-pericol-fcsb-se-alatura-echipelor-care-2553041.html\" rel=\"nofollow noopener\" target=\"_blank\">Oferta clubului cipriot a sosit la finalul s\u0103pt\u0103m\u00e2nii trecute<\/a>\u00a0\u0219i a fost acceptat\u0103 de T\u0103nase. Mijloca\u0219ul avea un acord cu FCSB, prelungit chiar \u00een aceast\u0103 var\u0103, \u00eens\u0103 \u00een\u021belegerea \u00eei permitea s\u0103 plece \u00een cazul unei propuneri financiare mai avantajoase.<\/p>\n<p> \u201e\u00cen ultimul timp s-au \u00eent\u00e2mplat anumite lucruri!\u201d <\/p>\n<p>Astfel, desp\u0103r\u021birea de forma\u021bia bucure\u0219tean\u0103 s-a produs\u00a0<a href=\"https:\/\/adevarul.ro\/sport\/capitala-contraataca-echipele-bucurestene-au-2552651.html\" rel=\"nofollow noopener\" target=\"_blank\">f\u0103r\u0103 ca Omonia Nicosia s\u0103 achite vreo sum\u0103 de transfer<\/a>.<\/p>\n<p>\u201eDa, merg la o echip\u0103 important\u0103, cu istorie foarte mare. Acum merg s\u0103 fac vizita medical\u0103. E o echip\u0103 care joac\u0103 \u00een cupele europene. Sunt fericit. Despre cele \u00eent\u00e2mplate \u00een ultimele zile nu prea a\u0219 vrea s\u0103 vorbesc acum. O voi face \u00een viitorul apropiat.\u00a0Sunt entuziasmat, pentru c\u0103 altfel nu plecam. \u0218ti\u021bi c\u0103 Steaua e \u00een sufletul meu. Nu regret c\u0103 nu am mers \u00een China. A fost alegerea mea. Am preferat s\u0103 r\u0103m\u00e2n acas\u0103. Acum e ceva diferit, pentru c\u0103 am \u0219ansa s\u0103 joc \u00een cupele europene. Am vorbit \u0219i cu Elias. Mi-a spus foarte multe lucruri despre echip\u0103.<\/p>\n<p>A fost visul meu s\u0103 joc la Steaua. Sunt fericit c\u0103 am f\u0103cut-o de at\u00e2t de multe ori. A fost un vis devenit realitate. M\u0103 simt \u00eemplinit.\u00a0Fanii \u0219i echipa vor r\u0103m\u00e2ne \u00een sufletul meu. Cu suporterii sunt \u00een rela\u021bii bune. Chiar le mul\u021bumesc pentru aceast\u0103 perioad\u0103. \u0218i vreau s\u0103 le transmit s\u0103 fie al\u0103turi de echip\u0103, pentru c\u0103 juc\u0103torii au nevoie.<\/p>\n<p>publicitate&#8221;); background-position: center center; background-repeat: no-repeat;&#8221;&gt;<\/p>\n<p>\u201eProblema e c\u0103 nimeni din club nu a clarificat situa\u021bia!\u201d <\/p>\n<p>\u00cen ultimul timp s-au \u00eent\u00e2mplat anumite lucruri \u0219i aceasta a fost decizia mea.\u00a0Nu plec cu inima str\u00e2ns\u0103. Plec cu inima deschis\u0103 \u0219i sunt ner\u0103bd\u0103tor s\u0103 \u00eencep treaba. Nu a fost niciun conflict cu Marius Baciu. A fost ceva artificial. Eu am spus dup\u0103 meciul cu Auda c\u0103 nu am jucat nimic \u0219i nu meritam s\u0103 ne calific\u0103m. De unde p\u00e2n\u0103 unde conflict?\u00a0Problema e c\u0103 nimeni din club nu a clarificat situa\u021bia. Au fost multe plec\u0103ri de la echip\u0103. E greu&#8230; Dar sper s\u0103 se redreseze echipa!\u201d, a declarat Florin T\u0103nase la plecarea din Bucure\u0219ti.<\/p>\n<p> Ce s-a \u00eent\u00e2mplat \u00eentre T\u0103nase \u0219i FCSB? <\/p>\n<p>Florin T\u0103nase \u0219i-a \u00eencheiat aventura la FCSB, dup\u0103 ce a fost exclus din lot pentru partida cu UTA, disputat\u0103 duminic\u0103 sear\u0103. Decizia a venit \u00een urma unui conflict cu antrenorul secund Lucian Filip, \u00eens\u0103 tensiunile dintre fotbalist \u0219i conducerea clubului ar fi \u00eenceput cu ceva timp \u00eenainte.<\/p>\n<p>Patronul Gigi Becali ar fi fost nemul\u021bumit de mai multe declara\u021bii f\u0103cute de T\u0103nase \u00een ultimele luni, \u00een special de comentariile acestuia despre presta\u021biile echipei \u0219i despre rela\u021bia dintre el \u0219i antrenorul principal, Marius Baciu. Atitudinea adoptat\u0103 de mijloca\u0219 \u00een ultima perioad\u0103 ar fi c\u00e2nt\u0103rit decisiv \u00een hot\u0103r\u00e2rea lui Becali de a \u00eencheia colaborarea.<\/p>\n<p>publicitate&#8221;); background-position: center center; background-repeat: no-repeat;&#8221;&gt;<\/p>\n<p>\\n  const _iprc = performance.now();\\n\\u003C\/script>\\n\\n\\u003Cscript class=\\&#8221;optanon-category-C0004\\&#8221; type=\\&#8221;text\/plain\\&#8221;>\\nconsole.log(\\&#8221;*** cookieconsent done:\\&#8221;, Math.round(performance.now() &#8211; _iprc) \/ 1000);\\n  gtag(&#8216;event&#8217;, &#8216;cookieconsent&#8217;, {\\n    name: &#8216;load&#8217;,\\n    value: Math.round(performance.now() &#8211; _iprc) \/ 1000\\n  });\\n\\u003C\/script>\\n\\u003C!&#8211; END PERFORMANCE COOKIE PRO &#8211;>\\n\\n{{#unless context.ads_disabled}}\\n\\n\\u003Cscript class=\\&#8221;optanon-category-C0004\\&#8221; type=\\&#8221;text\/plain\\&#8221; src=\\&#8221;\/\/a.teads.tv\/page\/99553\/tag\\&#8221; async=\\&#8221;true\\&#8221;>\\u003C\/script>\\n{{\/unless}}\\n\\n\\u003Cdiv data-ad=\\&#8221;adevarul.ro_728x90_sticky_display_bottom_adevarul_bottom_center_leaderboard\\&#8221; data-devices=\\&#8221;m:0,t:1,d:1\\&#8221;   class=\\&#8221;demand-supply\\&#8221;>\\u003C\/div>\\n\\n{{#if context.content}}\\n\\n{{#unless context.ads_disabled}}\\n\\u003Cscript class=\\&#8221;optanon-category-C0004\\&#8221; type=\\&#8221;text\/plain\\&#8221; src=\\&#8221;https:\/\/cnt.trvdp.com\/js\/1544\/6545.js\\&#8221;>\\u003C\/script>\\n{{\/unless}}\\n\\n\\n{{\/if}}\\n\\n\\n&#8221;,&#8221;html_mobile&#8221;:&#8221;\\n\\n\\n\\u003C!&#8211; CHECK PERFORMANCE COOKIE PRO &#8211;>\\n\\u003Cscript>\\n  const _iprc = performance.now();\\n\\u003C\/script>\\n\\n\\u003Cscript class=\\&#8221;optanon-category-C0004\\&#8221; type=\\&#8221;text\/plain\\&#8221;>\\nconsole.log(\\&#8221;*** cookieconsent done:\\&#8221;, Math.round(performance.now() &#8211; _iprc) \/ 1000);\\n  gtag(&#8216;event&#8217;, &#8216;cookieconsent&#8217;, {\\n    name: &#8216;load&#8217;,\\n    value: Math.round(performance.now() &#8211; _iprc) \/ 1000\\n  });\\n\\u003C\/script>\\n\\u003C!&#8211; END PERFORMANCE COOKIE PRO &#8211;>\\n\\n{{#unless context.ads_disabled}}\\n\\n\\n\\u003Cscript\\n  class=\\&#8221;optanon-category-C0004\\&#8221;\\n  type=\\&#8221;text\/plain\\&#8221;\\n  src=\\&#8221;\/\/a.teads.tv\/page\/99553\/tag\\&#8221;\\n  async=\\&#8221;true\\&#8221;\\n>\\u003C\/script>\\n\\n{{\/unless}} \\n\\n\\u003Cdiv\\n  data-ad=\\&#8221;adevarul.ro_sticky_mobile_bottom\\&#8221;\\n  data-devices=\\&#8221;m:1,t:0,d:0\\&#8221;\\n  class=\\&#8221;demand-supply\\&#8221;\\n>\\u003C\/div>\\n\\n{{#if context.content}} \\n\\n\\n{{#unless context.ads_disabled}}\\n\\u003Cscript class=\\&#8221;optanon-category-C0004\\&#8221; type=\\&#8221;text\/plain\\&#8221; src=\\&#8221;https:\/\/cnt.trvdp.com\/js\/1544\/6545.js\\&#8221;>\\u003C\/script>\\n{{\/unless}}\\n\\n{{\/if}}\\n\\n&#8221;},&#8221;updated_at&#8221;:&#8221;2025-11-01T11:31:21.462Z&#8221;},&#8221;AdPosition_head&#8221;:{&#8222;data&#8221;:{&#8222;custom_fields&#8221;:{},&#8221;for_desktop&#8221;:true,&#8221;for_mobile&#8221;:true,&#8221;html_desktop&#8221;:&#8221;\\u003Cmeta name=\\&#8221;profitshareid\\&#8221; content=\\&#8221;934cd37887433d585a2a227ef0576fcc\\&#8221; \/>\\n\\n\\n\\n{{#unless context.ads_disabled}}\\n\\n\\n{{#if context.content}}\\n\\u003Cscript type=\\&#8221;text\/plain\\&#8221; class=\\&#8221;optanon-category-C0004\\&#8221; src=\\&#8221;https:\/\/jsc.mgid.com\/site\/960965.js\\&#8221; async>\\u003C\/script>\\n\\n\\n\\u003Cscript type=\\&#8221;text\/plain\\&#8221; class=\\&#8221;optanon-category-C0004\\&#8221;>\\n  (function () {\\n    if (document.location.pathname.indexOf(&#8222;https:\/\/adevarul.ro\/ghid-de-cumparaturi&#8221;) === 0) {\\n      return;\\n    }\\n\\n    const s = document.createElement(\\&#8221;script\\&#8221;);\\n    s.src = \\&#8221;https:\/\/srv.divee.ai\/storage\/v1\/object\/public\/sdk\/divee.sdk.latest.js\\&#8221;;\\n    s.setAttribute(\\&#8221;data-project-id\\&#8221;, \\&#8221;4428864e-2da6-4fef-a83c-c16c2dfe86d9\\&#8221;);\\n    s.async = true;\\n    document.head.appendChild(s);\\n  })();\\n\\u003C\/script>\\n\\n\\n\\n\\n\\n{{\/if}}\\n\\n\\u003Cscript>\\n  window.teads_analytics = window.teads_analytics || {};\\n  window.teads_analytics.analytics_tag_id = \\&#8221;PUB_26459\\&#8221;;\\n  window.teads_analytics.share = window.teads_analytics.share || function() {\\n    ;(window.teads_analytics.shared_data = window.teads_analytics.shared_data || []).push(arguments)\\n  };\\n\\u003C\/script>\\n\\u003Cscript type=\\&#8221;text\/plain\\&#8221; class=\\&#8221;optanon-category-C0004\\&#8221; src=\\&#8221;https:\/\/a.teads.tv\/analytics\/tag.js\\&#8221;>\\u003C\/script>\\n\\n\\n{{#unless context.features.nolivesupply}}\\n\\u003Cscript async data-cfasync=\\&#8221;false\\&#8221; type=\\&#8221;text\/plain\\&#8221; class=\\&#8221;optanon-category-C0004\\&#8221; src=\\&#8221;https:\/\/live.demand.supply\/up.js\\&#8221;>\\u003C\/script>\\n{{\/unless}}\\n\\n\\u003Cscript type=\\&#8221;text\/plain\\&#8221; class=\\&#8221;optanon-category-C0004\\&#8221; src=\\&#8221;https:\/\/pagead2.googlesyndication.com\/pagead\/js\/adsbygoogle.js?client=ca-pub-3345426167175409\\&#8221; crossorigin=\\&#8221;anonymous\\&#8221;>\\u003C\/script>\\n\\n \\u003Cscript type=\\&#8221;text\/plain\\&#8221; class=\\&#8221;optanon-category-C0004\\&#8221; src=\\&#8221;https:\/\/terrific.live\/terrific-sdk.js\\&#8221; storeid=\\&#8221;iN6X0VPTDIicsVPKX6p0\\&#8221;>\\u003C\/script>\\n\\n{{\/unless}}\\n\\n\\u003Cstyle>\\n.google-adposition > div {\\n  flex-grow: 1;\\n}\\n\\n.google-adposition:has(iframe) {\\n    background-image: none !important;\\n}\\n\\n.menu-fixed .menu .headContainer .google-auto-placed {\\n    display: none;\\n}\\n\\narticle header .title .google-auto-placed {\\n    display: none;\\n}\\n\\n#onetrust-banner-sdk #onetrust-accept-btn-handler {\\n        margin-bottom: 10px;\\n    }\\n\\n    #onetrust-banner-sdk #onetrust-reject-all-handler {\\n        visibility: hidden;\\n    }\\n\\n\\u003C\/style>\\n\\n \\u003C!&#8211; Facebook Pixel Code &#8211;>\\u003Cscript type=\\&#8221;text\/plain\\&#8221; class=\\&#8221;optanon-category-C0002\\&#8221;>!function(f,b,e,v,n,t,s){if(f.fbq)return;n=f.fbq=function(){n.callMethod?n.callMethod.apply(n,arguments):n.queue.push(arguments)};if(!f._fbq)f._fbq=n;n.push=n;n.loaded=!0;n.version=&#8217;2.0&#8242;;n.queue=[];t=b.createElement(e);t.async=!0;t.src=v;s=b.getElementsByTagName(e)[0];s.parentNode.insertBefore(t,s)}(window,document,&#8217;script&#8217;,&#8217;https:\/\/connect.facebook.net\/en_US\/fbevents.js&#8217;); fbq(&#8216;init&#8217;, &#8216;1346397800155390&#8217;); fbq(&#8216;track&#8217;, &#8216;PageView&#8217;);\\u003C\/script>\\u003Cnoscript> \\u003Cimg height=\\&#8221;1\\&#8221; width=\\&#8221;1\\&#8221; src=\\&#8221;https:\/\/www.facebook.com\/tr?id=1346397800155390&#038;ev=PageView&#038;noscript=1\\&#8221;\/>\\u003C\/noscript>\\u003C!&#8211; End Facebook Pixel Code &#8211;>\\n\\n\\u003C!&#8211; alternativeAds &#8211;>\\n&#8221;,&#8221;html_mobile&#8221;:&#8221;\\u003Cmeta name=\\&#8221;profitshareid\\&#8221; content=\\&#8221;934cd37887433d585a2a227ef0576fcc\\&#8221; \/>\\n\\n\\n{{#unless context.ads_disabled}}\\n\\n{{#if context.content}}\\n\\u003Cscript type=\\&#8221;text\/plain\\&#8221; class=\\&#8221;optanon-category-C0004\\&#8221; src=\\&#8221;https:\/\/jsc.mgid.com\/site\/960965.js\\&#8221; async>\\u003C\/script>\\n\\n\\u003Cscript type=\\&#8221;text\/plain\\&#8221; class=\\&#8221;optanon-category-C0004\\&#8221;>\\n  (function () {\\n    if (document.location.pathname.indexOf(&#8222;https:\/\/adevarul.ro\/ghid-de-cumparaturi&#8221;) === 0) {\\n      return;\\n    }\\n\\n    const s = document.createElement(\\&#8221;script\\&#8221;);\\n    s.src = \\&#8221;https:\/\/srv.divee.ai\/storage\/v1\/object\/public\/sdk\/divee.sdk.latest.js\\&#8221;;\\n    s.setAttribute(\\&#8221;data-project-id\\&#8221;, \\&#8221;4428864e-2da6-4fef-a83c-c16c2dfe86d9\\&#8221;);\\n    s.async = true;\\n    document.head.appendChild(s);\\n  })();\\n\\u003C\/script>\\n\\n{{\/if}}\\n\\n\\u003Cscript>\\n  window.teads_analytics = window.teads_analytics || {};\\n  window.teads_analytics.analytics_tag_id = \\&#8221;PUB_26459\\&#8221;;\\n  window.teads_analytics.share = window.teads_analytics.share || function() {\\n    ;(window.teads_analytics.shared_data = window.teads_analytics.shared_data || []).push(arguments)\\n  };\\n\\u003C\/script>\\n\\u003Cscript type=\\&#8221;text\/plain\\&#8221; class=\\&#8221;optanon-category-C0004\\&#8221; src=\\&#8221;https:\/\/a.teads.tv\/analytics\/tag.js\\&#8221;>\\u003C\/script>\\n\\n{{#unless context.features.nolivesupply}}\\n\\u003Cscript async data-cfasync=\\&#8221;false\\&#8221; type=\\&#8221;text\/plain\\&#8221; class=\\&#8221;optanon-category-C0004\\&#8221; src=\\&#8221;https:\/\/live.demand.supply\/up.js\\&#8221;>\\u003C\/script>\\n{{\/unless}}\\n\\n\\u003Cscript type=\\&#8221;text\/plain\\&#8221; class=\\&#8221;optanon-category-C0004\\&#8221; src=\\&#8221;https:\/\/terrific.live\/terrific-sdk.js\\&#8221; storeid=\\&#8221;iN6X0VPTDIicsVPKX6p0\\&#8221;>\\u003C\/script>\\n\\n{{\/unless}}\\n\\u003Cstyle>\\n\\n.google-adposition:has(iframe) {\\n    background-image: none !important;\\n}\\n\\n.menu-fixed .menu .headContainer .google-auto-placed {\\n    display: none;\\n}\\n\\narticle header .title .google-auto-placed {\\n    display: none;\\n}\\n\\n#onetrust-banner-sdk #onetrust-accept-btn-handler {\\n        margin-bottom: 10px;\\n    }\\n\\n    #onetrust-banner-sdk #onetrust-reject-all-handler {\\n        visibility: hidden;\\n    }\\n\\u003C\/style>\\n&#8221;},&#8221;updated_at&#8221;:&#8221;2026-07-22T15:44:05.196Z&#8221;}},&#8221;last_changed&#8221;:&#8221;2026-09-01T07:40:08.781Z&#8221;,&#8221;page&#8221;:{&#8222;created_at&#8221;:&#8221;2026-08-19T18:57:11.447Z&#8221;,&#8221;created_by&#8221;:1,&#8221;custom_fields&#8221;:{},&#8221;domain&#8221;:&#8221;adevarul.ro&#8221;,&#8221;id&#8221;:99,&#8221;last_published_at&#8221;:&#8221;2026-08-19T18:57:12.918Z&#8221;,&#8221;name&#8221;:&#8221;Content layout (article)&#8221;,&#8221;published&#8221;:1,&#8221;s3_hash&#8221;:&#8221;a5e0764cf3bce051367545eab1538b4619e8ecb9&#8243;,&#8221;slug&#8221;:null,&#8221;title&#8221;:&#8221;Content layout&#8221;,&#8221;type&#8221;:&#8221;layout&#8221;,&#8221;updated_at&#8221;:&#8221;2022-07-21T08:27:20.732Z&#8221;,&#8221;version_id&#8221;:271},&#8221;path&#8221;:&#8221;\/sport\/florin-tanase-a-plecat-in-cipru-si-a-facut-lumina-2553133.html&#8221;,&#8221;pathArray&#8221;:[&#8222;&#8221;,&#8221;sport&#8221;,&#8221;florin-tanase-a-plecat-in-cipru-si-a-facut-lumina-2553133.html&#8221;],&#8221;type&#8221;:&#8221;content&#8221;,&#8221;url&#8221;:&#8221;https:\/\/adevarul.ro\/sport\/florin-tanase-a-plecat-in-cipru-si-a-facut-lumina-2553133.html&#8221;,&#8221;features&#8221;:{},&#8221;query&#8221;:{},&#8221;domain_config&#8221;:{&#8222;MISC&#8221;:{&#8222;logo&#8221;:{&#8222;width&#8221;:320,&#8221;height&#8221;:50}},&#8221;SYSTEM_TAGS&#8221;:[&#8222;noads&#8221;,&#8221;nocomments&#8221;,&#8221;sex&#8221;,&#8221;advert&#8221;,&#8221;advertorial&#8221;,&#8221;video&#8221;,&#8221;galerie&#8221;,&#8221;live&#8221;,&#8221;foto&#8221;,&#8221;exclusiv&#8221;,&#8221;analiza&#8221;,&#8221;interviu&#8221;,&#8221;reportaj&#8221;,&#8221;breaking news&#8221;],&#8221;default&#8221;:{&#8222;lang&#8221;:&#8221;ro&#8221;,&#8221;domain&#8221;:&#8221;adevarul.ro&#8221;,&#8221;alternateDomain&#8221;:&#8221;adevarul-ro.adh.reperio.news&#8221;,&#8221;friendlyName&#8221;:&#8221;Adev\u0103rul&#8221;,&#8221;logoURL&#8221;:&#8221;https:\/\/adevarul.ro\/favicon-144-precomposed.png&#8221;}},&#8221;client&#8221;:{&#8222;is_mobile&#8221;:false}}<\/p>\n","protected":false},"excerpt":{"rendered":"Florin T\u0103nase (31 de ani) a p\u0103r\u0103sit \u00een aceast\u0103 diminea\u021b\u0103 Rom\u00e2nia \u0219i\u00a0a plecat spre Cipru, dup\u0103 ce a&hellip;\n","protected":false},"author":2,"featured_media":282877,"comment_status":"","ping_status":"","sticky":false,"template":"","format":"standard","meta":{"footnotes":"","_share_on_mastodon":"0"},"categories":[20],"tags":[6999,269,4340,61743,41,40,38,39,185,184],"class_list":["post-282876","post","type-post","status-publish","format-standard","has-post-thumbnail","category-sport","tag-cipru","tag-fcsb","tag-florin-tanase","tag-omonia-nicosia","tag-ro","tag-romana","tag-romania","tag-romanian","tag-sport","tag-sports"],"share_on_mastodon":{"url":"https:\/\/pubeurope.com\/@ro\/117194939037542354","error":""},"_links":{"self":[{"href":"https:\/\/www.europesays.com\/ro\/wp-json\/wp\/v2\/posts\/282876","targetHints":{"allow":["GET"]}}],"collection":[{"href":"https:\/\/www.europesays.com\/ro\/wp-json\/wp\/v2\/posts"}],"about":[{"href":"https:\/\/www.europesays.com\/ro\/wp-json\/wp\/v2\/types\/post"}],"author":[{"embeddable":true,"href":"https:\/\/www.europesays.com\/ro\/wp-json\/wp\/v2\/users\/2"}],"replies":[{"embeddable":true,"href":"https:\/\/www.europesays.com\/ro\/wp-json\/wp\/v2\/comments?post=282876"}],"version-history":[{"count":0,"href":"https:\/\/www.europesays.com\/ro\/wp-json\/wp\/v2\/posts\/282876\/revisions"}],"wp:featuredmedia":[{"embeddable":true,"href":"https:\/\/www.europesays.com\/ro\/wp-json\/wp\/v2\/media\/282877"}],"wp:attachment":[{"href":"https:\/\/www.europesays.com\/ro\/wp-json\/wp\/v2\/media?parent=282876"}],"wp:term":[{"taxonomy":"category","embeddable":true,"href":"https:\/\/www.europesays.com\/ro\/wp-json\/wp\/v2\/categories?post=282876"},{"taxonomy":"post_tag","embeddable":true,"href":"https:\/\/www.europesays.com\/ro\/wp-json\/wp\/v2\/tags?post=282876"}],"curies":[{"name":"wp","href":"https:\/\/api.w.org\/{rel}","templated":true}]}}