{"id":283026,"date":"2026-09-01T10:46:14","date_gmt":"2026-09-01T10:46:14","guid":{"rendered":"https:\/\/www.europesays.com\/ro\/283026\/"},"modified":"2026-09-01T10:46:14","modified_gmt":"2026-09-01T10:46:14","slug":"vivo-t5-5g-ataca-zona-mid-range-cu-dimensity-7500-turbo-si-ecran-amoled-de-144-hz","status":"publish","type":"post","link":"https:\/\/www.europesays.com\/ro\/283026\/","title":{"rendered":"vivo T5 5G atac\u0103 zona mid-range cu Dimensity 7500 Turbo \u0219i ecran AMOLED de 144 Hz"},"content":{"rendered":"<p>vivo T5 5G va debuta \u00een India pe 2 septembrie, iar combina\u021bia aleas\u0103 de produc\u0103tor pune laolalt\u0103 o baterie de 7.050 mAh \u0219i un corp de numai 7,99 mm. Detaliile confirmate \u00eenaintea lans\u0103rii, \u00eel plaseaz\u0103 \u00een zona mid-range \u0219i \u00eel separ\u0103 de vivo T5 4G ap\u0103rut \u00een luna mai.<\/p>\n<p>Ecranul este un AMOLED curbat de 6,83 inch, cu rezolu\u021bie \u201e1.5K\u201d, refresh rate de p\u00e2n\u0103 la 144 Hz \u0219i luminozitate HBM de 2.000 ni\u021bi. La interior apare MediaTek Dimensity 7500 Turbo, un chipset cu conectivitate 5G. vivo pare s\u0103 mizeze astfel pe dou\u0103 cifre u\u0219or de pus pe afi\u0219: 144 Hz pentru display \u0219i 7.050 mAh pentru baterie.<\/p>\n<p>Specifica\u021bii vivo T5 5G<\/p>\n<ul>\n<li>Ecran: AMOLED curbat, 6,83 inch<\/li>\n<li>Rezolu\u021bie: \u201e1.5K\u201d<\/li>\n<li>Rat\u0103 de refresh: p\u00e2n\u0103 la 144 Hz<\/li>\n<li>Luminozitate HBM: p\u00e2n\u0103 la 2.000 ni\u021bi<\/li>\n<li>Procesor: MediaTek Dimensity 7500 Turbo<\/li>\n<li>Conectivitate: 5G<\/li>\n<li>Camer\u0103 principal\u0103: senzor Sony de 50 MP<\/li>\n<li>Baterie: 7.050 mAh<\/li>\n<li>Grosime: 7,99 mm<\/li>\n<li>Culori: Royal Bronze, Silver Green<\/li>\n<li>Lansare: 2 septembrie 2026, India<\/li>\n<\/ul>\n<p>Bateria este probabil detaliul care atrage cel mai repede aten\u021bia. Capacit\u0103\u021bi de peste 6.000 mAh nu mai sunt o raritate absolut\u0103 pe telefoanele recente &#8211; am v\u0103zut, de exemplu, <a href=\"https:\/\/www.mobilissimo.ro\/stiri-telefoane\/vivo-s20-si-s20-pro-sunt-aici\" rel=\"nofollow noopener\" target=\"_blank\">6.500 mAh pe vivo S20<\/a> &#8211; \u00eens\u0103 7.050 mAh \u00eentr-o carcas\u0103 sub 8 mm face combina\u021bia ceva mai interesant\u0103. P\u00e2n\u0103 la prezentarea complet\u0103 nu avem \u00eens\u0103 confirmate configura\u021biile de memorie \u0219i stocare.<\/p>\n<p class=\"photoGallery\"><a class=\"ui-action-gallery-overlay\" data-photo-gallery-id=\"15782\"><img class=\"articleGalleryPreviewImage\" src=\"https:\/\/www.europesays.com\/ro\/wp-content\/uploads\/2026\/09\/6a96a4396e75f.jpg\" alt=\"vivo T5 5G (galerie)\" width=\"1174\" height=\"1390\" loading=\"lazy\" decoding=\"async\"\/>vivo T5 5G (galerie)<\/a><\/p>\n<p>T5 5G pare foarte apropiat de <a href=\"https:\/\/www.mobilissimo.ro\/stiri-telefoane\/top-10-telefoane-midrange-in-antutu-11-in-iunie-2026-oppo-si-honor-isi-impart-topul\" rel=\"nofollow noopener\" target=\"_blank\">iQOO Z11<\/a> \u00een versiunea pentru India. Acesta din urm\u0103 are \u00eenc\u0103rcare pe fir la 44 W, camer\u0103 ultrawide de 8 MP \u0219i camer\u0103 selfie de 32 MP, dar aceste trei specifica\u021bii nu sunt \u00eenc\u0103 confirmate pentru vivo T5 5G \u0219i nu le-am inclus \u00een lista de mai sus. E o distinc\u021bie important\u0103, mai ales c\u00e2nd dou\u0103 telefoane \u00eenrudite ajung s\u0103 semene suficient c\u00e2t s\u0103 par\u0103 schimbate doar sigla \u0219i culoarea.<\/p>\n<p>vivo va prezenta oficial telefonul pe 2 septembrie \u00een India. Atunci ar trebui s\u0103 avem \u0219i configura\u021biile complete, pre\u021burile \u0219i restul detaliilor despre camere \u0219i \u00eenc\u0103rcare. Pentru context, telefoanele mid-range vivo au mai combinat ecrane AMOLED cu platforme MediaTek, iar un exemplu mai vechi testat de Mobilissimo este <a href=\"https:\/\/www.mobilissimo.ro\/recenzii-diverse\/vivo-v23-5g-review-detaliat\" rel=\"nofollow noopener\" target=\"_blank\">vivo V23 5G<\/a>.<\/p>\n","protected":false},"excerpt":{"rendered":"vivo T5 5G va debuta \u00een India pe 2 septembrie, iar combina\u021bia aleas\u0103 de produc\u0103tor pune laolalt\u0103 o&hellip;\n","protected":false},"author":2,"featured_media":283027,"comment_status":"","ping_status":"","sticky":false,"template":"","format":"standard","meta":{"footnotes":"","_share_on_mastodon":"0"},"categories":[16],"tags":[2271,50929,73743,77947,77946,41,40,38,39,141,124,69891,9048,75212],"class_list":["post-283026","post","type-post","status-publish","format-standard","has-post-thumbnail","category-tehnologie","tag-5g","tag-amoled","tag-baterie-7050-mah","tag-iqoo-z11","tag-mediatek-dimensity-7500-turbo","tag-ro","tag-romana","tag-romania","tag-romanian","tag-technology","tag-tehnologie","tag-telefoane-mid-range","tag-vivo","tag-vivo-t5-5g"],"share_on_mastodon":{"url":"https:\/\/pubeurope.com\/@ro\/117195386989620682","error":""},"_links":{"self":[{"href":"https:\/\/www.europesays.com\/ro\/wp-json\/wp\/v2\/posts\/283026","targetHints":{"allow":["GET"]}}],"collection":[{"href":"https:\/\/www.europesays.com\/ro\/wp-json\/wp\/v2\/posts"}],"about":[{"href":"https:\/\/www.europesays.com\/ro\/wp-json\/wp\/v2\/types\/post"}],"author":[{"embeddable":true,"href":"https:\/\/www.europesays.com\/ro\/wp-json\/wp\/v2\/users\/2"}],"replies":[{"embeddable":true,"href":"https:\/\/www.europesays.com\/ro\/wp-json\/wp\/v2\/comments?post=283026"}],"version-history":[{"count":0,"href":"https:\/\/www.europesays.com\/ro\/wp-json\/wp\/v2\/posts\/283026\/revisions"}],"wp:featuredmedia":[{"embeddable":true,"href":"https:\/\/www.europesays.com\/ro\/wp-json\/wp\/v2\/media\/283027"}],"wp:attachment":[{"href":"https:\/\/www.europesays.com\/ro\/wp-json\/wp\/v2\/media?parent=283026"}],"wp:term":[{"taxonomy":"category","embeddable":true,"href":"https:\/\/www.europesays.com\/ro\/wp-json\/wp\/v2\/categories?post=283026"},{"taxonomy":"post_tag","embeddable":true,"href":"https:\/\/www.europesays.com\/ro\/wp-json\/wp\/v2\/tags?post=283026"}],"curies":[{"name":"wp","href":"https:\/\/api.w.org\/{rel}","templated":true}]}}