{"id":283282,"date":"2026-09-01T14:06:16","date_gmt":"2026-09-01T14:06:16","guid":{"rendered":"https:\/\/www.europesays.com\/ro\/283282\/"},"modified":"2026-09-01T14:06:16","modified_gmt":"2026-09-01T14:06:16","slug":"clotilde-armand-condamnata-la-1-an-de-inchisoare-pentru-folosirea-functiei-pentru-favorizarea-unor-persoane-interdictie-si-pentru-candidatura","status":"publish","type":"post","link":"https:\/\/www.europesays.com\/ro\/283282\/","title":{"rendered":"Clotilde Armand, condamnat\u0103 la 1 an de \u00eenchisoare pentru folosirea func\u0163iei pentru favorizarea unor persoane. Interdic\u021bie \u0219i pentru candidatur\u0103"},"content":{"rendered":"<p>\t    <img loading=\"lazy\" decoding=\"async\" class=\"mg-x-auto\" width=\"30\" height=\"30\" src=\"https:\/\/www.europesays.com\/ro\/wp-content\/uploads\/2026\/09\/1788271576_323_google-g-w.png\" alt=\"\"\/>\t\t\t    <\/p>\n<p id=\"p-0\"><a style=\"color: #0000ff;\" href=\"https:\/\/portal.just.ro\/299\/SitePages\/Dosar.aspx?id_dosar=29900000001054268&amp;id_inst=299\" rel=\"nofollow noopener\" target=\"_blank\">Judec\u0103toria Sector 1 a stabilit condamnarea inculpatei<\/a> Armand Clotilde \u2013 Marie \u2013 Brigitte la pedeapsa de 1 an \u00eenchisoare, pentru s\u0103v\u00e2r\u015firea infrac\u0163iunii de folosirea func\u0163iei pentru favorizarea unor persoane \u00een form\u0103 continuat\u0103 (4 acte materiale).<\/p>\n<p>Interzicerea dreptului de a fi ales timp de 3 ani<\/p>\n<p id=\"p-1\">\u201e\u00cen temeiul art. 67 alin. (2) C.pen. raportat la art. 66 alin. (1) lit. a) \u015fi b) C.pen., stabile\u015fte inculpatei pedeapsa complementar\u0103 a interzicerii exercitarii dreptului de a fi ales\u0103 \u00een autorit\u0103\u0163ile publice sau \u00een orice alte func\u0163ii publice \u015fi dreptului de a ocupa o func\u0163ie ce implic\u0103 exerci\u0163iul autorit\u0103\u0163ii de stat pe o perioad\u0103 de 3 ani, care se va executa \u00een cazul anul\u0103rii sau revoc\u0103rii am\u00e2n\u0103rii aplic\u0103rii pedepsei principale.<\/p>\n<p id=\"p-2\">\u00cen temeiul art. 65 alin. (1) C.pen. raportat la art. 66 alin. (1) lit. a) \u015fi b) C.pen., stabile\u015fte inculpatei pedeapsa accesorie a interzicerii exercitarii dreptului de a fi ales\u0103 \u00een autorit\u0103\u0163ile publice sau \u00een orice alte func\u0163ii publice \u015fi dreptul de a ocupa o func\u0163ie ce implic\u0103 exerci\u0163iul autorit\u0103\u0163ii de stat, care se va executa \u00een cazul anul\u0103rii sau revoc\u0103rii am\u00e2n\u0103rii aplic\u0103rii pedepsei principale\u201d, a decis instan\u021ba de judecat\u0103.<\/p>\n<p>Am\u00e2narea aplic\u0103rii pedepsei timp de 1 an pe durata de supraveghere de 2 ani<\/p>\n<p id=\"p-3\">Judec\u0103torii au dispus \u00een acest caz \u201eam\u00e2narea aplic\u0103rii pedepsei de 1 an \u00eenchisoare pe durata unui termen de supraveghere de 2 ani, ce se calculeaz\u0103 de la data r\u0103m\u00e2nerii definitive a prezentei hot\u0103r\u00e2ri, pe parcursul c\u0103ruia, \u00een considerare prevederilor art. 85 alin. (1) C.pen., inculpatei \u00eei revine obliga\u0163ia de a respecta urm\u0103toarele m\u0103suri de supraveghere:<\/p>\n<p id=\"p-4\">a) s\u0103 se prezinte la Serviciul de Proba\u0163iune Bucure\u015fti la datele fixate de acesta;<\/p>\n<p id=\"p-5\">b) s\u0103 primeasc\u0103 vizitele consilierului de proba\u0163iune desemnat cu supravegherea sa;<\/p>\n<p id=\"p-6\">c) s\u0103 anun\u0163e, \u00een prealabil, schimbarea locuin\u0163ei \u015fi orice deplasare care dep\u0103\u015fe\u015fte 5 zile, precum \u015fi \u00eentoarcerea; d) s\u0103 comunice schimbarea locului de munc\u0103;<\/p>\n<p id=\"p-7\">e) s\u0103 comunice informa\u0163ii \u015fi documente de natur\u0103 a permite controlul mijloacelor sale de existen\u0163\u0103. \u00cen temeiul art. 86 alin. (1) C.pen., pe durata termenului de supraveghere, datele prev\u0103zute \u00een art. 85 alin. (1) lit. c) \u2013 e) C.pen. se comunic\u0103 Serviciului de Proba\u0163iune Bucure\u015fti\u201d<\/p>\n<p>Confiscarea sumei de 18.720 de lei<\/p>\n<p id=\"p-8\">\u201e\u00cen temeiul art. 404 alin. (3) C.pr.pen raportat la art. 83 alin. (4) teza a II-a C.pen., atrage aten\u0163ia inculpatei asupra dispozi\u0163iilor art. 88 C.pen., referitoare la revocarea am\u00e2n\u0103rii aplic\u0103rii pedepsei cu consecin\u0163a aplic\u0103rii \u015fi execut\u0103rii pedepsei ini\u0163ial am\u00e2nate, \u00een cazul nerespect\u0103rii m\u0103surilor de supraveghere, a obliga\u0163iilor impuse sau al s\u0103v\u00e2r\u015firii de noi infrac\u0163iuni \u00een cursul termenului de supraveghere.<\/p>\n<p id=\"p-9\">\u00cen temeiul art. 112 alin. (1) lit. e) C.pen., dispune confiscarea sumei de 18.720 lei.<\/p>\n<p id=\"p-10\">\u00cen temeiul art. 274 alin. (1) teza I C.pr.pen., oblig\u0103 pe inculpat\u0103 la plata cheltuielilor judiciare avansate de stat \u00een cuantum de 2000 lei, din care suma de 1000 lei aferent\u0103 fazei de urm\u0103rire penal\u0103, suma de 500 lei aferent\u0103 fazei de camer\u0103 preliminar\u0103 \u015fi suma de 500 lei aferent\u0103 fazei de judecat\u0103. Cu drept de apel \u00een termen de 10 zile de la comunicarea copiei sentin\u0163ei penale. Pronun\u0163at\u0103 prin punerea hot\u0103r\u00e2rii la dispozi\u0163ia inculpatei \u015fi procurorului prin mijlocirea grefei instan\u0163ei, ast\u0103zi, 31.08.2026\u2033.<\/p>\n<p id=\"p-11\">Decizia nu este definitiv\u0103.<\/p>\n<p>Clotilde Armand: \u201eVom ataca \u00een apel\u201d<\/p>\n<p id=\"p-12\"><a style=\"color: #0000ff;\" href=\"https:\/\/www.facebook.com\/clotildearmand.ro\/posts\/pfbid0R3EtsXdsFFVER2H8nGvcUQrFVEDBUfMDsgReRz2FYFiWi5MZMR5kJSz7WCBaB3Qal?rdid=5jcMcq1uZHUZ3Qwl#\" rel=\"nofollow noopener\" target=\"_blank\">\u00centr-o reac\u021bie pe re\u021belele de socializare<\/a>, Clotilde Armand a recunoscut c\u0103 ast\u0103zi c\u0103 \u201ejudec\u0103toria Sectorului 1 a dispus am\u00e2narea aplic\u0103rii pedepsei \u00een dosarul privind presupusul conflict de interese, dup\u0103 ani \u00eentregi de h\u0103r\u021buire prin instan\u021be \u00eentr-un dosar penibil, pornit \u00een urma unei sesiz\u0103ri venite dinspre PSD \u0219i ajuns s\u0103 fie judecat \u00een acest context pe care \u00eel cunoa\u0219tem cu to\u021bii.<\/p>\n<p>S\u0103 fie foarte clar: instan\u021ba a stabilit ast\u0103zi o pedeaps\u0103 de un an, dar a dispus am\u00e2narea aplic\u0103rii acesteia. Nu exist\u0103 niciun prejudiciu stabilit \u00een acest dosar. Zero lei. \u0218i pesedi\u0219tii \u0219tiu asta.<\/p>\n<p>Nu vorbim despre executarea unei pedepse cu \u00eenchisoarea sau despre alte n\u0103zb\u00e2tii din retorica pesedist\u0103\u201d.<\/p>\n<p>Fostul primar precizeaz\u0103 c\u0103 hot\u0103r\u00e2rea nu este definitiv\u0103 \u0219i o va\u00a0 ataca \u00een apel.<\/p>\n<p>\u201eAm sus\u021binut de la \u00eenceput c\u0103 am ac\u021bionat legal, cu bun\u0103-credin\u021b\u0103 \u0219i f\u0103r\u0103 s\u0103 urm\u0103resc ob\u021binerea vreunui folos necuvenit. Voi lupta p\u00e2n\u0103 la cap\u0103t, inclusiv pentru c\u0103 exist\u0103 foarte multe \u00eentreb\u0103ri legate de parcursul acestui dosar.<\/p>\n<p>Pu\u021bin\u0103 lume \u0219tie c\u0103 prima dat\u0103 c\u00e2nd a sunat Lia a fost la Sectorul 1. \u00cenainte s\u0103 se \u0219tie de materialul jurnali\u0219tilor Recorder. Patru procurori s-au succedat \u00een instrumentarea dosarului. Completul de judecat\u0103 a fost schimbat peste noapte. \u0218i mai sunt multe alte \u201enecunoscute\u201d despre care voi vorbi la momentul potrivit. Ani de zile, acest dosar a fost folosit ca arm\u0103 politic\u0103. Am fost declarat\u0103 \u201epenal\u0103\u201d de adversarii mei \u00eenainte s\u0103 existe o hot\u0103r\u00e2re definitiv\u0103. Unii m\u0103 vedeau deja la pu\u0219c\u0103rie. Al\u021bii \u00eemi anun\u021bau sf\u00e2r\u0219itul carierei politice. S-au gr\u0103bit.<\/p>\n<p>\u00cemi continui activitatea \u0219i \u00eemi continui lupta \u00een apel, cu aceea\u0219i determinare de p\u00e2n\u0103 acum. Le mul\u021bumesc tuturor celor care au \u00een\u021beles c\u0103 justi\u021bia trebuie f\u0103cut\u0103 \u00een instan\u021b\u0103, pe baza probelor, nu la televizor \u0219i nu la comand\u0103 politic\u0103.<\/p>\n<p>P.S. \u0218i ca s\u0103 fie limpede pentru cei care s-au gr\u0103bit s\u0103-mi \u00eencheie cariera politic\u0103: \u00een baza acestei hot\u0103r\u00e2ri, nu am \u00een acest moment nicio interdic\u021bie \u00een vigoare privind dreptul de a fi aleas\u0103 \u0219i de a candida. Dle Grindeanu, nu ne scoate\u021bi din politic\u0103 prin dosare penibile \u0219i nu ne intimida\u021bi. Nici pe mine, nici pe <a class=\"x1i10hfl xjbqb8w x1ejq31n x18oe1m7 x1sy0etr xstzfhl x972fbf x10w94by x1qhh985 x14e42zd x9f619 x1ypdohk xt0psk2 x3ct3a4 xdj266r x14z9mp xat24cr x1lziwak xexx8yu xyri2b x18d9i69 x1c1uobl x16tdsg8 x1hl2dhg xggy1nq x1a2a7pz xkrqix3 x1sur9pj x1fey0fg x1s688f\" tabindex=\"0\" role=\"link\" href=\"https:\/\/www.facebook.com\/dominicprimar?__cft__%5B0%5D=AZbxq8ht5oVNH3NjKB470xhq_kavj3FGP6eK4iET6p3_iKvz4ViVId4zDeDdyQsqFrpkLMqz9797d5j9tm3NyiUZOLwB75clo8wGSLKjYAD4LHNetp4GMGFociZ43LjA3eSNwT2VP9O17cbbY-avoRFQe4I6ONGsmHTaeaTMuYaIbQ&amp;__tn__=-%5DK-R\" rel=\"nofollow noopener\" target=\"_blank\">Dominic Fritz<\/a> sau pe alt om care lupt\u0103 \u00eempotriva unui stat capturat. Dimpotriv\u0103. Ne face\u021bi \u0219i mai hot\u0103r\u00e2\u021bi.<\/p>\n<p>P.P.S.: ANI a fost condus\u0103 la momentul pl\u00e2ngerii de fratele unui pesedist din Ministerul Agriculturii. ANI este condus\u0103 acum de fostul consilier al lui Mihai Tudose (PSD)\u201d\u201d, sus\u021bine Armand.<\/p>\n<p id=\"p-13\">Procesul a fost deschis \u00een urma unei sesiz\u0103ri transmise de Agen\u021bia Na\u021bional\u0103 de Integritate (ANI). Inspectorii integrit\u0103\u021bii au reclamat faptul c\u0103 Clotilde Armand s-a numit singur\u0103 \u00een func\u021bia de manager al unui proiect anticorup\u021bie finan\u021bat din fonduri europene \u0219i a semnat dispozi\u021bii prin care \u0219i-a majorat propria indemniza\u021bie lunar\u0103 cu p\u00e2n\u0103 la 30%.<\/p>\n","protected":false},"excerpt":{"rendered":"Judec\u0103toria Sector 1 a stabilit condamnarea inculpatei Armand Clotilde \u2013 Marie \u2013 Brigitte la pedeapsa de 1 an&hellip;\n","protected":false},"author":2,"featured_media":283283,"comment_status":"","ping_status":"","sticky":false,"template":"","format":"standard","meta":{"footnotes":"","_share_on_mastodon":"0"},"categories":[5],"tags":[32,33,31,27420,23696,77993,36,37,27,2929,5465,34,35,25,41,40,38,39,26,77994,28,29,30],"class_list":["post-283282","post","type-post","status-publish","format-standard","has-post-thumbnail","category-titluri","tag-breaking-news","tag-breakingnews","tag-cele-mai-populare-subiecte","tag-clotilde-armand","tag-condamnata","tag-favorizarea-unor-persoane-in-forma-continuata","tag-featured-news","tag-featurednews","tag-headlines","tag-inchisoare","tag-judecatori","tag-latest-news","tag-latestnews","tag-news","tag-ro","tag-romana","tag-romania","tag-romanian","tag-stiri","tag-termen-de-incercare","tag-titluri","tag-top-stories","tag-topstories"],"share_on_mastodon":{"url":"https:\/\/pubeurope.com\/@ro\/117196173571332144","error":""},"_links":{"self":[{"href":"https:\/\/www.europesays.com\/ro\/wp-json\/wp\/v2\/posts\/283282","targetHints":{"allow":["GET"]}}],"collection":[{"href":"https:\/\/www.europesays.com\/ro\/wp-json\/wp\/v2\/posts"}],"about":[{"href":"https:\/\/www.europesays.com\/ro\/wp-json\/wp\/v2\/types\/post"}],"author":[{"embeddable":true,"href":"https:\/\/www.europesays.com\/ro\/wp-json\/wp\/v2\/users\/2"}],"replies":[{"embeddable":true,"href":"https:\/\/www.europesays.com\/ro\/wp-json\/wp\/v2\/comments?post=283282"}],"version-history":[{"count":0,"href":"https:\/\/www.europesays.com\/ro\/wp-json\/wp\/v2\/posts\/283282\/revisions"}],"wp:featuredmedia":[{"embeddable":true,"href":"https:\/\/www.europesays.com\/ro\/wp-json\/wp\/v2\/media\/283283"}],"wp:attachment":[{"href":"https:\/\/www.europesays.com\/ro\/wp-json\/wp\/v2\/media?parent=283282"}],"wp:term":[{"taxonomy":"category","embeddable":true,"href":"https:\/\/www.europesays.com\/ro\/wp-json\/wp\/v2\/categories?post=283282"},{"taxonomy":"post_tag","embeddable":true,"href":"https:\/\/www.europesays.com\/ro\/wp-json\/wp\/v2\/tags?post=283282"}],"curies":[{"name":"wp","href":"https:\/\/api.w.org\/{rel}","templated":true}]}}