{"id":283302,"date":"2026-09-01T14:28:11","date_gmt":"2026-09-01T14:28:11","guid":{"rendered":"https:\/\/www.europesays.com\/ro\/283302\/"},"modified":"2026-09-01T14:28:11","modified_gmt":"2026-09-01T14:28:11","slug":"unde-a-fost-surprins-florin-tanase-in-ziua-in-care-a-plecat-de-la-fcsb","status":"publish","type":"post","link":"https:\/\/www.europesays.com\/ro\/283302\/","title":{"rendered":"Unde a fost surprins Florin T\u0103nase, \u00een ziua \u00een care a plecat de la FCSB"},"content":{"rendered":"\n<ul class=\"bullets\">\n<li>\n<p>Cupa Rom\u00e2niei: U Cluj &#8211; Petrolul, mar\u021bi, 21:00, DGS 1<\/p>\n<\/li>\n<li>\n<p>Cupa Rom\u00e2niei: Sepsi &#8211; CFR Cluj, mar\u021bi, 18:00, DGS 1<\/p>\n<\/li>\n<\/ul>\n<p>C\u0103pitanul FCSB-ului nu a plecat \u00een cele mai bune condi\u021bii de la echip\u0103. Florin T\u0103nase a fost implicat \u00eentr-un moment tensionat la un antrenament, a fost exclus mai apoi din lot \u0219i <a href=\"https:\/\/www.digisport.ro\/fotbal\/liga-1\/florin-tanase-a-auzit-ce-a-spus-mm-stoica-si-nu-s-a-putut-abtine-cum-le-place-unora-4459993\" data-skip-linkfix=\"1\" rel=\"nofollow noopener\" target=\"_blank\">s-a contrat public cu MM Stoica.<\/a><\/p>\n<p>Florin T\u0103nase, prezent la meciul Omoniei Nicosia de luni searaGalerie Foto<\/p>\n<p>Ulterior, <a href=\"https:\/\/www.digisport.ro\/fotbal\/liga-1\/florin-tanase-a-plecat-de-la-fcsb-gigi-becali-anunt-in-direct-la-tv-a-semnat-deja-contractul-4459167\" target=\"_blank\" rel=\"noopener nofollow\" data-skip-linkfix=\"1\">Florin T\u0103nase a decis s\u0103 dea curs unei oferte de la Omonia Nicosia<\/a>. Fotbalistul a plecat \u00eenc\u0103 de luni, 31 august, \u00een Cipru \u0219i a efectuat deja testele medicale al\u0103turi de noua sa forma\u021bie.<\/p>\n<p>Apoi, seara, Florin T\u0103nase<a href=\"https:\/\/sportime.sigmalive.com\/kleinei-toy-tanase-stin-omonoia\/\" data-skip-linkfix=\"1\" target=\"_blank\" rel=\"nofollow noopener\"> a fost \u00een tribune<\/a> la meciul dintre Omonia Nicosia \u0219i Omonia Aradippou (0-0), programat \u00een prima etap\u0103 din Cipru. Interna\u021bionalul rom\u00e2n urmeaz\u0103 s\u0103 fie prezentat oficial \u00een cursul zilei de mar\u021bi, 1 septembrie.<\/p>\n<p>Pentru T\u0103nase va fi a treia experien\u021b\u0103 \u00een afara Rom\u00e2niei, dup\u0103 Al-Jazira (Emiratele Arabe Unite) \u0219i Al-Ohkdood (Arabia Saudit\u0103).<\/p>\n<p>Florin T\u0103nase i-a cucerit deja pe ciprio\u021bi, dup\u0103 transferul la Omonia Nicosia: &#8222;Maestrul dintre linii&#8221;<\/p>\n<p>Florin T\u0103nase a ajuns \u00een Cipru \u00eenc\u0103 de ieri \u0219i urmeaz\u0103 s\u0103 fie prezentat oficial la Omonia Nicosia. \u00cenainte de asta, jurnali\u0219tii din zon\u0103 i-au dedicat un \u00eentreg articol fostului c\u0103pitan de la FCSB \u0219i au avut doar cuvinte de laud\u0103 la adresa acestuia.<\/p>\n<p>&#8222;Transferul oficial al lui Florin T\u0103nase de c\u0103tre Omonia pare s\u0103 fie doar o chestiune de timp. Interna\u021bionalul rom\u00e2n \u00een v\u00e2rst\u0103 de 31 de ani vine pentru a prelua rolul de mijloca\u0219 ofensiv coordonator, ad\u0103ug\u00e2nd calitate, personalitate \u0219i o inteligen\u021b\u0103 fotbalistic\u0103 rar\u0103 jocului verzilor.<\/p>\n<p>Maestrul dintre linii.<\/p>\n<p>T\u0103nase evolueaz\u0103 pe pozi\u021bia de mijloca\u0219 ofensiv, capabil s\u0103 fac\u0103 diferen\u021ba \u00een fotbalul modern. Este un fotbalist care se deplaseaz\u0103 de obicei \u00een spa\u021biul dintre linia defensiv\u0103 \u0219i mijlocul terenului advers.<\/p>\n<p>Prime\u0219te mingea \u00een zone periculoase, se \u00eentoarce spre poart\u0103 \u0219i cite\u0219te jocul \u00eenaintea celorlal\u021bi, oferind pase verticale care deblocheaz\u0103 ap\u0103r\u0103rile adverse.<\/p>\n<p>Pe l\u00e2ng\u0103 capacitatea sa de a-i servi pe atacan\u021bi \u0219i de a deschide jocul spre flancuri, mijloca\u0219ul ofensiv rom\u00e2n are calitatea de a amenin\u021ba \u0219i el poarta advers\u0103. Av\u00e2nd piciorul drept drept principal\u0103 arm\u0103, mijloca\u0219ul \u00een v\u00e2rst\u0103 de 31 de ani combin\u0103 libertatea de mi\u0219care a tradi\u021bionalului num\u0103r 10 cu cerin\u021bele fotbalului modern.<\/p>\n<p>\u00cen acela\u0219i timp, are o percep\u021bie excelent\u0103 a spa\u021biului \u0219i se remarc\u0103 prin faptul c\u0103 \u0219tie unde se afl\u0103 coechipierii \u0219i adversarii chiar \u00eenainte de a primi mingea, av\u00e2nd deja decis\u0103 urm\u0103toarea sa mi\u0219care.<\/p>\n<p>\u00cen plus, a\u0219a cum am men\u021bionat anterior, este un executant deosebit de valoros. Cu 138 de goluri marcate \u00een carier\u0103, poate \u00eenscrie \u00een aproape orice fel, av\u00e2nd un \u0219ut foarte puternic cu piciorul drept&#8221;,\u00a0<a href=\"https:\/\/www.24sports.com.cy\/gr\/sports\/podosfairo\/kypros\/a-katigoria\/omonoia\/omonoia-epitelikos-mesos-me-ta-ola-toy-profil-tanase\" target=\"_blank\" rel=\"noopener nofollow\" data-skip-linkfix=\"1\">au scris ciprio\u021bii.<\/a><\/p>\n<p>  Etichete:  <a href=\"https:\/\/www.digisport.ro\/eticheta\/transfer\" rel=\"nofollow noopener\" target=\"_blank\">transfer<\/a> , <a href=\"https:\/\/www.digisport.ro\/eticheta\/romania\" rel=\"nofollow noopener\" target=\"_blank\">romania<\/a> , <a href=\"https:\/\/www.digisport.ro\/eticheta\/cipru\" rel=\"nofollow noopener\" target=\"_blank\">cipru<\/a> , <a href=\"https:\/\/www.digisport.ro\/eticheta\/omonia-nicosia\" rel=\"nofollow noopener\" target=\"_blank\">omonia nicosia<\/a> , <a href=\"https:\/\/www.digisport.ro\/eticheta\/florin-tanase\" rel=\"nofollow noopener\" target=\"_blank\">florin tanase<\/a> , <a href=\"https:\/\/www.digisport.ro\/eticheta\/fcsb\" rel=\"nofollow noopener\" target=\"_blank\">fcsb<\/a>   <\/p>\n<p>Urm\u0103re\u0219te \u0219tirile digisport.ro \u0219i pe <a href=\"https:\/\/news.google.com\/publications\/CAAiENr1L9HFNMG5hpp5zTfVtpsqFAgKIhDa9S_RxTTBuYaaec031bab?ceid=RO:ro&amp;oc=3\" target=\"_blank\" rel=\"external nofollow noopener\">Google News<\/a><\/p>\n<p>   Noua Aplica\u0163ie Digi Sport poate fi desc\u0103rcat\u0103 din   <\/p>\n","protected":false},"excerpt":{"rendered":"Cupa Rom\u00e2niei: U Cluj &#8211; Petrolul, mar\u021bi, 21:00, DGS 1 Cupa Rom\u00e2niei: Sepsi &#8211; CFR Cluj, mar\u021bi, 18:00,&hellip;\n","protected":false},"author":2,"featured_media":283303,"comment_status":"","ping_status":"","sticky":false,"template":"","format":"standard","meta":{"footnotes":"","_share_on_mastodon":"0"},"categories":[20],"tags":[6999,269,4340,61743,41,40,38,39,185,184,379],"class_list":["post-283302","post","type-post","status-publish","format-standard","has-post-thumbnail","category-sport","tag-cipru","tag-fcsb","tag-florin-tanase","tag-omonia-nicosia","tag-ro","tag-romana","tag-romania","tag-romanian","tag-sport","tag-sports","tag-transfer"],"share_on_mastodon":{"url":"https:\/\/pubeurope.com\/@ro\/117196259479789247","error":""},"_links":{"self":[{"href":"https:\/\/www.europesays.com\/ro\/wp-json\/wp\/v2\/posts\/283302","targetHints":{"allow":["GET"]}}],"collection":[{"href":"https:\/\/www.europesays.com\/ro\/wp-json\/wp\/v2\/posts"}],"about":[{"href":"https:\/\/www.europesays.com\/ro\/wp-json\/wp\/v2\/types\/post"}],"author":[{"embeddable":true,"href":"https:\/\/www.europesays.com\/ro\/wp-json\/wp\/v2\/users\/2"}],"replies":[{"embeddable":true,"href":"https:\/\/www.europesays.com\/ro\/wp-json\/wp\/v2\/comments?post=283302"}],"version-history":[{"count":0,"href":"https:\/\/www.europesays.com\/ro\/wp-json\/wp\/v2\/posts\/283302\/revisions"}],"wp:featuredmedia":[{"embeddable":true,"href":"https:\/\/www.europesays.com\/ro\/wp-json\/wp\/v2\/media\/283303"}],"wp:attachment":[{"href":"https:\/\/www.europesays.com\/ro\/wp-json\/wp\/v2\/media?parent=283302"}],"wp:term":[{"taxonomy":"category","embeddable":true,"href":"https:\/\/www.europesays.com\/ro\/wp-json\/wp\/v2\/categories?post=283302"},{"taxonomy":"post_tag","embeddable":true,"href":"https:\/\/www.europesays.com\/ro\/wp-json\/wp\/v2\/tags?post=283302"}],"curies":[{"name":"wp","href":"https:\/\/api.w.org\/{rel}","templated":true}]}}