{"id":283444,"date":"2026-09-01T16:27:09","date_gmt":"2026-09-01T16:27:09","guid":{"rendered":"https:\/\/www.europesays.com\/ro\/283444\/"},"modified":"2026-09-01T16:27:09","modified_gmt":"2026-09-01T16:27:09","slug":"ce-nebunie-denis-dragus-fata-in-fata-cu-o-rasturnare-spectaculoasa-de-situatie","status":"publish","type":"post","link":"https:\/\/www.europesays.com\/ro\/283444\/","title":{"rendered":"Ce &#8222;nebunie&#8221;: Denis Dr\u0103gu\u0219, fa\u021b\u0103 \u00een fa\u021b\u0103 cu o r\u0103sturnare spectaculoas\u0103 de situa\u021bie!"},"content":{"rendered":"\n<ul class=\"bullets\">\n<li>\n<p>Cupa Rom\u00e2niei: U Cluj &#8211; Petrolul, mar\u021bi, 21:00, DGS 1<\/p>\n<\/li>\n<li>\n<p>Cupa Rom\u00e2niei: Sporting Lie\u0219ti &#8211; Dinamo, miercuri, 19:00, DGS 1<\/p>\n<\/li>\n<\/ul>\n<p>Banca tehnic\u0103 a grup\u0103rii din Turcia a \u00eenceput s\u0103 sc\u00e2r\u021b\u00e2ie serios de s\u0103pt\u0103m\u00e2na trecut\u0103, c\u00e2nd <a href=\"https:\/\/www.digisport.ro\/fotbal\/europa-league\/trabzonspor-nu-i-a-acceptat-demisia-antrenorului-dupa-umilinta-din-europa-denis-dragus-afectat-direct-4454359\" target=\"_blank\" rel=\"noopener nofollow\" data-skip-linkfix=\"1\">Fatih Tekke \u0219i-a dat demisia<\/a> dup\u0103 meciul cu Ferencvaros, pierdut cu 0-5. Conducerea nu i-a acceptat-o, dar \u00een cele din urm\u0103 s-a ajuns la acela\u0219i lucru c\u00e2teva zile mai t\u00e2rziu.\u00a0<\/p>\n<p>Trabzonspor a r\u0103mas f\u0103r\u0103 antrenor. Denis Dr\u0103gu\u0219 ar putea continua \u00een Turcia\u00a0<\/p>\n<p>Mar\u021bi, <a href=\"https:\/\/www.61saat.com\/trabzonsporda-fatih-tekke-ile-yollar-ayrildi\" target=\"_blank\" rel=\"noopener nofollow\" data-skip-linkfix=\"1\">presa din Turcia<\/a> a anun\u021bat c\u0103 Fatih Tekke a fost eliberat din func\u021bie cu efect imediat. P\u00e2n\u0103 la urm\u0103, a fost o desp\u0103r\u021bire de comun acord \u00eentre Trabzonspor \u0219i antrenorul de 48 de ani.\u00a0<\/p>\n<p>Cu o zi \u00een urm\u0103, Trabzonspor a pierdut cu 1-2 pe terenul nou-promovatei Amedspor, iar rezultatul i-a convins pe \u0219efii echipei c\u0103 mandatul lui Fatih Tekke chiar ar trebui \u00eencheiat.\u00a0<\/p>\n<p>Plecarea antrenorului turc i-ar putea schimba soarta \u0219i lui Denis Dr\u0103gu\u0219, care \u0219i-a negociat vara aceasta plecarea de la Trabzonspor tocmai din cauza lui Fatih Tekke.\u00a0<\/p>\n<p>Fostul tehnician al lui Trabzonspor i-a transmis c\u0103 nu \u00eel include \u00een planurile pentru sezonul \u00eenceput recent \u0219i nu i-a acordat niciun minut \u00een cantonamentul de var\u0103 \u0219i \u00een primele meciuri oficiale.\u00a0<\/p>\n<p>Acum, Denis Dr\u0103gu\u0219 ar putea avea noroc de un antrenor care s\u0103 \u00eel includ\u0103 \u00een proiectul s\u0103u. Atacantul central nu a ajuns la un acord cu Trabzonspor pentru rezilierea contractului, a\u0219a c\u0103 \u00eenc\u0103 reprezint\u0103 o eventual\u0103 solu\u021bie pentru succesorul lui Fatih Tekke.\u00a0<\/p>\n<p>Cu at\u00e2t mai mult cu c\u00e2t Trabzonspor nu a reu\u0219it nici s\u0103 \u00eel transfere pe Darwin Nunez, atacant central. Uruguayanul a ajuns \u00een cele din urm\u0103 la Al-Diriyah, sub form\u0103 de \u00eemprumut de la Al-Hilal.\u00a0<\/p>\n<p>Denis Dr\u0103gu\u0219 era a\u0219teptat s\u0103 semneze cu FCSB\u00a0<\/p>\n<p>Weekendul trecut, Denis Dr\u0103gu\u0219 a revenit temporar \u00een Rom\u00e2nia, iar \u00een spa\u021biul public s-a scris c\u0103 interna\u021bionalul rom\u00e2n urmeaz\u0103 s\u0103 ia cur\u00e2nd o decizie final\u0103 cu privire la transferul s\u0103u.\u00a0<\/p>\n<p>Mar\u021bi, \u00eenainte ca Trabzonspor s\u0103 renun\u021be la Fatih Tekke, Gigi Becali s-a \u00eent\u00e2lnit cu impresarii lui Denis Dr\u0103gu\u0219 pentru a negocia transferul la FCSB.\u00a0<\/p>\n<p>Cum \u00eentre timp datele problemei s-au schimbat, r\u0103m\u00e2ne de v\u0103zut dac\u0103 plecarea lui Fatih Tekke va afecta sau nu transferul lui Denis Dr\u0103gu\u0219 la gruparea ro\u0219-albastr\u0103.\u00a0<\/p>\n<p>  Etichete:  <a href=\"https:\/\/www.digisport.ro\/eticheta\/gigi-becali\" rel=\"nofollow noopener\" target=\"_blank\">gigi becali<\/a> , <a href=\"https:\/\/www.digisport.ro\/eticheta\/trabzonspor\" rel=\"nofollow noopener\" target=\"_blank\">trabzonspor<\/a> , <a href=\"https:\/\/www.digisport.ro\/eticheta\/transfer-fcsb\" rel=\"nofollow noopener\" target=\"_blank\">transfer fcsb<\/a> , <a href=\"https:\/\/www.digisport.ro\/eticheta\/denis-dragus\" rel=\"nofollow noopener\" target=\"_blank\">denis dragus<\/a> , <a href=\"https:\/\/www.digisport.ro\/eticheta\/fatih-tekke\" rel=\"nofollow noopener\" target=\"_blank\">fatih tekke<\/a>   <\/p>\n<p>Urm\u0103re\u0219te \u0219tirile digisport.ro \u0219i pe <a href=\"https:\/\/news.google.com\/publications\/CAAiENr1L9HFNMG5hpp5zTfVtpsqFAgKIhDa9S_RxTTBuYaaec031bab?ceid=RO:ro&amp;oc=3\" target=\"_blank\" rel=\"external nofollow noopener\">Google News<\/a><\/p>\n<p>   Noua Aplica\u0163ie Digi Sport poate fi desc\u0103rcat\u0103 din   <\/p>\n","protected":false},"excerpt":{"rendered":"Cupa Rom\u00e2niei: U Cluj &#8211; Petrolul, mar\u021bi, 21:00, DGS 1 Cupa Rom\u00e2niei: Sporting Lie\u0219ti &#8211; Dinamo, miercuri, 19:00,&hellip;\n","protected":false},"author":2,"featured_media":283445,"comment_status":"","ping_status":"","sticky":false,"template":"","format":"standard","meta":{"footnotes":"","_share_on_mastodon":"0"},"categories":[20],"tags":[3811,74254,196,41,40,38,39,185,184,16217,380],"class_list":["post-283444","post","type-post","status-publish","format-standard","has-post-thumbnail","category-sport","tag-denis-dragus","tag-fatih-tekke","tag-gigi-becali","tag-ro","tag-romana","tag-romania","tag-romanian","tag-sport","tag-sports","tag-trabzonspor","tag-transfer-fcsb"],"share_on_mastodon":{"url":"https:\/\/pubeurope.com\/@ro\/117196727631011902","error":""},"_links":{"self":[{"href":"https:\/\/www.europesays.com\/ro\/wp-json\/wp\/v2\/posts\/283444","targetHints":{"allow":["GET"]}}],"collection":[{"href":"https:\/\/www.europesays.com\/ro\/wp-json\/wp\/v2\/posts"}],"about":[{"href":"https:\/\/www.europesays.com\/ro\/wp-json\/wp\/v2\/types\/post"}],"author":[{"embeddable":true,"href":"https:\/\/www.europesays.com\/ro\/wp-json\/wp\/v2\/users\/2"}],"replies":[{"embeddable":true,"href":"https:\/\/www.europesays.com\/ro\/wp-json\/wp\/v2\/comments?post=283444"}],"version-history":[{"count":0,"href":"https:\/\/www.europesays.com\/ro\/wp-json\/wp\/v2\/posts\/283444\/revisions"}],"wp:featuredmedia":[{"embeddable":true,"href":"https:\/\/www.europesays.com\/ro\/wp-json\/wp\/v2\/media\/283445"}],"wp:attachment":[{"href":"https:\/\/www.europesays.com\/ro\/wp-json\/wp\/v2\/media?parent=283444"}],"wp:term":[{"taxonomy":"category","embeddable":true,"href":"https:\/\/www.europesays.com\/ro\/wp-json\/wp\/v2\/categories?post=283444"},{"taxonomy":"post_tag","embeddable":true,"href":"https:\/\/www.europesays.com\/ro\/wp-json\/wp\/v2\/tags?post=283444"}],"curies":[{"name":"wp","href":"https:\/\/api.w.org\/{rel}","templated":true}]}}