{"id":283448,"date":"2026-09-01T16:31:21","date_gmt":"2026-09-01T16:31:21","guid":{"rendered":"https:\/\/www.europesays.com\/ro\/283448\/"},"modified":"2026-09-01T16:31:21","modified_gmt":"2026-09-01T16:31:21","slug":"capcana-domeniului-public-cui-apartine-de-fapt-trotuarul-din-fata-casei-si-ce-amenzi-risca-cei-care-incalca-regulile","status":"publish","type":"post","link":"https:\/\/www.europesays.com\/ro\/283448\/","title":{"rendered":"Capcana domeniului public. Cui apar\u021bine de fapt trotuarul din fa\u021ba casei \u0219i ce amenzi risc\u0103 cei care \u00eencalc\u0103 regulile"},"content":{"rendered":"<p>Luni, 31 August 2026, ora 23:17<\/p>\n<p>3831 citiri<\/p>\n<p><a class=\"news__image\" data-href=\"https:\/\/s2.ziareromania.ro\/?mmid=ed22756b29f385f873\" data-size=\"1024x683\" title=\"Capcana domeniului public. Cui apar\u021bine de fapt trotuarul din fa\u021ba casei \u0219i ce amenzi risc\u0103 cei care \u00eencalc\u0103 regulile\"><img decoding=\"async\" src=\"https:\/\/www.europesays.com\/ro\/wp-content\/uploads\/2026\/09\/Capcana-domeniului-public--Cui-apar--ine-de-fapt-trotuarul-din-fa--a-casei---i-ce-amenzi-risc---cei-.jpeg\" alt=\"Capcana domeniului public. Cui apar\u021bine de fapt trotuarul din fa\u021ba casei \u0219i ce amenzi risc\u0103 cei care \u00eencalc\u0103 regulile\" title=\"Capcana domeniului public. Cui apar\u021bine de fapt trotuarul din fa\u021ba casei \u0219i ce amenzi risc\u0103 cei care \u00eencalc\u0103 regulile\" class=\"img-responsive\"\/><\/a><\/p>\n<p>Cui apar\u021bine de fapt trotuarul din fa\u021ba casei \u0219i ce amenzi risc\u0103 cei care \u00eencalc\u0103 regulile FOTO Pixabay<\/p>\n<p>Trotuarul sau locul de <a href=\"https:\/\/ziare.com\/social\/parcare\/\" title=\"parcare\" rel=\"nofollow noopener\" target=\"_blank\">parcare<\/a> amenajat \u00een fa\u021ba unei case ori a unui bloc de locuin\u021be nu apar\u021bine \u00een mod automat persoanei care locuie\u0219te \u00een acel imobil, chiar dac\u0103 reglement\u0103rile legale \u00eei impun acesteia o serie de obliga\u021bii stricte privind \u00eentre\u021binerea \u0219i cur\u0103\u021benia. Regimul juridic al domeniului public, precum \u0219i responsabilit\u0103\u021bile clare ale cet\u0103\u021benilor \u0219i ale asocia\u021biilor sunt stabilite prin acte normative na\u021bionale \u0219i prin regulamentele specifice fiec\u0103rei unit\u0103\u021bi administrativ-teritoriale.<\/p>\n<p>Avocatul Bogdan Pi\u021bigoi a explicat pentru <a href=\"https:\/\/www.digi24.ro\/stiri\/actualitate\/social\/cui-apartine-spatiul-din-fata-casei-sau-a-blocului-cine-il-poate-folosi-si-ce-amenzi-risca-cei-care-incalca-regulile-3925841\" target=\"_blank\" rel=\"nofollow noopener\">Digi24<\/a> cine are dreptul legal s\u0103 utilizeze aceste zone, ce \u00eendatoriri au riveranii \u0219i \u00een ce situa\u021bii pot interveni structurile de ordine.<\/p>\n<p>Mitul st\u0103p\u00e2nului pe trotuarul din fa\u021ba por\u021bii<\/p>\n<p>Expertul \u00een drept demonteaz\u0103 o credin\u021b\u0103 larg r\u0103sp\u00e2ndit\u0103 \u00een r\u00e2ndul comunit\u0103\u021bilor, ar\u0103t\u00e2nd c\u0103 proximitatea fizic\u0103 nu creeaz\u0103 drepturi de proprietate. Spa\u021biile situate dincolo de limita cadastral\u0103 r\u0103m\u00e2n bunuri publice, deschise utiliz\u0103rii generale, cu excep\u021bia cazurilor clar reglementate de prim\u0103rii.<\/p>\n<p>\u201eTrotuarul \u0219i suprafe\u021bele aflate dincolo de limita unei propriet\u0103\u021bi private fac parte, \u00een principiu, din domeniul public. Prin urmare, simplul fapt c\u0103 o astfel de zon\u0103 se afl\u0103 \u00een fa\u021ba unei case sau a unui bloc nu \u00eei confer\u0103 un drept exclusiv celui care locuie\u0219te acolo. Chiar dac\u0103 proprietarul unei case poate avea, potrivit regulilor aplicabile la nivel local, anumite obliga\u021bii privind cur\u0103\u021barea \u0219i \u00eentre\u021binerea trotuarului din dreptul imobilului, aceast\u0103 responsabilitate nu schimb\u0103 regimul juridic al terenului. \u00centre\u021binerea zonei nu \u00eenseamn\u0103, a\u0219adar, c\u0103 aceasta \u00eei apar\u021bine\u201d, arat\u0103 avocatul Bogdan Pi\u021bigoi.<\/p>\n<p>Aceea\u0219i regul\u0103 strict\u0103 se aplic\u0103 \u0219i \u00een cazul spa\u021biilor verzi sau al aleilor din jurul marilor imobile colective, unde locurile de parcare amenajate pe banii municipalit\u0103\u021bii nu devin proprietatea locatarilor din apropiere. Atribuirea acestora confer\u0103 doar un drept temporar de folosin\u021b\u0103.<\/p>\n<p>Regula blocatoarelor \u0219i procedura ridic\u0103rii auto<\/p>\n<p>\u00cen zonele urbane aglomerate, prim\u0103riile atribuie locuri de parcare de re\u0219edin\u021b\u0103 contra unor taxe anuale, \u00eens\u0103 acest mecanism nu ofer\u0103 m\u00e2n\u0103 liber\u0103 beneficiarilor s\u0103 ac\u021bioneze dup\u0103 bunul plac. Titularii sunt obliga\u021bi s\u0103 respecte orarul de utilizare \u0219i semnalizarea aprobat\u0103, fiindu-le interzis s\u0103 \u00ee\u0219i instaleze singuri bariere fizice.<\/p>\n<p>\u201eTitularul nu poate, \u00een mod arbitrar, s\u0103 monteze un blocator ori s\u0103 amplaseze alte obiecte pentru a \u00eempiedica accesul altor autoturisme. Dac\u0103 regulamentul local permite utilizarea unui blocator, acesta poate fi amplasat numai cu respectarea procedurii prev\u0103zute de administra\u021bia local\u0103\u201d, adaug\u0103 sursa citat\u0103.<\/p>\n<p>\u00cen situa\u021biile \u00een care un \u0219ofer blocheaz\u0103 total o cale de acces \u00een curte sau garaj, legea interzice cu des\u0103v\u00e2r\u0219ire aplicarea unor m\u0103suri punitive pe cont propriu, cum ar fi vandalizarea sau mutarea for\u021bat\u0103 a vehiculului. Proprietarii afecta\u021bi trebuie s\u0103 apeleze la Poli\u021bia Local\u0103, singura abilitat\u0103 s\u0103 dispun\u0103 ridicarea ma\u0219inii \u0219i transportul ei \u00een spa\u021biile speciale, costurile mari de recuperare fiind suportate integral de contravenient. De asemenea, poli\u021bi\u0219tii acord\u0103 un termen standard de cinci zile proprietarilor pentru comunicarea datelor \u0219oferului vinovat, \u00eenainte de aplicarea amenzii.<\/p>\n<p>Nota de plat\u0103 pentru mizerie \u0219i obliga\u021biile din sezonul rece<\/p>\n<p>Responsabilitatea cet\u0103\u021beneasc\u0103 este dublat\u0103 de amenzi aspre \u00een cazul \u00een care zonele din fa\u021ba caselor sunt l\u0103sate \u00een paragin\u0103. \u00cen cazul caselor individuale, obliga\u021bia cade pe umerii proprietarului, \u00een timp ce la blocuri, r\u0103spunderea juridic\u0103 revine asocia\u021biei de proprietari, sanc\u021biunile fiind ulterior \u00eemp\u0103r\u021bite la \u00eentreaga list\u0103 de \u00eentre\u021binere.<\/p>\n<p>\u201eNerespectarea obliga\u021biilor privind cur\u0103\u021benia \u0219i \u00eentre\u021binerea trotuarului aferent unei propriet\u0103\u021bi poate atrage sanc\u021biuni din partea autorit\u0103\u021bilor locale. Cuantumul amenzilor difer\u0103 \u00een func\u021bie de localitate \u0219i de abaterea constatat\u0103, fiind cuprins, \u00een situa\u021biile men\u021bionate, \u00eentre 200 \u0219i 1.000 de lei\u201d, precizeaz\u0103 specialistul consultat de Digi24.<\/p>\n<p>Pe timp de iarn\u0103, obliga\u021bia se extinde la cur\u0103\u021barea imediat\u0103 a ghe\u021bii \u0219i a z\u0103pezii, textul legii interzic\u00e2nd explicit aruncarea om\u0103tului pe carosabil sau blocarea trecerilor pietonale. De asemenea, \u00een mediul <a href=\"https:\/\/ziare.com\/social\/rural\/\" title=\"rural\" rel=\"nofollow noopener\" target=\"_blank\">rural<\/a>, cur\u0103\u021barea rigolelor \u0219i men\u021binerea liber\u0103 a \u0219an\u021burilor pentru scurgerea apelor pluviale r\u0103m\u00e2n \u00een sarcina exclusiv\u0103 a gospodarilor riverani, nerespectarea acestor m\u0103suri aduc\u00e2nd dup\u0103 sine amenzi imediate \u00een urma controalelor de pe teren.<\/p>\n<p>\u021ai-a pl\u0103cut articolul?<\/p>\n<p> Vrem s\u0103 producem mai multe, \u00eens\u0103 avem nevoie de sus\u021binerea ta. Orice dona\u021bie conteaz\u0103 pentru jurnalismul independent <\/p>\n","protected":false},"excerpt":{"rendered":"Luni, 31 August 2026, ora 23:17 3831 citiri Cui apar\u021bine de fapt trotuarul din fa\u021ba casei \u0219i ce&hellip;\n","protected":false},"author":2,"featured_media":283449,"comment_status":"","ping_status":"","sticky":false,"template":"","format":"standard","meta":{"footnotes":"","_share_on_mastodon":"0"},"categories":[12],"tags":[1585,32,33,31,78041,36,37,27,74,34,35,25,40382,41,40,38,39,26,28,29,30,29162,71,72,73],"class_list":["post-283448","post","type-post","status-publish","format-standard","has-post-thumbnail","category-international","tag-amenzi","tag-breaking-news","tag-breakingnews","tag-cele-mai-populare-subiecte","tag-domeniul-public","tag-featured-news","tag-featurednews","tag-headlines","tag-international","tag-latest-news","tag-latestnews","tag-news","tag-parcari","tag-ro","tag-romana","tag-romania","tag-romanian","tag-stiri","tag-titluri","tag-top-stories","tag-topstories","tag-trotuar","tag-world","tag-world-news","tag-worldnews"],"share_on_mastodon":{"url":"https:\/\/pubeurope.com\/@ro\/117196743584213392","error":""},"_links":{"self":[{"href":"https:\/\/www.europesays.com\/ro\/wp-json\/wp\/v2\/posts\/283448","targetHints":{"allow":["GET"]}}],"collection":[{"href":"https:\/\/www.europesays.com\/ro\/wp-json\/wp\/v2\/posts"}],"about":[{"href":"https:\/\/www.europesays.com\/ro\/wp-json\/wp\/v2\/types\/post"}],"author":[{"embeddable":true,"href":"https:\/\/www.europesays.com\/ro\/wp-json\/wp\/v2\/users\/2"}],"replies":[{"embeddable":true,"href":"https:\/\/www.europesays.com\/ro\/wp-json\/wp\/v2\/comments?post=283448"}],"version-history":[{"count":0,"href":"https:\/\/www.europesays.com\/ro\/wp-json\/wp\/v2\/posts\/283448\/revisions"}],"wp:featuredmedia":[{"embeddable":true,"href":"https:\/\/www.europesays.com\/ro\/wp-json\/wp\/v2\/media\/283449"}],"wp:attachment":[{"href":"https:\/\/www.europesays.com\/ro\/wp-json\/wp\/v2\/media?parent=283448"}],"wp:term":[{"taxonomy":"category","embeddable":true,"href":"https:\/\/www.europesays.com\/ro\/wp-json\/wp\/v2\/categories?post=283448"},{"taxonomy":"post_tag","embeddable":true,"href":"https:\/\/www.europesays.com\/ro\/wp-json\/wp\/v2\/tags?post=283448"}],"curies":[{"name":"wp","href":"https:\/\/api.w.org\/{rel}","templated":true}]}}