{"id":283492,"date":"2026-09-01T17:14:10","date_gmt":"2026-09-01T17:14:10","guid":{"rendered":"https:\/\/www.europesays.com\/ro\/283492\/"},"modified":"2026-09-01T17:14:10","modified_gmt":"2026-09-01T17:14:10","slug":"bolojan-a-discutat-cu-premierul-ucrainei-despre-productia-de-drone-si-proiectele-comune-de-aparare","status":"publish","type":"post","link":"https:\/\/www.europesays.com\/ro\/283492\/","title":{"rendered":"Bolojan a discutat cu premierul Ucrainei despre produc\u021bia de drone \u0219i proiectele comune de ap\u0103rare"},"content":{"rendered":"<p>\t    <img loading=\"lazy\" decoding=\"async\" class=\"mg-x-auto\" width=\"30\" height=\"30\" src=\"https:\/\/www.europesays.com\/ro\/wp-content\/uploads\/2026\/09\/1788282850_420_google-g-w.png\" alt=\"\"\/>\t\t\t    <\/p>\n<p id=\"p-0\">\u00cen cadrul convorbirii, Ilie Bolojan a reafirmat solidaritatea \u0219i sprijinul Rom\u00e2niei pentru Ucraina \u0219i a transmis aprecierea pentru sacrificiul poporului ucrainean \u00een fa\u021ba agresiunii ruse, potrivit unui comunicat transmis de<a href=\"https:\/\/gov.ro\/ro\/stiri\/prim-ministrul-ilie-bolojan-a-avut-astazi-o-convorbire-telefonica-cu-prim-ministrul-ucrainei-sergii-koretki\" target=\"_blank\" rel=\"noopener nofollow\"> Guvern<\/a>. Rom\u00e2nia va continua s\u0103 sprijine Ucraina at\u00e2t bilateral, c\u00e2t \u0219i \u00een cadrul NATO, al Uniunii Europene \u0219i al Coali\u021biei de Voin\u021b\u0103.<\/p>\n<p id=\"p-1\">Cei doi premieri au discutat despre consolidarea cooper\u0103rii \u00een domeniul securit\u0103\u021bii \u0219i ap\u0103r\u0103rii, inclusiv prin dezvoltarea unor proiecte comune \u00een industria de ap\u0103rare \u0219i valorificarea oportunit\u0103\u021bilor oferite de programul SAFE.<\/p>\n<p id=\"p-2\">Unul dintre proiectele vizate presupune cooperarea dintre Rom\u00e2nia \u0219i Ucraina pentru produc\u021bia de drone, precum \u0219i dezvoltarea infrastructurii necesare consolid\u0103rii conectivit\u0103\u021bii dintre cele dou\u0103 \u021b\u0103ri.<\/p>\n<p>Rom\u00e2nia \u0219i Ucraina vor s\u0103 dezvolte infrastructura transfrontalier\u0103<\/p>\n<p id=\"p-3\">\u00cen discu\u021bie a fost abordat\u0103 \u0219i infrastructura transfrontalier\u0103. Prin programul SAFE este avut \u00een vedere proiectul de infrastructur\u0103 rutier\u0103 care consolideaz\u0103 leg\u0103tura cu Ucraina, inclusiv tronsonul Pa\u0219cani-Suceava-Siret.<\/p>\n<p id=\"p-4\">Cei doi prim-mini\u0219tri au discutat \u0219i despre finalizarea punctului de trecere a frontierei de la Sighetu Marma\u021biei.<\/p>\n<p id=\"p-5\">Un alt subiect a fost cooperarea \u00een domeniul energiei, precum \u0219i facilitarea tranzitului de m\u0103rfuri ucrainene \u0219i continuarea proiectelor de interconectare energetic\u0103.<\/p>\n<p>Bolojan a ridicat problema comunit\u0103\u021bii rom\u00e2ne\u0219ti din Ucraina<\/p>\n<p id=\"p-6\">Premierul Ilie Bolojan a subliniat, de asemenea, importan\u021ba continu\u0103rii dialogului privind comunitatea rom\u00e2neasc\u0103 din Ucraina \u0219i a identific\u0103rii unor solu\u021bii pentru solicit\u0103rile acesteia.<\/p>\n<p id=\"p-7\">Cei doi premieri au convenit s\u0103 continue dialogul \u0219i cooperarea pentru consolidarea rela\u021biilor bilaterale \u0219i promovarea proiectelor de interes comun.<\/p>\n","protected":false},"excerpt":{"rendered":"\u00cen cadrul convorbirii, Ilie Bolojan a reafirmat solidaritatea \u0219i sprijinul Rom\u00e2niei pentru Ucraina \u0219i a transmis aprecierea pentru&hellip;\n","protected":false},"author":2,"featured_media":283493,"comment_status":"","ping_status":"","sticky":false,"template":"","format":"standard","meta":{"footnotes":"","_share_on_mastodon":"0"},"categories":[10],"tags":[32,33,31,9123,572,36,37,27,690,34,35,25,41,40,38,39,78068,26,28,29,30,685],"class_list":["post-283492","post","type-post","status-publish","format-standard","has-post-thumbnail","category-romania","tag-breaking-news","tag-breakingnews","tag-cele-mai-populare-subiecte","tag-cooperare","tag-drone","tag-featured-news","tag-featurednews","tag-headlines","tag-ilie-bolojan","tag-latest-news","tag-latestnews","tag-news","tag-ro","tag-romana","tag-romania","tag-romanian","tag-sergii-koretki","tag-stiri","tag-titluri","tag-top-stories","tag-topstories","tag-ucraina"],"share_on_mastodon":{"url":"https:\/\/pubeurope.com\/@ro\/117196912656909777","error":""},"_links":{"self":[{"href":"https:\/\/www.europesays.com\/ro\/wp-json\/wp\/v2\/posts\/283492","targetHints":{"allow":["GET"]}}],"collection":[{"href":"https:\/\/www.europesays.com\/ro\/wp-json\/wp\/v2\/posts"}],"about":[{"href":"https:\/\/www.europesays.com\/ro\/wp-json\/wp\/v2\/types\/post"}],"author":[{"embeddable":true,"href":"https:\/\/www.europesays.com\/ro\/wp-json\/wp\/v2\/users\/2"}],"replies":[{"embeddable":true,"href":"https:\/\/www.europesays.com\/ro\/wp-json\/wp\/v2\/comments?post=283492"}],"version-history":[{"count":0,"href":"https:\/\/www.europesays.com\/ro\/wp-json\/wp\/v2\/posts\/283492\/revisions"}],"wp:featuredmedia":[{"embeddable":true,"href":"https:\/\/www.europesays.com\/ro\/wp-json\/wp\/v2\/media\/283493"}],"wp:attachment":[{"href":"https:\/\/www.europesays.com\/ro\/wp-json\/wp\/v2\/media?parent=283492"}],"wp:term":[{"taxonomy":"category","embeddable":true,"href":"https:\/\/www.europesays.com\/ro\/wp-json\/wp\/v2\/categories?post=283492"},{"taxonomy":"post_tag","embeddable":true,"href":"https:\/\/www.europesays.com\/ro\/wp-json\/wp\/v2\/tags?post=283492"}],"curies":[{"name":"wp","href":"https:\/\/api.w.org\/{rel}","templated":true}]}}