{"id":283520,"date":"2026-09-01T17:43:15","date_gmt":"2026-09-01T17:43:15","guid":{"rendered":"https:\/\/www.europesays.com\/ro\/283520\/"},"modified":"2026-09-01T17:43:15","modified_gmt":"2026-09-01T17:43:15","slug":"uluitorul-caz-mirel-radoi-de-ce-antrenorul-nu-e-o-varianta-buna-pentru-nicio-echipa-de-club-are-o-mare-problema","status":"publish","type":"post","link":"https:\/\/www.europesays.com\/ro\/283520\/","title":{"rendered":"Uluitorul caz Mirel R\u0103doi. De ce antrenorul nu e o variant\u0103 bun\u0103 pentru nicio echip\u0103 de club.\u00a0Are o mare problem\u0103"},"content":{"rendered":"<ul class=\"bullets\">&#13;<\/p>\n<li>Mirel R\u0103doi, 45 de ani, nu le garanteaz\u0103 cluburilor cel mai important lucru. <\/li>\n<p>&#13;<br \/>\n&#13;<\/p>\n<li>Ce a f\u0103cut t\u00e2n\u0103rul tehnician peste tot unde a antrenat. Care a fost excep\u021bia.\u00a0<\/li>\n<p>&#13;\n<\/ul>\n<p><a id=\"google-source-button\" class=\"google-favorite\" target=\"_blank\" href=\"https:\/\/www.google.com\/preferences\/source?q=golazo.ro\" rel=\"nofollow noopener\"><\/p>\n<p>        <img loading=\"lazy\" decoding=\"async\" src=\"https:\/\/golazo.ro\/images\/google-logo.svg\" alt=\"\" width=\"24\" height=\"24\"\/><br \/>\n        <img loading=\"lazy\" decoding=\"async\" src=\"https:\/\/golazo.ro\/images\/check-icon-2.svg\" alt=\"\" width=\"24\" height=\"24\"\/><\/p>\n<p>    Adaug\u0103 GOLAZO.ro la favorite<\/p>\n<p><\/a><\/p>\n<p class=\"\">Mirel R\u0103doi tocmai <a target=\"_blank\" href=\"https:\/\/golazo.ro\/mirel-radoi-gaziantep-turcia-conducere-contract-184943\" rel=\"nofollow noopener\">a fost concediat de Gaziantep<\/a> \u0219i se speculeaz\u0103 c\u0103 <a target=\"_blank\" href=\"https:\/\/golazo.ro\/mirel-radoi-mihai-stoica-fcsb-marius-baciu-184971\" rel=\"nofollow noopener\">s-ar putea \u00eentoarce la FCSB<\/a>.<\/p>\n<p class=\"\">Dar c\u00e2t de bun este antrenorul \u00een v\u00e2rst\u0103 de 45 de ani la o echip\u0103 de club? Tot mai mul\u021bi patroni sau pre\u0219edin\u021bi \u00ee\u0219i pun aceast\u0103 \u00eentrebare.<\/p>\n<p>R\u0103doi, ner\u0103bd\u0103tor \u0219i preten\u021bios, nu rezist\u0103 niciun an la cluburi<\/p>\n<p class=\"\">Motivul: t\u00e2n\u0103rul tehnician nu poate garanta cel mai important lucru, continuitatea. Pur \u0219i simplu, rezist\u0103 prea pu\u021bin timp \u00eentr-un loc!<\/p>\n<p class=\"\">E ner\u0103bd\u0103tor \u0219i mult prea preten\u021bios. Reac\u021bioneaz\u0103 puternic la fiecare nemul\u021bumire. \u0218i, de obicei, declan\u0219eaz\u0103 un conflict intern care se \u00eencheie cu desp\u0103r\u021birea.<\/p>\n<p>        <img decoding=\"async\" src=\"https:\/\/www.europesays.com\/ro\/wp-content\/uploads\/2026\/09\/radoi.jpeg\" alt=\"Doar \u0219apte meciuri a fost R\u0103doi antrenorul lui Gaziantep: o singur\u0103 victorie, un egal \u0219i cinci \u00eenfr\u00e2ngeri. Foto: Imago\" width=\"684\" height=\"879\" class=\"blur\" loading=\"lazy\"\/><br \/>\n        <img decoding=\"async\" src=\"https:\/\/www.europesays.com\/ro\/wp-content\/uploads\/2026\/09\/1788284595_11_radoi.jpeg\" alt=\"Doar \u0219apte meciuri a fost R\u0103doi antrenorul lui Gaziantep: o singur\u0103 victorie, un egal \u0219i cinci \u00eenfr\u00e2ngeri. Foto: Imago\" width=\"684\" height=\"879\" class=\"photo-in-article__main\" loading=\"lazy\"\/><\/p>\n<p>            Doar \u0219apte meciuri a fost R\u0103doi antrenorul lui Gaziantep: o singur\u0103 victorie, un egal \u0219i cinci \u00eenfr\u00e2ngeri. Foto: Imago<\/p>\n<p class=\"\">Peste tot, la fiecare club cu care s-a aflat sub contract, R\u0103doi a plecat \u00een acela\u0219i an. Uneori, dup\u0103 numai o lun\u0103, exemplul ultimului mandat la FCSB. <\/p>\n<p class=\"\">\u00centr-o carier\u0103 de 11 ani, a activat la \u0219ase cluburi, de dou\u0103 ori la FCSB \u0219i Universitatea Craiova. <\/p>\n<p>R\u0103doi a r\u0103mas maximum 9 luni la un club. Dar a plecat \u0219i dup\u0103 o lun\u0103!<\/p>\n<p class=\"\">Iat\u0103 traseul s\u0103u la fiecare forma\u021bie!<\/p>\n<ul class=\"\">&#13;<\/p>\n<li>FCSB: iunie &#8211; noiembrie 2015.\u00a0<\/li>\n<p>&#13;<br \/>\n&#13;<\/p>\n<li>U Craiova: august &#8211; decembrie 2022.<\/li>\n<p>&#13;<br \/>\n&#13;<\/p>\n<li>Al-Tai (Arabia Saudit\u0103): ianuarie &#8211; mai 2023.\u00a0<\/li>\n<p>&#13;<br \/>\n&#13;<\/p>\n<li>Al-Bataeh (Emiratele Arabe Unite): mai &#8211; decembrie 2023.<\/li>\n<p>&#13;<br \/>\n&#13;<\/p>\n<li>Al-Jazira (Emiratele Arabe Unite): ianuarie &#8211; aprilie 2024.\u00a0<\/li>\n<p>&#13;<br \/>\n&#13;<\/p>\n<li>U Craiova: ianuarie &#8211; noiembrie 2025.\u00a0<\/li>\n<p>&#13;<br \/>\n&#13;<\/p>\n<li>FCSB: martie &#8211; aprilie 2026.\u00a0<\/li>\n<p>&#13;<br \/>\n&#13;<\/p>\n<li>Gaziantep: aprilie &#8211; august 2026.\u00a0<\/li>\n<p>&#13;\n<\/ul>\n<p>2 ani <\/p>\n<p>cu c\u00e2te dou\u0103 echipe a avut R\u0103doi ca antrenor, 2023 \u0219i 2026<\/p>\n<p>R\u0103doi a stat mai mult doar la na\u021bionale<\/p>\n<p class=\"\">Excep\u021bia \u00een cazul R\u0103doi a fost echipa na\u021bional\u0103. Acolo a stat mai mult, dar nu foarte mult. Maximum doi ani.<\/p>\n<ul class=\"\">&#13;<\/p>\n<li>A antrenat selec\u021bionata U21 \u00eentre august 2018 \u0219i noiembrie 2019.\u00a0<\/li>\n<p>&#13;<br \/>\n&#13;<\/p>\n<li>A trecut la na\u021bionala mare. A fost doi ani selec\u021bioner, \u00een perioada noiembrie 2019 &#8211; noiembrie 2021.<\/li>\n<p>&#13;\n<\/ul>\n<p class=\"\">Marea \u00eentrebare: care va fi primul club unde va r\u0103m\u00e2ne mai mult Mirel R\u0103doi?<\/p>\n<p>Cite\u0219te \u0219i<\/p>\n<p>VIDEO: cele mai noi imagini din sport<\/p>\n","protected":false},"excerpt":{"rendered":"&#13; Mirel R\u0103doi, 45 de ani, nu le garanteaz\u0103 cluburilor cel mai important lucru. &#13; &#13; Ce a&hellip;\n","protected":false},"author":2,"featured_media":283521,"comment_status":"","ping_status":"","sticky":false,"template":"","format":"standard","meta":{"footnotes":"","_share_on_mastodon":"0"},"categories":[5],"tags":[351,32,33,31,528,36,37,27,34,35,51,577,25,41,40,38,39,26,28,29,30],"class_list":["post-283520","post","type-post","status-publish","format-standard","has-post-thumbnail","category-titluri","tag-antrenor","tag-breaking-news","tag-breakingnews","tag-cele-mai-populare-subiecte","tag-contract","tag-featured-news","tag-featurednews","tag-headlines","tag-latest-news","tag-latestnews","tag-liga-1","tag-mirel-radoi","tag-news","tag-ro","tag-romana","tag-romania","tag-romanian","tag-stiri","tag-titluri","tag-top-stories","tag-topstories"],"share_on_mastodon":{"url":"https:\/\/pubeurope.com\/@ro\/117197026950245675","error":""},"_links":{"self":[{"href":"https:\/\/www.europesays.com\/ro\/wp-json\/wp\/v2\/posts\/283520","targetHints":{"allow":["GET"]}}],"collection":[{"href":"https:\/\/www.europesays.com\/ro\/wp-json\/wp\/v2\/posts"}],"about":[{"href":"https:\/\/www.europesays.com\/ro\/wp-json\/wp\/v2\/types\/post"}],"author":[{"embeddable":true,"href":"https:\/\/www.europesays.com\/ro\/wp-json\/wp\/v2\/users\/2"}],"replies":[{"embeddable":true,"href":"https:\/\/www.europesays.com\/ro\/wp-json\/wp\/v2\/comments?post=283520"}],"version-history":[{"count":0,"href":"https:\/\/www.europesays.com\/ro\/wp-json\/wp\/v2\/posts\/283520\/revisions"}],"wp:featuredmedia":[{"embeddable":true,"href":"https:\/\/www.europesays.com\/ro\/wp-json\/wp\/v2\/media\/283521"}],"wp:attachment":[{"href":"https:\/\/www.europesays.com\/ro\/wp-json\/wp\/v2\/media?parent=283520"}],"wp:term":[{"taxonomy":"category","embeddable":true,"href":"https:\/\/www.europesays.com\/ro\/wp-json\/wp\/v2\/categories?post=283520"},{"taxonomy":"post_tag","embeddable":true,"href":"https:\/\/www.europesays.com\/ro\/wp-json\/wp\/v2\/tags?post=283520"}],"curies":[{"name":"wp","href":"https:\/\/api.w.org\/{rel}","templated":true}]}}