{"id":283544,"date":"2026-09-01T18:04:09","date_gmt":"2026-09-01T18:04:09","guid":{"rendered":"https:\/\/www.europesays.com\/ro\/283544\/"},"modified":"2026-09-01T18:04:09","modified_gmt":"2026-09-01T18:04:09","slug":"casa-de-pensii-anunta-mai-multe-beneficii-pentru-pensionari-economisesti-timp-si-bani-newsweek-romania","status":"publish","type":"post","link":"https:\/\/www.europesays.com\/ro\/283544\/","title":{"rendered":"Casa de Pensii anun\u021b\u0103 mai multe beneficii pentru pensionari. Economise\u0219ti timp \u0219i bani! \u2022 Newsweek Rom\u00e2nia"},"content":{"rendered":"<p>\n                    Casade pensii informeaz\u0103 pensionarii c\u0103 vor avea parte \u00eencep\u00eend de azi de mai multe beneficii. Astfel, pensionarii nu mai trebuie s\u0103 bat\u0103 drumul la Casa de pensii pentru orice fleac. Cei care nu au ajuns \u00eenc\u0103 la pensie au beneficii &#8211; pot afla c\u00e2t au str\u00e2ns la pensie.\n                <\/p>\n<p>Casa de pensii se digitalizeaz\u0103. Astfel c\u0103 apar o serie de beneficii pentru pensionari potrivit unui comunicat al casei de pensii de azi.<\/p>\n<p>Cite\u0219te \u0219i:\u00a0<a href=\"https:\/\/newsweek.ro\/social\/cine-se-pensioneaza-in-2025-pierde-3600-lei-la-pensie-efectul-ordonantei-trenulet-devastator\" target=\"_blank\" rel=\"noopener nofollow\">Cine se pensioneaz\u0103 \u00een 2025 pierde 3.600 lei la pensie. Efectul Ordonan\u021bei Trenule\u021b, devastator<\/a><\/p>\n<p>Casa de Pensii anun\u021b\u0103 mai multe beneficii pentru pensionari. Economise\u0219ti timp \u0219i bani!<\/p>\n<p>A fost relansat\u00a0<a href=\"https:\/\/login.cnpp.ro\/realms\/phoenix-spv\/protocol\/openid-connect\/auth?response_type=code&amp;client_id=cnpp-authentication-server&amp;scope=openid&amp;state=8wgSgzw7YbmM9BX-vmpz4TvDBLiBQvvj_Tk27SOadkU%3D&amp;redirect_uri=https:\/\/api.cnpp.ro\/sas\/login\/oauth2\/code\/spv_public&amp;nonce=gfNzqmm6fgUMX1327At4Bozqc6nXh5G2BIsEcy9ZvCw\" target=\"_blank\" rel=\"noopener nofollow\">Spa\u021biul Privat Virtual (SPV)<\/a>. Prin intermediul contului personal, utilizatorii pot transmite online toate categoriile de cereri prev\u0103zute \u00een sistemul administrat de CNPP, f\u0103r\u0103 s\u0103 mai fie necesar\u0103 deplasarea la casa teritorial\u0103 de pensii.<\/p>\n<p>\u00cen spa\u021biu privat pentru fiecare utilizator \u00eenregistrat vor fi disponibile toate datele personale gestionate de CNPP.<\/p>\n<p>Conturile existente pe vechiul portal au fost migrate, astfel \u00eenc\u00e2t \u00a0astfel \u00eenc\u00e2t utilizatorii se pot autentifica \u00een continuare cu acelea\u0219i creden\u021biale.<\/p>\n<p>Prin Spa\u021biul Virtual se pot vedea:<\/p>\n<ul class=\"wp-block-list\">&#13;<\/p>\n<li data-cya11y-org-font-size=\"18\">stagiile de cotizare;<\/li>\n<p>&#13;<\/p>\n<li data-cya11y-org-font-size=\"18\">contribu\u021biile virate la Pilonul II;<\/li>\n<p>&#13;<\/p>\n<li data-cya11y-org-font-size=\"18\">decizia de pensionare;<\/li>\n<p>&#13;<\/p>\n<li data-cya11y-org-font-size=\"18\">talonul de pensie \u00een format electronic \u2013 e-Talon.<\/li>\n<p>&#13;\n<\/ul>\n<p class=\"wp-block-paragraph\" data-cya11y-org-font-size=\"18\">Portalul include, de asemenea, un modul pentru simularea drepturilor de pensie, care permite utilizatorilor s\u0103 ob\u021bin\u0103 informa\u021bii orientative privind drepturile de pensie \u0219i data la care acestea pot fi solicitate.<\/p>\n<p><img decoding=\"async\" src=\"https:\/\/www.europesays.com\/ro\/wp-content\/uploads\/2026\/09\/aHR0cHM6Ly9uZXdzd2Vlay5yby9zdG9yYWdlL211bHRpbWVkaWEvMjAyNi8wOS9xZ2FsVG9tZW5uSWxaV2UwV0NXYTlXbWlBOE5t.webp\" alt=\"Casa de pensii - Foto: Casa de Pensii\"\/>&#13;<br \/>\nCasa de pensii &#8211; Foto: Casa de Pensii&#13;<\/p>\n<p>Ce este eTalon?<\/p>\n<p>Aplica\u021bia \u201ee-Talon\u201d va genera automat cuponul lunar pentru to\u021bi pensionarii.<\/p>\n<p>Cite\u0219te \u0219i: <a href=\"https:\/\/newsweek.ro\/social\/cum-poti-recupera-cresterea-de-pensie-pierduta-la-1-ianuarie-avocatii-spun-ce-documente-depui\" target=\"_blank\" rel=\"noopener nofollow\">Cum po\u021bi recupera cre\u0219terea de pensie pierdut\u0103 la 1 ianuarie? Avoca\u021bii spun ce documente depui<\/a><\/p>\n<p>Aplica\u021bia va putea fi folosit\u0103 \u0219i de cei care \u00eenc\u0103 sunt salaria\u021bi, pentru a face o simulare a cuantumului pensiei.<\/p>\n<p>Rom\u00e2nii vor putea afla prin intermediul aplica\u021biei \u0219i vechimea \u00een munc\u0103, dar \u0219i contribu\u021biile pl\u0103tite.<\/p>\n","protected":false},"excerpt":{"rendered":"Casade pensii informeaz\u0103 pensionarii c\u0103 vor avea parte \u00eencep\u00eend de azi de mai multe beneficii. Astfel, pensionarii nu&hellip;\n","protected":false},"author":2,"featured_media":283545,"comment_status":"","ping_status":"","sticky":false,"template":"","format":"standard","meta":{"footnotes":"","_share_on_mastodon":"0"},"categories":[5],"tags":[36650,32,33,23468,31,23469,36,37,27,34,35,25,904,1378,16520,2732,41,40,38,39,26,28,29,30],"class_list":["post-283544","post","type-post","status-publish","format-standard","has-post-thumbnail","category-titluri","tag-adevarul-a","tag-breaking-news","tag-breakingnews","tag-casa-de-pensii","tag-cele-mai-populare-subiecte","tag-eveniment","tag-featured-news","tag-featurednews","tag-headlines","tag-latest-news","tag-latestnews","tag-news","tag-pensie","tag-pensii","tag-pensionar","tag-pensionari","tag-ro","tag-romana","tag-romania","tag-romanian","tag-stiri","tag-titluri","tag-top-stories","tag-topstories"],"share_on_mastodon":{"url":"https:\/\/pubeurope.com\/@ro\/117197109500338099","error":""},"_links":{"self":[{"href":"https:\/\/www.europesays.com\/ro\/wp-json\/wp\/v2\/posts\/283544","targetHints":{"allow":["GET"]}}],"collection":[{"href":"https:\/\/www.europesays.com\/ro\/wp-json\/wp\/v2\/posts"}],"about":[{"href":"https:\/\/www.europesays.com\/ro\/wp-json\/wp\/v2\/types\/post"}],"author":[{"embeddable":true,"href":"https:\/\/www.europesays.com\/ro\/wp-json\/wp\/v2\/users\/2"}],"replies":[{"embeddable":true,"href":"https:\/\/www.europesays.com\/ro\/wp-json\/wp\/v2\/comments?post=283544"}],"version-history":[{"count":0,"href":"https:\/\/www.europesays.com\/ro\/wp-json\/wp\/v2\/posts\/283544\/revisions"}],"wp:featuredmedia":[{"embeddable":true,"href":"https:\/\/www.europesays.com\/ro\/wp-json\/wp\/v2\/media\/283545"}],"wp:attachment":[{"href":"https:\/\/www.europesays.com\/ro\/wp-json\/wp\/v2\/media?parent=283544"}],"wp:term":[{"taxonomy":"category","embeddable":true,"href":"https:\/\/www.europesays.com\/ro\/wp-json\/wp\/v2\/categories?post=283544"},{"taxonomy":"post_tag","embeddable":true,"href":"https:\/\/www.europesays.com\/ro\/wp-json\/wp\/v2\/tags?post=283544"}],"curies":[{"name":"wp","href":"https:\/\/api.w.org\/{rel}","templated":true}]}}