{"id":283620,"date":"2026-09-01T19:07:17","date_gmt":"2026-09-01T19:07:17","guid":{"rendered":"https:\/\/www.europesays.com\/ro\/283620\/"},"modified":"2026-09-01T19:07:17","modified_gmt":"2026-09-01T19:07:17","slug":"iasul-si-pnrr-de-la-planul-de-23-miliarde-euro-la-proiecte-de-133-milioane-euro-ce-investitii-majore-au-ramas-pe-hartie-apix-ro","status":"publish","type":"post","link":"https:\/\/www.europesays.com\/ro\/283620\/","title":{"rendered":"Ia\u0219ul \u0219i PNRR: de la planul de 2,3 miliarde euro la proiecte de 133 milioane euro. Ce investi\u021bii majore au r\u0103mas pe h\u00e2rtie \u00bb Apix.ro"},"content":{"rendered":"<p>&#13;<\/p>\n<p class=\"wp-block-paragraph\">Ia\u0219ul a ratat oportunitatea ob\u021binerii unor finan\u021b\u0103ri PNRR pentru proiecte majore. \u00cen anul 2021, primarul Mihai Chirica anun\u021ba c\u0103 va propune investi\u021bii cu o valoare cumulat\u0103 de 2,3 miliarde de euro. Recent, edilul-\u0219ef al Ia\u0219ului a sus\u021binut c\u0103 <a href=\"https:\/\/www.facebook.com\/Mihai.Chirica.Iasi\/posts\/pfbid02h7nTAtRFAWTXTCVNkYFae4uzSjQvPsfZeifS3pTc8vcwAfeH9cjcXTDHqrf8xjTBl?__cft__[0]=AZbWYTUoqWCJdevuBAaT8D9TgT2YzwxHcDGtpE_Syw1lg9JDoExZvlZLN7eE2z36hbPKISR56L8CmhDjwjZV7Z09E7iY6gcbXF4YYsl9U3UHTzbLgTd8HE7vKD7TwR7zvkDUV5fWdbzdrxmQASHPp9SD2j5SQDz-ohBUyYyaYU7IaRr05QzG7vzkntzg9a4cm50&amp;__tn__=%2CO%2CP-R\" target=\"_blank\" rel=\"noreferrer noopener nofollow\">obiectivul PNRR al Prim\u0103riei Ia\u0219i a fost \u00eendeplinit<\/a> prin implementarea a 25 de proiecte cu o valoare de 133 milioane de euro.<\/p>\n<p class=\"wp-block-paragraph\">Tren metropolitan, \u00eenfiin\u021barea unei re\u021bele de troleibuze, parc\u0103ri (\u201esubterane verzi\u201d \u0219i Park&amp;Ride), sala polivalent\u0103, pasaje supraterane (Podu Ro\u0219) \u0219i subterane (Anastasie Panu), extinderea c\u0103ilor de rulare pentru tramvaie, reintroducerea \u00een circula\u021bie a troleibuzelor, amenajarea unui depou la Fortus, 100 km de piste de biciclete sau rut\u0103 alternativ\u0103 spre Bucium sunt doar c\u00e2teva dintre proiectele vehiculate de primar \u0219i care nu au fost implementate.<\/p>\n<p class=\"wp-block-paragraph\">APIX.ro prezint\u0103 mai jos lista proiectelor care au fost anun\u021bate \u00een 2021 la nivel de ini\u021biativ\u0103 \u0219i care nu au fost duse la \u00eendeplinire. \u00cen acela\u0219i timp, pute\u021bi consulta <a href=\"#regasite\" data-type=\"internal\" data-id=\"#regasite\">lista proiectelor care au fost prezentate atunci \u0219i s-au reg\u0103sit \u00eentre timp pe alte surse de finan\u021bare<\/a> dec\u00e2t PNRR \u0219i <a href=\"#finalizate\" data-type=\"internal\" data-id=\"#finalizate\">lista celor 25 de proiecte finalizate<\/a> de prim\u0103rie prin intermediul PNRR. La finalul articolului, pute\u021bi vizualiza <a href=\"#conferinta\" data-type=\"internal\" data-id=\"#conferinta\">conferin\u021ba de pres\u0103<\/a> din anul 2021 atunci c\u00e2nd primarul Mihai Chirica a prezentat \u00een detaliu fiecare proiect care urma s\u0103 fie propus \u00een PNRR. Programul s-a \u00eencheiat \u00een mod oficial ast\u0103zi, 31 august.<\/p>\n<p>Lista proiectelor anun\u021bate dar care nu au prins finan\u021bare:<\/p>\n<ul class=\"wp-block-list\">\n<li>extinderea transportului terestru cu trenul metropolitan (1,4 miliarde de euro)<\/li>\n<li>relocare depouri pentru tramvaie \u0219i autobuze plus troleibuze din zonele centrale pe loca\u021bia fostelor platforme industriale Fortus (75,9 milioane de euro)<\/li>\n<li>modernizarea sistemului de alimentare cu energie electric\u0103 a tramvaielor \u2013 re\u021bele contact (63 milioane de euro)<\/li>\n<li>sala polivalent\u0103 (52,5 milioane de euro)<\/li>\n<li>Institutul Creierului (48 milioane de euro)<\/li>\n<li>construc\u021bie pasaj subteran pe str. Anastasie Panu \u0219i relocarea liniei de tramvai \u00een subteran (43 milioane de euro)<\/li>\n<li>parc tehnologic \u0219i industrial pentru tehnologii creativ inovative (41,5 milioane de euro)<\/li>\n<li>re\u021bea de troleibuze \u0219i achizi\u021bie mijloace de transport cu autonomie extins\u0103 \u2013 50 de troleibuze (40,7 milioane de euro)<\/li>\n<li>extinderea liniei de tramvai pe traseul \u021au\u021bora \u2013 Tome\u0219ti \u2013 Holboca \u2013 Dancu \u0219i achizi\u021bie de tramvaie (37 milioane de euro)<\/li>\n<li>modernizarea \u0219i digitalizarea a 370 de sta\u021bii pentru transportul public (37 milioane de euro)<\/li>\n<li>modernizarea, extinderea \u0219i digitalizarea re\u021belei de iluminat public (30 milioane de euro)<\/li>\n<li>extinderea liniei de tramvaie \u00een zona de vest a ora\u0219ului, pe traseul Dacia \u2013 ERA (26 milioane de euro)<\/li>\n<li>rut\u0103 alternativ\u0103 privind accesul spre ora\u0219 din zona Bucium \u00een lungul p\u00e2r\u00e2ului V\u0103m\u0103\u0219oaia cu trei poduri \u0219i un pasaj sub calea ferat\u0103 cu ie\u0219ire \u00een Calea Chi\u0219in\u0103ului (26 milioane de euro)<\/li>\n<li>\u0219ase parc\u0103ri de tip Park and Ride la intr\u0103rile \u00een municipiul Ia\u0219i (25 milioane de euro)<\/li>\n<li>parc\u0103ri subterane verzi la UMF, rond CUG, parcul Ciurchi \u0219i Golia (25 milioane de euro)<\/li>\n<li>crearea unei capacit\u0103\u021bi noi de producere a energiei prin pompe de c\u0103ldur\u0103 la CET I Ia\u0219i (19 milioane de euro)<\/li>\n<li>introducerea catalogului electronic \u0219i alte servicii educa\u021bionale (15 milioane de euro)<\/li>\n<li>platform\u0103 digital\u0103 \u0219i comercializare a bunurilor \u0219i serviciilor locale \u201eIa\u0219i Digital Mall\u201d (15 milioane de euro)<\/li>\n<li>pasaje supraterane \u00een Podu Ro\u0219 (14,6 milioane de euro)<\/li>\n<li>amenajarea arhitectural\u0103 a r\u00e2ului Bahlui (13,8 milioane de euro)<\/li>\n<li>crearea de oaze de verdea\u021b\u0103 pe terenuri degradate \u00een suprafa\u021b\u0103 de 150.000 mp (13,6 milioane de euro)<\/li>\n<li>digitalizarea complet\u0103 a serviciilor publice \u2013 \u201ePrim\u0103ria f\u0103r\u0103 h\u00e2rtie\u201d (10 milioane de euro)<\/li>\n<li>centrul regional de cercetare pentru inteligen\u021b\u0103 artificial\u0103 (10 milioane de euro)<\/li>\n<li>colectarea de\u0219eurilor din demol\u0103ri \u0219i construc\u021bii (9,6 milioane de euro)<\/li>\n<li>piste de biciclete \u00een municipiul Ia\u0219i \u2013 100 km cu 7,1 milioane de euro<\/li>\n<li>realizarea Arhivei municipale \u00een zona Gr\u0103dinari (6,7 milioane de euro)<\/li>\n<li>reabilitarea parcului Copou (5,4 milioane de euro)<\/li>\n<li>amenajarea plajei din Nicolina (4,6 milioane de euro)<\/li>\n<li>extinderea Casei de cultur\u0103 \u201eMihail Ursachi\u201d din parcul Copou (2,4 milioane de euro)<\/li>\n<li>sistem compact de monitorizare a calit\u0103\u021bii aerului (1,5 milioane de euro)<\/li>\n<li>consolidarea Casei Ghica \u2013 Callimachi de pe str. Cuza Vod\u0103 (1,4 milioane de euro)<\/li>\n<li>extinderea de re\u021bele Wi Fi \u00een zone \u00een care popula\u021bia nu-\u0219i poate permite abonarea la un furnizor de internet \u0219i astfel s\u0103 aib\u0103 acces la educa\u021bia online \u0219i la serviciile publice online (un milion de euro)<\/li>\n<li>portal Ia\u0219i Open Data (un milion de euro)<\/li>\n<li>realizarea unui platforme de management \u0219i comunicare a voluntarilor din ora\u0219 (un milion de euro)<\/li>\n<\/ul>\n<p>Lista proiectelor care s-au reg\u0103sit pe alte surse de finan\u021bare:<\/p>\n<ul class=\"wp-block-list\">\n<li>implementarea unor noi unit\u0103\u021bi de cogenerare de \u00eenalt\u0103 eficien\u021b\u0103 \u00een sistemul de alimentare cu energie termic\u0103 la CET II (96 milioane de euro). Prim\u0103ria a atras fonduri de la guvern at\u00e2t pentru CET I, c\u00e2t \u0219i pentru CET II pentru instalarea de motoare termice \u2013 licita\u021biile sunt \u00een desf\u0103\u0219urare, iar ofertele vor fi deschise \u00een septembrie<\/li>\n<li>modernizare depou Dacia (26 milioane de euro). Not\u0103 APIX.ro: Prim\u0103ria Ia\u0219i a pierdut o finan\u021bare de aproape 10 milioane de euro pentru digitalizarea depoului, dar depoul este \u00een execu\u021bie cu bani \u00eemprumuta\u021bi de la BERD cu o valoare actual\u0103 dubl\u0103 fa\u021b\u0103 de cea estimat\u0103 ini\u021bial (ini\u021bial, inten\u021bia a fost de reabilitare, dar s-a decis reconstruc\u021bia obiectivului)<\/li>\n<li>reabilitarea \u0218colii Normale \u201eVasile Lupu\u201d (10 milioane de euro). Lucr\u0103rile sunt finan\u021bate prin intermediul unui program guvernamental, iar finan\u021barea accesat\u0103 de prim\u0103rie este de dou\u0103 ori mai mare fa\u021b\u0103 de cea estimat\u0103 ini\u021bial.<\/li>\n<li>modernizarea parcului din fa\u021ba Teatrului Na\u021bional (6 milioane de euro). Parcul a fost modernizat cu fonduri de la bugetul local.<\/li>\n<li>reabilitare linie de tramvai BCU \u2013 Triumf (5,7 milioane de euro). Lucr\u0103rile sunt finan\u021bate cu fonduri europene prin intermediul Programului Regional Nord-Est 2021-2027 \u0219i vor \u00eencepe \u00een aceast\u0103 toamn\u0103.<\/li>\n<li>reabilitarea Pie\u021bei Unirii (1,3 milioane de euro). Lucr\u0103rile sunt finan\u021bate de la bugetul local \u0219i au demarat vara aceasta.<\/li>\n<\/ul>\n<p>Lista proiectelor finalizate de prim\u0103rie prin PNRR: <\/p>\n<ul class=\"wp-block-list\">\n<li>transport public \u0219i digitalizare: circa 60 milioane de euro pentru 18 tramvaie Bozankaya, 25 autobuze electrica Karsan (\u0219i sta\u021bii de \u00eenc\u0103rcare rapid\u0103 \u0219i lent\u0103), sisteme de avertizare \u0219i asisten\u021b\u0103 anti-coliziune. Not\u0103 APIX.ro: planul primarului din 2021 viza achizi\u021bia a 60 de tramvaie de 30 metri \u0219i a 20 de autobuze (circa 200 milioane euro)<\/li>\n<li>construirea de locuin\u021be pentru tineri afla\u021bi \u00een situa\u021bii de risc \u2013 10 tronsoane de bloc, proiect de circa 15 milioane de euro<\/li>\n<li>reabilitarea termic\u0103 a 21 de cl\u0103diri de unit\u0103\u021bi \u0219colare \u00een cadrul a 14 proiecte cu valoare de peste 26 milioane euro. Lucr\u0103rile au vizat colegii (Mihai Eminescu, Vasile Adamachi, Ion C. \u0218tef\u0103nescu, Dimitrie Leonida), licee (LPS, Petru Poni, Transporturi \u0219i Construc\u021bii), \u0219coli (Ionel Teodoreanu, Elena Cuza, George Co\u0219buc, Alexandru Vlahu\u021b\u0103, Petru Poni) \u0219i gr\u0103dini\u021be (PN 15 \u0219i PP 15)<\/li>\n<li>dotarea cu mobilier, materiale didactice \u0219i echipamente digitale a unit\u0103\u021bilor de \u00eenv\u0103\u021b\u0103m\u00e2nt preuniversitar \u2013 un proiect de aproape 20 milioane de euro <\/li>\n<li>trei investi\u021bii \u00een educa\u021bie pe componenta \u201e\u0219coli verzi\u201d \u2013 circa 9 milioane euro. Lucr\u0103rile au fost realizate la colegiile \u201eGarabet Ibr\u0103ileanu\u201d \u0219i \u201eMihai Eminescu\u201d, precum \u0219i la Liceul Teoretic \u201eMiron Costin\u201d.<\/li>\n<li>renovare energetic\u0103 moderat\u0103 sau aprofundat\u0103 a cl\u0103dirilor reziden\u021biale multifamiliale \u2013 7,5 milioane euro pentru cinci blocuri (S4, Carmen, Z4, D2 \u0219i B3) \u0219i dou\u0103 imobile care g\u0103zduiesc locuin\u021be sociale (c\u0103mine din Tudor Vladimirescu \u0219i Canta).<\/li>\n<li>amenajarea a 150 de insule ecologice digitalizate \u2013 circa 5 milioane euro.<\/li>\n<\/ul>\n<p class=\"wp-block-paragraph\">Lista detaliat\u0103 a proiectelor finalizate \u0219i declara\u021biile primarului pe tem\u0103 pot fi consultate la <a href=\"https:\/\/www.facebook.com\/Mihai.Chirica.Iasi\/posts\/pfbid02h7nTAtRFAWTXTCVNkYFae4uzSjQvPsfZeifS3pTc8vcwAfeH9cjcXTDHqrf8xjTBl?__cft__[0]=AZbWYTUoqWCJdevuBAaT8D9TgT2YzwxHcDGtpE_Syw1lg9JDoExZvlZLN7eE2z36hbPKISR56L8CmhDjwjZV7Z09E7iY6gcbXF4YYsl9U3UHTzbLgTd8HE7vKD7TwR7zvkDUV5fWdbzdrxmQASHPp9SD2j5SQDz-ohBUyYyaYU7IaRr05QzG7vzkntzg9a4cm50&amp;__tn__=%2CO%2CP-R\" target=\"_blank\" rel=\"noreferrer noopener nofollow\">acest link<\/a>.<\/p>\n<p><a class=\"gofollow\" data-track=\"NzAsMjMsNjA=\" href=\"https:\/\/silkdistrict.ro\/?utm_source=apix&amp;utm_medium=banner&amp;utm_campaign=iulie&amp;utm_id=faza3&amp;utm_term=ultimele\" target=\"_blank\" rel=\"nofollow noopener\"> <img decoding=\"async\" src=\"https:\/\/www.europesays.com\/ro\/wp-content\/uploads\/2026\/09\/Silk-KV-Faza-3_970x250.jpg\" alt=\"Silk - Banner\"\/><\/a><\/p>\n<p class=\"wp-block-paragraph\" id=\"conferinta\">Conferin\u021ba de pres\u0103 sus\u021binut\u0103 de primarul Mihai Chirica \u00een luna martie 2021:<\/p>\n","protected":false},"excerpt":{"rendered":"&#13; Ia\u0219ul a ratat oportunitatea ob\u021binerii unor finan\u021b\u0103ri PNRR pentru proiecte majore. \u00cen anul 2021, primarul Mihai Chirica&hellip;\n","protected":false},"author":2,"featured_media":283621,"comment_status":"","ping_status":"","sticky":false,"template":"","format":"standard","meta":{"footnotes":"","_share_on_mastodon":"0"},"categories":[5],"tags":[58068,32,33,31,36,37,27,2400,34,35,25,4803,41,40,38,39,26,28,29,30],"class_list":["post-283620","post","type-post","status-publish","format-standard","has-post-thumbnail","category-titluri","tag-apix","tag-breaking-news","tag-breakingnews","tag-cele-mai-populare-subiecte","tag-featured-news","tag-featurednews","tag-headlines","tag-iasi","tag-latest-news","tag-latestnews","tag-news","tag-pnrr","tag-ro","tag-romana","tag-romania","tag-romanian","tag-stiri","tag-titluri","tag-top-stories","tag-topstories"],"share_on_mastodon":{"url":"https:\/\/pubeurope.com\/@ro\/117197357546705138","error":""},"_links":{"self":[{"href":"https:\/\/www.europesays.com\/ro\/wp-json\/wp\/v2\/posts\/283620","targetHints":{"allow":["GET"]}}],"collection":[{"href":"https:\/\/www.europesays.com\/ro\/wp-json\/wp\/v2\/posts"}],"about":[{"href":"https:\/\/www.europesays.com\/ro\/wp-json\/wp\/v2\/types\/post"}],"author":[{"embeddable":true,"href":"https:\/\/www.europesays.com\/ro\/wp-json\/wp\/v2\/users\/2"}],"replies":[{"embeddable":true,"href":"https:\/\/www.europesays.com\/ro\/wp-json\/wp\/v2\/comments?post=283620"}],"version-history":[{"count":0,"href":"https:\/\/www.europesays.com\/ro\/wp-json\/wp\/v2\/posts\/283620\/revisions"}],"wp:featuredmedia":[{"embeddable":true,"href":"https:\/\/www.europesays.com\/ro\/wp-json\/wp\/v2\/media\/283621"}],"wp:attachment":[{"href":"https:\/\/www.europesays.com\/ro\/wp-json\/wp\/v2\/media?parent=283620"}],"wp:term":[{"taxonomy":"category","embeddable":true,"href":"https:\/\/www.europesays.com\/ro\/wp-json\/wp\/v2\/categories?post=283620"},{"taxonomy":"post_tag","embeddable":true,"href":"https:\/\/www.europesays.com\/ro\/wp-json\/wp\/v2\/tags?post=283620"}],"curies":[{"name":"wp","href":"https:\/\/api.w.org\/{rel}","templated":true}]}}