{"id":283872,"date":"2026-09-01T22:45:13","date_gmt":"2026-09-01T22:45:13","guid":{"rendered":"https:\/\/www.europesays.com\/ro\/283872\/"},"modified":"2026-09-01T22:45:13","modified_gmt":"2026-09-01T22:45:13","slug":"mi-e-rusine-marius-sumudica-a-rabufnit-dupa-a-treia-victorie-consecutiva-la-cfr-cluj-nu-sunt-colacul-de-salvare","status":"publish","type":"post","link":"https:\/\/www.europesays.com\/ro\/283872\/","title":{"rendered":"\u201eMi-e ru\u0219ine\u201d \/ Marius \u0218umudic\u0103 a r\u0103bufnit dup\u0103 a\u00a0treia victorie consecutiv\u0103 la CFR Cluj: \u201eNu sunt colacul de salvare\u201d"},"content":{"rendered":"<ul class=\"bullets\">&#13;<\/p>\n<li><a target=\"_blank\" href=\"https:\/\/golazo.ro\/cupa-romaniei-grupe-live-185016\" data-type=\"link\" data-id=\"https:\/\/golazo.ro\/cupa-romaniei-grupe-live-185016\" rel=\"nofollow noopener\">SEPSI &#8211; CFR CLUJ 1-3.<\/a> Antrenorul Marius \u0218umudic\u0103 (55 de ani) a avut o reac\u021bie acid\u0103 dup\u0103 a treia victorie consecutiv\u0103 ob\u021binut\u0103 pe banca echipei din Gruia.<\/li>\n<p>&#13;\n<\/ul>\n<p><a id=\"google-source-button\" class=\"google-favorite\" target=\"_blank\" href=\"https:\/\/www.google.com\/preferences\/source?q=golazo.ro\" rel=\"nofollow noopener\"><\/p>\n<p>        <img loading=\"lazy\" decoding=\"async\" src=\"https:\/\/golazo.ro\/images\/google-logo.svg\" alt=\"\" width=\"24\" height=\"24\"\/><br \/>\n        <img loading=\"lazy\" decoding=\"async\" src=\"https:\/\/golazo.ro\/images\/check-icon-2.svg\" alt=\"\" width=\"24\" height=\"24\"\/><\/p>\n<p>    Adaug\u0103 GOLAZO.ro la favorite<\/p>\n<p><\/a><\/p>\n<p class=\"\">Cu doar c\u00e2teva ore \u00eenaintea meciului de la Sf\u00e2ntu Gheorghe, CFR Cluj a anun\u021bat oficial <a target=\"_blank\" href=\"https:\/\/golazo.ro\/aly-abeid-transfer-cfr-cluj-algeria-transfr-js-kabylie-185025\" rel=\"nofollow noopener\">desp\u0103r\u021birea de Aly Abeid<\/a> (28 de ani).<\/p>\n<p class=\"\">Fotbalistul din Mauritania a fost v\u00e2ndut pentru 300.000 de euro \u00een Algeria, la Jeunesse Sportive de Kabylie.<\/p>\n<p>SEPSI &#8211; CFR CLUJ 1-3. Marius \u0218umudic\u0103: \u201eNu sunt colacul de salvare\u201d<\/p>\n<p class=\"\">De meserie funda\u0219 st\u00e2nga, Abeid a fost titular \u00een toate meciurile pentru CFR Cluj din acest sezon, fiind utilizat \u00een centrul defensivei.<\/p>\n<p class=\"\">\u00centrebat despre plecarea fostului juc\u0103tor de la UTA Arad, Marius \u0218umudic\u0103 a r\u0103bufnit.<\/p>\n<p class=\"\">\u201eNu pot s\u0103 v\u0103 spun eu ce se \u00eent\u00e2mpl\u0103, vorbi\u021bi cu conducerea clubului, eu sunt ultimul care afl\u0103 aceste lucruri. \u00cenchegasem acolo cu Abeid.<\/p>\n<p class=\"\">\u00cen\u021beleg \u0219i clubul, trebuie s\u0103 aduc\u0103 bani, dar nici eu nu sunt colacul de salvare. Dac\u0103 \u00een fiecare s\u0103pt\u0103m\u00e2n\u0103 pleac\u0103 un juc\u0103tor, pleac\u0103 un juc\u0103tor.<\/p>\n<p class=\"\">OK, s-au pierdut foarte mul\u021bi juc\u0103tori fa\u021b\u0103 de lotul din var\u0103 \u0219i \u00eemi doresc s\u0103 facem ceva iar. \u00cen momentul de fa\u021b\u0103 suntem aproape \u0219i de play-off, dar \u0219i de locurile de retrogradare\u201d, a declarat Marius \u0218umudic\u0103 la Prima Sport.<\/p>\n<blockquote class=\"quote\"><p>\n    Avem nevoie de juc\u0103tori proaspe\u021bi. V\u0103 da\u021bi seama. Noi c\u0103l\u0103torim \u0219ase ore acum. Peste dou\u0103 zile juc\u0103m acas\u0103 cu Farul, care a stat o s\u0103pt\u0103m\u00e2n\u0103. \u0218i atunci, ce pot s\u0103 le cer juc\u0103torilor? Ast\u0103zi, ce puteam s\u0103 le cer, c\u00e2nd noi am jucat dup\u0103 dou\u0103 zile? Marius \u0218umudic\u0103, antrenor CFR Cluj\n<\/p><\/blockquote>\n<p>Marius \u0218umudic\u0103: \u201eMi-e ru\u0219ine s\u0103 m\u0103 duc la Cluj\u201d<\/p>\n<p class=\"\">Aflat\u0103 \u00een insolven\u021b\u0103, CFR Cluj are \u00een continuare interdic\u021bie la transferuri. Forma\u021bia din Gruia are 14 litigii pe rol la FIFA.<\/p>\n<p class=\"\">Chestionat cu privire la aceast\u0103 situa\u021bie, tehnicianul a replicat:<\/p>\n<p class=\"\">\u201eNu \u015ftiu nici lucrul \u0103sta. Mi se spune \u00een fiecare zi c\u0103 m\u00e2ine, c\u0103 m\u00e2ine, c\u0103 m\u00e2ine. Mi-e \u015fi ru\u015fine s\u0103 m\u0103 duc la Cluj \u015fi s\u0103-i v\u0103d pe juc\u0103torii care se antreneaz\u0103 \u00een fiecare zi \u015fi eu nu pot s\u0103 \u00eei \u00eenregimentez.<\/p>\n<p class=\"\">Plus c\u0103 sunt unii juc\u0103tori pe care \u00eei cunosc, mai sunt cu al\u021bii \u00een discu\u021bii, dar, practic, nu \u0219tiu ce se va \u00eent\u00e2mpla\u201d a ad\u0103ugat \u0218umudic\u0103.<\/p>\n<p>Marius \u0218umudic\u0103: \u201eE clar c\u0103 suntem nepreg\u0103ti\u0163i\u201d<\/p>\n<p class=\"\">C\u00e2t despre debutul cu dreptul \u00een grupele Cupei Rom\u00e2niei, \u0218umudic\u0103 a declarat:<\/p>\n<p class=\"\">\u201eUn meci greu. \u00cen momentul \u00een care \u00eent\u00e2lne\u015fti juc\u0103tori tineri, care sunt proaspe\u0163i, au o filozofie de joc \u0219i aici vreau s\u0103-l felicit pe Ovidiu Burc\u0103 pentru c\u0103 a implementat aceast\u0103 filozofie. \u015ei la Dinamo, \u015fi la Gala\u0163i, acum \u015fi la Sepsi.<\/p>\n<p class=\"\">Noi suntem stor\u0219i. Nu am vrut s\u0103 risc foarte mult. Nu \u0219tiam cu ce echip\u0103 va juca Sepsi \u0219i nu m-a interesat.<\/p>\n<p class=\"\">N-am vrut s\u0103 risc. Am avut \u015fi eu probleme, am schimbat la pauz\u0103, le-am dat c\u00e2te 45 de minute. E clar c\u0103 suntem nepreg\u0103ti\u0163i \u015fi n-avem de unde s\u0103 d\u0103m. At\u00e2t timp c\u00e2t n-ai benzin\u0103, e greu. \u00ce\u021bi apare c\u0103 mai ai c\u00e2\u021biva kilometri.<\/p>\n<p class=\"\">Pentru un antrenor conteaz\u0103 prezentul. A\u015fa, c\u0103 am c\u00e2\u015ftigat cu FCSB meciul 100, astea se uit\u0103. \u00cei felicit pe cei de la Sepsi, au juc\u0103tori, au pepinier\u0103, consider c\u0103 e o echip\u0103 frumoas\u0103 a acestui campionat\u201d, a concluzionat \u0218umudic\u0103.<\/p>\n<p>Cite\u0219te \u0219i<\/p>\n<p>VIDEO: cele mai noi imagini din sport<\/p>\n","protected":false},"excerpt":{"rendered":"&#13; SEPSI &#8211; CFR CLUJ 1-3. Antrenorul Marius \u0218umudic\u0103 (55 de ani) a avut o reac\u021bie acid\u0103 dup\u0103&hellip;\n","protected":false},"author":2,"featured_media":283873,"comment_status":"","ping_status":"","sticky":false,"template":"","format":"standard","meta":{"footnotes":"","_share_on_mastodon":"0"},"categories":[20],"tags":[186,3183,474,41,40,38,39,2510,185,184,666],"class_list":["post-283872","post","type-post","status-publish","format-standard","has-post-thumbnail","category-sport","tag-cfr-cluj","tag-cupa-romaniei","tag-marius-sumudica","tag-ro","tag-romana","tag-romania","tag-romanian","tag-sepsi","tag-sport","tag-sports","tag-victorie"],"share_on_mastodon":{"url":"https:\/\/pubeurope.com\/@ro\/117198214245802496","error":""},"_links":{"self":[{"href":"https:\/\/www.europesays.com\/ro\/wp-json\/wp\/v2\/posts\/283872","targetHints":{"allow":["GET"]}}],"collection":[{"href":"https:\/\/www.europesays.com\/ro\/wp-json\/wp\/v2\/posts"}],"about":[{"href":"https:\/\/www.europesays.com\/ro\/wp-json\/wp\/v2\/types\/post"}],"author":[{"embeddable":true,"href":"https:\/\/www.europesays.com\/ro\/wp-json\/wp\/v2\/users\/2"}],"replies":[{"embeddable":true,"href":"https:\/\/www.europesays.com\/ro\/wp-json\/wp\/v2\/comments?post=283872"}],"version-history":[{"count":0,"href":"https:\/\/www.europesays.com\/ro\/wp-json\/wp\/v2\/posts\/283872\/revisions"}],"wp:featuredmedia":[{"embeddable":true,"href":"https:\/\/www.europesays.com\/ro\/wp-json\/wp\/v2\/media\/283873"}],"wp:attachment":[{"href":"https:\/\/www.europesays.com\/ro\/wp-json\/wp\/v2\/media?parent=283872"}],"wp:term":[{"taxonomy":"category","embeddable":true,"href":"https:\/\/www.europesays.com\/ro\/wp-json\/wp\/v2\/categories?post=283872"},{"taxonomy":"post_tag","embeddable":true,"href":"https:\/\/www.europesays.com\/ro\/wp-json\/wp\/v2\/tags?post=283872"}],"curies":[{"name":"wp","href":"https:\/\/api.w.org\/{rel}","templated":true}]}}