{"id":283912,"date":"2026-09-01T23:29:12","date_gmt":"2026-09-01T23:29:12","guid":{"rendered":"https:\/\/www.europesays.com\/ro\/283912\/"},"modified":"2026-09-01T23:29:12","modified_gmt":"2026-09-01T23:29:12","slug":"iqoo-16-isi-schimba-radical-camera-din-spate-trei-senzori-legati-intr-un-modul-patrat","status":"publish","type":"post","link":"https:\/\/www.europesays.com\/ro\/283912\/","title":{"rendered":"iQOO 16 \u00ee\u0219i schimb\u0103 radical camera din spate: trei senzori lega\u021bi \u00eentr-un modul p\u0103trat"},"content":{"rendered":"<p>iQOO 16 ar putea schimba serios aspectul spatelui, dac\u0103 <a href=\"https:\/\/weibo.com\/6048569942\/Rg4kqgAOR\" rel=\"nofollow noopener noreferrer\" target=\"_blank\">noul leak atribuit lui Digital Chat Station<\/a> se confirm\u0103. O schi\u021b\u0103 publicat\u0103 de <a href=\"https:\/\/www.gsmarena.com\/iqoo_16s_unique_rear_camera_module_design_leaked-news-74431.php\" rel=\"nofollow noopener noreferrer\" target=\"_blank\">GSMArena<\/a> arat\u0103 un modul foto p\u0103trat, cu col\u021buri puternic rotunjite \u0219i trei camere legate vizual \u00eentr-un singur ansamblu.<\/p>\n<p>E o schimbare destul de vizibil\u0103 fa\u021b\u0103 de <a href=\"https:\/\/www.iqoo.com\/en\/products\/iQOO-15\" rel=\"nofollow noopener noreferrer\" target=\"_blank\">iQOO 15<\/a>, unde camerele stau \u00eentr-un modul \u201eplutitor\u201d mai conven\u021bional. Pentru iQOO 16, Digital Chat Station vorbe\u0219te \u0219i despre detalii aplicate pe rama insulei foto, texturi la interior \u0219i un proces nou de fabrica\u021bie pentru panoul spate. Descrierea tipsterului merge p\u00e2n\u0103 la compara\u021bia cu un OZN; eu m-a\u0219 opri la ideea c\u0103 telefonul \u00eencearc\u0103 m\u0103car s\u0103 nu arate ca \u00eenc\u0103 un flagship cu trei cercuri puse \u00eentr-un p\u0103trat.<\/p>\n<p style=\"text-align: center;\"><img decoding=\"async\" alt=\"iQOO 16 ar putea schimba serios aspectul spatelui\" src=\"https:\/\/www.europesays.com\/ro\/wp-content\/uploads\/2026\/09\/38828887-6de3-4b27-b5d5-21f74294a168.jpeg\" style=\"height:710px; width:592px\"\/><\/p>\n<p>Camera se schimb\u0103, restul r\u0103m\u00e2ne pe re\u021beta iQOO<\/p>\n<p>Designul nou nu vine singur. <a href=\"https:\/\/www.mobilissimo.ro\/stiri-telefoane\/trei-camere-de-50-mp-pe-iqoo-16-dar-senzorul-principal-este-upgrade-ul-care-conteaza\" rel=\"nofollow noopener\" target=\"_blank\">Un leak anterior despre camerele lui iQOO 16<\/a> indica trei senzori de 50 MP, cu un senzor principal mai mare, de 1\/1,3 inch \u0219i obiectiv f\/1.68. Periscopul ar r\u0103m\u00e2ne la un format de 1\/1,95 inch, deci upgrade-ul foto important pare concentrat mai degrab\u0103 pe camera principal\u0103.<\/p>\n<p>Restul cifrelor sunt exact genul de specifica\u021bii cu care iQOO \u00eencearc\u0103 de obicei s\u0103 atrag\u0103 publicul interesat de gaming \u0219i performan\u021b\u0103: ecran plat Samsung de aproximativ 6,85 inch, rezolu\u021bie \u201e2K\u201d, refresh la 165 Hz \u0219i o baterie care ar ajunge la aproximativ 8.500 mAh. Pentru compara\u021bie, actualul iQOO 15 are 7.000 mAh.<\/p>\n<p>Procesorul este asociat \u00een leak-uri cu viitoarea familie <a href=\"https:\/\/www.mobilissimo.ro\/stiri-despre\/Snapdragon+8+Elite+Gen+6\" rel=\"nofollow noopener\" target=\"_blank\">Snapdragon 8 Elite Gen 6<\/a>. Am scris deja c\u0103 <a href=\"https:\/\/www.mobilissimo.ro\/stiri-telefoane\/iqoo-pregateste-un-duo-de-gaming-pentru-septembrie-telefonul-iqoo-16-si-o-tableta-compacta-cu-snapdragon-gen-6\" rel=\"nofollow noopener\" target=\"_blank\">iQOO 16 ar putea debuta \u00een septembrie al\u0103turi de o tablet\u0103 compact\u0103 de gaming<\/a>, dar nici calendarul \u0219i nici specifica\u021biile finale nu au fost confirmate de companie. Qualcomm are Snapdragon Summit programat pentru 22-24 septembrie, deci piesele \u00eencep s\u0103 se a\u0219eze, f\u0103r\u0103 s\u0103 avem \u00eenc\u0103 imaginea oficial\u0103 complet\u0103.<\/p>\n<p>P\u00e2n\u0103 atunci, noul leak ne spune \u00een primul r\u00e2nd c\u0103 iQOO nu schimb\u0103 doar componentele interne. Dac\u0103 schi\u021ba reflect\u0103 produsul final, iQOO 16 va fi u\u0219or de diferen\u021biat de predecesor inclusiv c\u00e2nd st\u0103 cu ecranul \u00een jos \u2014 lucru care nu mai este chiar garantat \u00eentr-o genera\u021bie de flagship-uri tot mai apropiate ca aspect.<\/p>\n","protected":false},"excerpt":{"rendered":"iQOO 16 ar putea schimba serios aspectul spatelui, dac\u0103 noul leak atribuit lui Digital Chat Station se confirm\u0103.&hellip;\n","protected":false},"author":2,"featured_media":283913,"comment_status":"","ping_status":"","sticky":false,"template":"","format":"standard","meta":{"footnotes":"","_share_on_mastodon":"0"},"categories":[16],"tags":[68178,78184,37180,2441,73888,41,40,38,39,13337,141,124,71673,9048],"class_list":["post-283912","post","type-post","status-publish","format-standard","has-post-thumbnail","category-tehnologie","tag-baterie-8500-mah","tag-camere-50-mp","tag-iqoo","tag-iqoo-15","tag-iqoo-16","tag-ro","tag-romana","tag-romania","tag-romanian","tag-snapdragon-8-elite-gen-6","tag-technology","tag-tehnologie","tag-telefoane-gaming","tag-vivo"],"share_on_mastodon":{"url":"https:\/\/pubeurope.com\/@ro\/117198387397199583","error":""},"_links":{"self":[{"href":"https:\/\/www.europesays.com\/ro\/wp-json\/wp\/v2\/posts\/283912","targetHints":{"allow":["GET"]}}],"collection":[{"href":"https:\/\/www.europesays.com\/ro\/wp-json\/wp\/v2\/posts"}],"about":[{"href":"https:\/\/www.europesays.com\/ro\/wp-json\/wp\/v2\/types\/post"}],"author":[{"embeddable":true,"href":"https:\/\/www.europesays.com\/ro\/wp-json\/wp\/v2\/users\/2"}],"replies":[{"embeddable":true,"href":"https:\/\/www.europesays.com\/ro\/wp-json\/wp\/v2\/comments?post=283912"}],"version-history":[{"count":0,"href":"https:\/\/www.europesays.com\/ro\/wp-json\/wp\/v2\/posts\/283912\/revisions"}],"wp:featuredmedia":[{"embeddable":true,"href":"https:\/\/www.europesays.com\/ro\/wp-json\/wp\/v2\/media\/283913"}],"wp:attachment":[{"href":"https:\/\/www.europesays.com\/ro\/wp-json\/wp\/v2\/media?parent=283912"}],"wp:term":[{"taxonomy":"category","embeddable":true,"href":"https:\/\/www.europesays.com\/ro\/wp-json\/wp\/v2\/categories?post=283912"},{"taxonomy":"post_tag","embeddable":true,"href":"https:\/\/www.europesays.com\/ro\/wp-json\/wp\/v2\/tags?post=283912"}],"curies":[{"name":"wp","href":"https:\/\/api.w.org\/{rel}","templated":true}]}}