{"id":283944,"date":"2026-09-01T23:55:12","date_gmt":"2026-09-01T23:55:12","guid":{"rendered":"https:\/\/www.europesays.com\/ro\/283944\/"},"modified":"2026-09-01T23:55:12","modified_gmt":"2026-09-01T23:55:12","slug":"starul-lui-real-madrid-si-a-anuntat-retragerea-de-la-nationala-care-este-motivul-deciziei-surprinzatoare","status":"publish","type":"post","link":"https:\/\/www.europesays.com\/ro\/283944\/","title":{"rendered":"Starul lui Real Madrid \u0219i-a anun\u021bat retragerea de la na\u021bional\u0103 \u00bb Care este motivul deciziei surprinz\u0103toare"},"content":{"rendered":"<p>\n            Articol de <a rel=\"author nofollow noopener\" href=\"https:\/\/www.gsp.ro\/autor\/daniel-scorpie-62.html\" target=\"_blank\">Daniel Scorpie<\/a>            &#8211; Publicat marti, 01 septembrie 2026 18:45            \/ Actualizat marti, 01 septembrie 2026 19:34                    <\/p>\n<p><a target=\"_blank\" class=\"editor-link autolink-enabled\" href=\"https:\/\/www.gsp.ro\/rezultate-live\/jucatorul-playername-4569\" data-resource-id=\"4569\" data-resource-type=\"player\" data-sport=\"football\" rel=\"nofollow noopener\">Antonio Rudiger<\/a> renun\u021b\u0103 la 33 de ani la reprezentativa Germaniei. Funda\u0219ul central, care a jucat \u00een toate cele patru meciuri ale na\u021bionalei lui Julian Nagelsmann la CM 2026, \u0219i-a motivat alegerea prin faptul c\u0103 se va concentra pe evolu\u021biile sale la <a target=\"_blank\" class=\"editor-link autolink-enabled\" href=\"https:\/\/www.gsp.ro\/rezultate-live\/echipa-teamname-204\" data-resource-id=\"204\" data-resource-type=\"team\" data-sport=\"football\" rel=\"nofollow noopener\">Real Madrid<\/a>. Stoperul neam\u021b a semnat prelungirea contractului cu clubul blanco p\u00e2n\u0103 \u00een 2027.<\/p>\n<p class=\"do-not-hide\">Rudiger pune punct astfel unei cariere de 12 ani \u00een tricoul Mannschaft-ului, pentru care a debutat sub comanda lui Joachim Low, o repriz\u0103 \u00eentr-un amical cu Polonia (0-0). De-atunci, stoperul de 1,90m a adunat 86 de selec\u021bii \u0219i a marcat trei goluri, ultimul fiind \u00een octombrie 2023 la un test de preg\u0103tire (2-2) cu Mexic.<\/p>\n<p>Marca: \u201eRudiger \u00ee\u0219i stabile\u0219te priorit\u0103\u021bile \u0219i abordeaz\u0103 noua etap\u0103 pentru a continua s\u0103 fie important la Real Madrid\u201d<\/p>\n<p>Vestea a fost dat\u0103 de Marca: \u201eFunda\u0219ul central al lui Real Madrid consider\u0103 c\u0103 a ajuns la finalul unei etape care a marcat o bun\u0103 parte din cariera sa \u0219i a venit momentul pentru a se concentra total pe echipa de pe \u00abSantiago Bernabeu\u00bb.<\/p>\n<p>Ideea de a renun\u021ba la Mannschaft a \u00eenceput s\u0103-i vin\u0103 \u00een minte dup\u0103 ultimul Mondial. R\u00fcdiger a preferat s\u0103 nu se gr\u0103beasc\u0103, s\u0103 analizeze situa\u021bia cu calm \u0219i s\u0103 a\u0219tepte \u00eenainte de a lua o decizie definitiv\u0103.<\/p>\n<p>Dup\u0103 ani de zile \u00een care a \u00eembr\u0103cat tricoul Germaniei \u0219i a fost unul dintre liderii vestiarului, Antonio \u00ee\u0219i d\u0103 seama c\u0103 ciclul s-a \u00eencheiat \u0219i c\u0103 este momentul potrivit pentru desp\u0103r\u021bire\u201d. <\/p>\n<p>R\u00fcdiger are \u00een palmaresul de la echipa na\u021bional\u0103 c\u00e2\u0219tigarea Cupei Confedera\u021biilor din 2017.<\/p>\n<p><img decoding=\"async\" src=\"https:\/\/www.europesays.com\/ro\/wp-content\/uploads\/2026\/09\/a7cb4e7d-1e7f-47f7-a06e-d98312e77995.jpg\" loading=\"lazy\" title=\"Antonio Rudiger, funda\u0219ul de la Real Madrid \/\/ foto: Imago Images\" alt=\"Starul lui Real Madrid \u0219i-a anun\u021bat retragerea de la na\u021bional\u0103 \u00bb Care este motivul deciziei surprinz\u0103toare\" width=\"738\" height=\"502\"\/><\/p>\n<p>Antonio Rudiger, funda\u0219ul de la Real Madrid \/\/ foto: Imago Images<\/p>\n<p>\u201eAntonio R\u00fcdiger consider\u0103 c\u0103 Germania trebuie s\u0103 priveasc\u0103 spre viitor \u0219i s\u0103 construiasc\u0103 o echip\u0103 cu fotbali\u0219ti tineri. Noua genera\u021bie i-ar putea permite lui J\u00fcrgen Klopp s\u0103 dezvolte un nou proiect, cu noi lideri \u0219i lu\u00e2nd \u00een considerare acest lucru la urm\u0103toarele convoc\u0103ri.<\/p>\n<p>La 33 de ani, funda\u0219ul vrea s\u0103 acorde o aten\u021bie maxim\u0103 fizicului s\u0103u \u0219i s\u0103-\u0219i \u00eembun\u0103t\u0103\u021beasc\u0103 presta\u021biile, reduc\u00e2nd oboseala provocat\u0103 de plec\u0103rile la lot \u0219i r\u0103spunz\u00e2nd cerin\u021belor enorme impuse la club. Germanul \u00ee\u0219i stabile\u0219te priorit\u0103\u021bile \u0219i \u00eenfrunt\u0103 aceast\u0103 nou\u0103 etap\u0103 cu scopul de a continua s\u0103 fie un juc\u0103tor important la Real Madrid\u201d, explic\u0103 aceea\u0219i surs\u0103.<\/p>\n<p>R\u00fcdiger este \u00eenc\u00e2ntat de Jos\u00e9 Mourinho \u0219i de rolul pe care antrenorul portughez i l-a acordat din momentul revenirii pe \u201eBernabeu\u201d. Armonia dintre cei doi e total\u0103, iar ap\u0103r\u0103torul german este convins c\u0103 noul proiect al lui Real Madrid con\u021bine ingredientele necesare pentru a c\u00e2\u0219tiga multe trofee.<\/p>\n","protected":false},"excerpt":{"rendered":"Articol de Daniel Scorpie &#8211; Publicat marti, 01 septembrie 2026 18:45 \/ Actualizat marti, 01 septembrie 2026 19:34&hellip;\n","protected":false},"author":2,"featured_media":283945,"comment_status":"","ping_status":"","sticky":false,"template":"","format":"standard","meta":{"footnotes":"","_share_on_mastodon":"0"},"categories":[20],"tags":[17013,102,1172,1083,78200,41,40,38,39,185,184],"class_list":["post-283944","post","type-post","status-publish","format-standard","has-post-thumbnail","category-sport","tag-antonio-rudiger","tag-germania","tag-la-liga","tag-real-madrid","tag-retragere-de-la-nationala","tag-ro","tag-romana","tag-romania","tag-romanian","tag-sport","tag-sports"],"share_on_mastodon":{"url":"https:\/\/pubeurope.com\/@ro\/117198489404180062","error":""},"_links":{"self":[{"href":"https:\/\/www.europesays.com\/ro\/wp-json\/wp\/v2\/posts\/283944","targetHints":{"allow":["GET"]}}],"collection":[{"href":"https:\/\/www.europesays.com\/ro\/wp-json\/wp\/v2\/posts"}],"about":[{"href":"https:\/\/www.europesays.com\/ro\/wp-json\/wp\/v2\/types\/post"}],"author":[{"embeddable":true,"href":"https:\/\/www.europesays.com\/ro\/wp-json\/wp\/v2\/users\/2"}],"replies":[{"embeddable":true,"href":"https:\/\/www.europesays.com\/ro\/wp-json\/wp\/v2\/comments?post=283944"}],"version-history":[{"count":0,"href":"https:\/\/www.europesays.com\/ro\/wp-json\/wp\/v2\/posts\/283944\/revisions"}],"wp:featuredmedia":[{"embeddable":true,"href":"https:\/\/www.europesays.com\/ro\/wp-json\/wp\/v2\/media\/283945"}],"wp:attachment":[{"href":"https:\/\/www.europesays.com\/ro\/wp-json\/wp\/v2\/media?parent=283944"}],"wp:term":[{"taxonomy":"category","embeddable":true,"href":"https:\/\/www.europesays.com\/ro\/wp-json\/wp\/v2\/categories?post=283944"},{"taxonomy":"post_tag","embeddable":true,"href":"https:\/\/www.europesays.com\/ro\/wp-json\/wp\/v2\/tags?post=283944"}],"curies":[{"name":"wp","href":"https:\/\/api.w.org\/{rel}","templated":true}]}}