{"id":283968,"date":"2026-09-02T00:30:20","date_gmt":"2026-09-02T00:30:20","guid":{"rendered":"https:\/\/www.europesays.com\/ro\/283968\/"},"modified":"2026-09-02T00:30:20","modified_gmt":"2026-09-02T00:30:20","slug":"cum-s-a-terminat-semifinala-din-cupa-qatarului-duelul-razvan-lucescu","status":"publish","type":"post","link":"https:\/\/www.europesays.com\/ro\/283968\/","title":{"rendered":"Cum s-a terminat semifinala din Cupa Qatarului, duelul R\u0103zvan Lucescu"},"content":{"rendered":"<p>\n            Articol de <a rel=\"author nofollow noopener\" href=\"https:\/\/www.gsp.ro\/autor\/maria-olteanu-3927.html\" target=\"_blank\">Maria Olteanu<\/a>            &#8211; Publicat marti, 01 septembrie 2026 20:03            \/ Actualizat marti, 01 septembrie 2026 20:24                    <\/p>\n<p>Echipa antrenat\u0103 de R\u0103zvan Lucescu (57 de ani), <a class=\"autolink-enabled\" data-resource-id=\"1660\" data-resource-type=\"team\" data-sport=\"football\" href=\"https:\/\/www.gsp.ro\/rezultate-live\/echipa-teamname-1660\" rel=\"nofollow noopener\" target=\"_blank\">Al-Sadd<\/a>, s-a impus mar\u021bi cu scorul de 2-1 \u00een fa\u021ba celor de la Al-Gharafa, forma\u021bia lui <a class=\"autolink-enabled\" data-resource-id=\"14189\" data-resource-type=\"player\" data-sport=\"football\" href=\"https:\/\/www.gsp.ro\/rezultate-live\/jucatorul-playername-14189\" rel=\"nofollow noopener\" target=\"_blank\">Florinel Coman<\/a> (28), \u0219i s-a calificat \u00een finala Cupei <a class=\"autolink-enabled\" data-resource-id=\"1653\" data-resource-type=\"team\" data-sport=\"football\" href=\"https:\/\/www.gsp.ro\/rezultate-live\/echipa-teamname-1653\" rel=\"nofollow noopener\" target=\"_blank\">Qatar<\/a>ului. Astfel, tehnicianul rom\u00e2n se afl\u0103 la un singur pas de a c\u00e2\u0219tiga primul s\u0103u trofeu \u00een <a class=\"autolink-enabled\" data-resource-id=\"1653\" data-resource-type=\"team\" data-sport=\"football\" href=\"https:\/\/www.gsp.ro\/rezultate-live\/echipa-teamname-1653\" rel=\"nofollow noopener\" target=\"_blank\">Qatar<\/a>, dup\u0103 ce a preluat echipa, la finalul aventurii de la <a class=\"autolink-enabled\" data-resource-id=\"553\" data-resource-type=\"team\" data-sport=\"football\" href=\"https:\/\/www.gsp.ro\/rezultate-live\/echipa-teamname-553\" rel=\"nofollow noopener\" target=\"_blank\">PAOK<\/a>. <\/p>\n<p class=\"do-not-hide\">Confruntarea direct\u0103 dintre cei doi rom\u00e2ni s-a terminat bine pentru Lucescu, care a ob\u021binut calificarea. De partea cealalt\u0103, Coman a \u00eenceput meciul de mar\u021bi pe banca de rezerve \u0219i nu a reu\u0219it s\u0103 influen\u021beze rezultatul dup\u0103 ce a fost introdus pe teren \u00een partea secund\u0103 a confrunt\u0103rii. .<\/p>\n<p>Al-Sadd a revenit \u0219i a c\u00e2\u0219tigat duelul cu Al-Gharafa, R\u0103zvan Lucescu este \u00een final\u0103<\/p>\n<p>Meciul a \u00eenceput bine pentru oaspe\u021bi, care au deschis scorul \u00een minutul 14 prin Magri. Replica echipei lui R\u0103zvan Lucescu a venit rapid, iar Ali a restabilit egalitatea doar 11 minute mai t\u00e2rziu. Golul victoriei pentru Al-Sadd a fost marcat de Manai \u00een minutul 43, stabilind scorul final \u00eenc\u0103 din prima repriz\u0103.<\/p>\n<p>Florinel Coman a fost \u0219i el trimis pe teren \u00een minutul 58, \u00eentr-un moment \u00een care Al-Gharafa c\u0103uta cu insisten\u021b\u0103 golul egalizator. Cu toate acestea, eforturile echipei sale au fost \u00een zadar, iar Al-Sadd a ob\u021binut victoria \u0219i calificarea \u00een ultimul act al Cupei.<\/p>\n<p>Pentru Coman, acest meci a marcat revenirea la statutul de rezerv\u0103, dup\u0103 ce fusese titular \u00een primele dou\u0103 partide ale sezonului. Situa\u021bia este similar\u0103 cu cea de la finalul stagiunii precedente.<\/p>\n<p>Parcurs perfect pentru R\u0103zvan Lucescu \u00een Qatar<\/p>\n<p>De cealalt\u0103 parte, R\u0103zvan Lucescu se bucur\u0103 de un start excelent \u00een mandatul s\u0103u la Al-Sadd, echip\u0103 pe care a preluat-o \u00een var\u0103. \u00cen campionat, echipa sa a \u00eenregistrat dou\u0103 victorii categorice: 3-1 cu Al-Ahli Doha \u0219i 6-2 cu Qatar SC, rezultate care o plaseaz\u0103 pe primul loc \u00een clasament.<\/p>\n<p>Dup\u0103 calificarea \u00een finala Cupei Qatarului, Lucescu \u00ee\u0219i a\u0219teapt\u0103 adversara, care se va decide \u00een urma celeilalte semifinale, dintre Shamal \u0219i Al-Rayyan.<\/p>\n","protected":false},"excerpt":{"rendered":"Articol de Maria Olteanu &#8211; Publicat marti, 01 septembrie 2026 20:03 \/ Actualizat marti, 01 septembrie 2026 20:24&hellip;\n","protected":false},"author":2,"featured_media":283969,"comment_status":"","ping_status":"","sticky":false,"template":"","format":"standard","meta":{"footnotes":"","_share_on_mastodon":"0"},"categories":[20],"tags":[669,45913,672,76,2466,41,40,38,39,185,184],"class_list":["post-283968","post","type-post","status-publish","format-standard","has-post-thumbnail","category-sport","tag-al-gharafa","tag-al-sadd","tag-florinel-coman","tag-qatar","tag-razvan-lucescu","tag-ro","tag-romana","tag-romania","tag-romanian","tag-sport","tag-sports"],"share_on_mastodon":{"url":"https:\/\/pubeurope.com\/@ro\/117198626862859490","error":""},"_links":{"self":[{"href":"https:\/\/www.europesays.com\/ro\/wp-json\/wp\/v2\/posts\/283968","targetHints":{"allow":["GET"]}}],"collection":[{"href":"https:\/\/www.europesays.com\/ro\/wp-json\/wp\/v2\/posts"}],"about":[{"href":"https:\/\/www.europesays.com\/ro\/wp-json\/wp\/v2\/types\/post"}],"author":[{"embeddable":true,"href":"https:\/\/www.europesays.com\/ro\/wp-json\/wp\/v2\/users\/2"}],"replies":[{"embeddable":true,"href":"https:\/\/www.europesays.com\/ro\/wp-json\/wp\/v2\/comments?post=283968"}],"version-history":[{"count":0,"href":"https:\/\/www.europesays.com\/ro\/wp-json\/wp\/v2\/posts\/283968\/revisions"}],"wp:featuredmedia":[{"embeddable":true,"href":"https:\/\/www.europesays.com\/ro\/wp-json\/wp\/v2\/media\/283969"}],"wp:attachment":[{"href":"https:\/\/www.europesays.com\/ro\/wp-json\/wp\/v2\/media?parent=283968"}],"wp:term":[{"taxonomy":"category","embeddable":true,"href":"https:\/\/www.europesays.com\/ro\/wp-json\/wp\/v2\/categories?post=283968"},{"taxonomy":"post_tag","embeddable":true,"href":"https:\/\/www.europesays.com\/ro\/wp-json\/wp\/v2\/tags?post=283968"}],"curies":[{"name":"wp","href":"https:\/\/api.w.org\/{rel}","templated":true}]}}