{"id":284004,"date":"2026-09-02T01:26:17","date_gmt":"2026-09-02T01:26:17","guid":{"rendered":"https:\/\/www.europesays.com\/ro\/284004\/"},"modified":"2026-09-02T01:26:17","modified_gmt":"2026-09-02T01:26:17","slug":"incep-meciurile-din-faza-grupelor-cupei-romaniei-programul-partidelor-din-prima-etapa-si-televizari","status":"publish","type":"post","link":"https:\/\/www.europesays.com\/ro\/284004\/","title":{"rendered":"\u00cencep meciurile din faza grupelor Cupei Rom\u00e2niei. Programul partidelor din prima etap\u0103 \u0219i televiz\u0103ri"},"content":{"rendered":"<p>Marti, 01 Septembrie 2026, ora 07:55<\/p>\n<p>1282 citiri<\/p>\n<p><a class=\"news__image\" data-href=\"https:\/\/s2.ziareromania.ro\/?mmid=d62ac56a63a586e5e0\" data-size=\"860x573\" title=\"\u00cencep meciurile din faza grupelor Cupei Rom\u00e2niei. Programul partidelor din prima etap\u0103 \u0219i televiz\u0103ri\"><img decoding=\"async\" src=\"https:\/\/www.europesays.com\/ro\/wp-content\/uploads\/2026\/09\/--ncep-meciurile-din-faza-grupelor-Cupei-Rom--niei--Programul-partidelor-din-prima-etap-----i-televi.jpeg\" alt=\"\u00cencep meciurile din faza grupelor Cupei Rom\u00e2niei. Programul partidelor din prima etap\u0103 \u0219i televiz\u0103ri\" title=\"\u00cencep meciurile din faza grupelor Cupei Rom\u00e2niei. Programul partidelor din prima etap\u0103 \u0219i televiz\u0103ri\" class=\"img-responsive\"\/><\/a><\/p>\n<p>Cupa Rom\u00e2niei, faza grupelor FOTO FRF.ro<\/p>\n<p>12 <a href=\"https:\/\/ziare.com\/fotbal\/meciuri\/\" title=\"meciuri\" rel=\"nofollow noopener\" target=\"_blank\">meciuri<\/a> sunt programate mar\u021bi, miercuri \u0219i joi, \u00een prima etap\u0103 a grupelor Cupei Rom\u00e2niei Betano 2026\/2027. Acestea vor putea fi urm\u0103rite fie la TV (Digi Sport \u0219i Prima Sport), fie online, pe <a href=\"https:\/\/ziare.com\/frf\/\" title=\"FRF\" rel=\"nofollow noopener\" target=\"_blank\">FRF<\/a> TV.<\/p>\n<p>Programul meciurilor din runda cu num\u0103rul 1:<\/p>\n<p>Grupa A<\/p>\n<p>Miercuri, 2 septembrie, ora 16:00: Minerul Lupeni &#8211; UTA Arad (FRF TV)<\/p>\n<p>Miercuri, 2 septembrie, ora 16:45: <a href=\"https:\/\/ziare.com\/fc\/\" title=\"FC\" rel=\"nofollow noopener\" target=\"_blank\">FC<\/a> Boto\u0219ani &#8211; FC Corvinul (Prima Sport, Digi Sport)<\/p>\n<p>Joi, 3 septembrie, ora 20:30: Politehnica Timi\u0219oara &#8211; FC <a href=\"https:\/\/ziare.com\/rapid\/\" title=\"Rapid\" rel=\"nofollow noopener\" target=\"_blank\">Rapid<\/a> 1923 (Prima Sport, Digi Sport)<\/p>\n<p>Grupa B<\/p>\n<p>Mar\u021bi, 1 septembrie, ora 16:00: Progresul Spartac &#8211; Concordia Chiajna (FRF TV)<\/p>\n<p>Mar\u021bi, 1 septembrie, ora 18:00: Sepsi OSK &#8211; <a href=\"https:\/\/ziare.com\/cfr-cluj\/\" title=\"CFR Cluj\" rel=\"nofollow noopener\" target=\"_blank\">CFR Cluj<\/a> (Prima Sport, Digi Sport)<\/p>\n<p>Mar\u021bi, 1 septembrie, ora 21:00: Universitatea Cluj &#8211; ACS Petrolul 52 (Prima Sport, Digi Sport)<\/p>\n<p>Grupa C<\/p>\n<p>Mar\u021bi, 1 septembrie, ora 18:00: Corona Bra\u0219ov &#8211; FC Bihor Oradea (FRF TV)<\/p>\n<p>Miercuri, 2 septembrie, ora 18:00: CS Gloria Bistri\u021ba &#8211; AFK Csikszereda (FRF TV)<\/p>\n<p>Miercuri, 2 septembrie, ora 21:30: Campionii FC Arge\u0219 &#8211; <a href=\"https:\/\/ziare.com\/fcsb\/\" title=\"FCSB\" rel=\"nofollow noopener\" target=\"_blank\">FCSB<\/a> (Prima Sport, Digi Sport)<\/p>\n<p>Grupa D<\/p>\n<p>Mar\u021bi, 1 septembrie, ora 20:00: Chindia T\u00e2rgovi\u0219te &#8211; FC Voluntari (FRF TV)<\/p>\n<p>Miercuri, 2 septembrie, ora 19:00: Sporting Lie\u0219ti &#8211; <a href=\"https:\/\/ziare.com\/dinamo\/\" title=\"Dinamo\" rel=\"nofollow noopener\" target=\"_blank\">Dinamo<\/a> (Prima Sport, Digi Sport)<\/p>\n<p>Joi, 3 septembrie, ora 17:30: FC Bac\u0103u &#8211; <a href=\"https:\/\/ziare.com\/universitatea-craiova\/\" title=\"Universitatea Craiova\" rel=\"nofollow noopener\" target=\"_blank\">Universitatea Craiova<\/a> (Prima Sport, Digi Sport)<\/p>\n<p>Inaugurat \u00een 2022, actualul format al Cupei Rom\u00e2niei Betano propune o faz\u0103 a grupelor la care particip\u0103 24 de echipe: 8 echipe din prima lig\u0103, cel mai bine clasate \u00een campionatul precedent, plus 16 c\u00e2\u0219tig\u0103toare \u00een runda play-off-ului.<\/p>\n<p>Calendarul Cupei Rom\u00e2niei Betano, edi\u021bia 2026\/2027<\/p>\n<p>Faza grupelor, <a href=\"https:\/\/ziare.com\/fotbal\/etapa\/\" title=\"etapa\" rel=\"nofollow noopener\" target=\"_blank\">etapa<\/a> 2: 28 octombrie 2026<\/p>\n<p>Faza grupelor, etapa 3: 2 decembrie 2026<\/p>\n<p>Sferturi de final\u0103: 3 martie 2027<\/p>\n<p>Semifinale: 21 aprilie 2027<\/p>\n<p>Finala: 12 mai 2027.<\/p>\n<p>\u021ai-a pl\u0103cut articolul?<\/p>\n<p> Vrem s\u0103 producem mai multe, \u00eens\u0103 avem nevoie de sus\u021binerea ta. Orice dona\u021bie conteaz\u0103 pentru jurnalismul independent <\/p>\n","protected":false},"excerpt":{"rendered":"Marti, 01 Septembrie 2026, ora 07:55 1282 citiri Cupa Rom\u00e2niei, faza grupelor FOTO FRF.ro 12 meciuri sunt programate&hellip;\n","protected":false},"author":2,"featured_media":284005,"comment_status":"","ping_status":"","sticky":false,"template":"","format":"standard","meta":{"footnotes":"","_share_on_mastodon":"0"},"categories":[20],"tags":[186,12220,3183,67,269,6650,189,41,40,38,39,2510,185,184,2113,615],"class_list":["post-284004","post","type-post","status-publish","format-standard","has-post-thumbnail","category-sport","tag-cfr-cluj","tag-cine-transmite-meciul","tag-cupa-romaniei","tag-fc-arges","tag-fcsb","tag-poli-timisoara","tag-rapid","tag-ro","tag-romana","tag-romania","tag-romanian","tag-sepsi","tag-sport","tag-sports","tag-televizare","tag-universitatea-craiova"],"share_on_mastodon":{"url":"https:\/\/pubeurope.com\/@ro\/117198847172533779","error":""},"_links":{"self":[{"href":"https:\/\/www.europesays.com\/ro\/wp-json\/wp\/v2\/posts\/284004","targetHints":{"allow":["GET"]}}],"collection":[{"href":"https:\/\/www.europesays.com\/ro\/wp-json\/wp\/v2\/posts"}],"about":[{"href":"https:\/\/www.europesays.com\/ro\/wp-json\/wp\/v2\/types\/post"}],"author":[{"embeddable":true,"href":"https:\/\/www.europesays.com\/ro\/wp-json\/wp\/v2\/users\/2"}],"replies":[{"embeddable":true,"href":"https:\/\/www.europesays.com\/ro\/wp-json\/wp\/v2\/comments?post=284004"}],"version-history":[{"count":0,"href":"https:\/\/www.europesays.com\/ro\/wp-json\/wp\/v2\/posts\/284004\/revisions"}],"wp:featuredmedia":[{"embeddable":true,"href":"https:\/\/www.europesays.com\/ro\/wp-json\/wp\/v2\/media\/284005"}],"wp:attachment":[{"href":"https:\/\/www.europesays.com\/ro\/wp-json\/wp\/v2\/media?parent=284004"}],"wp:term":[{"taxonomy":"category","embeddable":true,"href":"https:\/\/www.europesays.com\/ro\/wp-json\/wp\/v2\/categories?post=284004"},{"taxonomy":"post_tag","embeddable":true,"href":"https:\/\/www.europesays.com\/ro\/wp-json\/wp\/v2\/tags?post=284004"}],"curies":[{"name":"wp","href":"https:\/\/api.w.org\/{rel}","templated":true}]}}